{"id":36238,"date":"2019-02-01T09:42:23","date_gmt":"2019-02-01T06:42:23","guid":{"rendered":"http:\/\/arantv.az\/?p=36238"},"modified":"2019-02-01T09:42:23","modified_gmt":"2019-02-01T06:42:23","slug":"m%c9%99kt%c9%99bl%c9%99rd%c9%99-t%c9%99til-bitdi","status":"publish","type":"post","link":"https:\/\/arantv.az\/?p=36238","title":{"rendered":"M\u0259kt\u0259bl\u0259rd\u0259 t\u0259til bitdi"},"content":{"rendered":"<div class=\"spot\">Bu g\u00fcn m\u0259kt\u0259blil\u0259rin q\u0131\u015f t\u0259tili ba\u015fa \u00e7at\u0131b.<\/div>\n<p><strong>ARANTV.AZ\u00a0<\/strong> x\u0259b\u0259r verir ki, 2018-2019-cu d\u0259rs ilinin 5 g\u00fcnl\u00fck q\u0131\u015f t\u0259tili yanvar\u0131n 27-d\u0259 ba\u015flam\u0131\u015fd\u0131.<\/p>\n<p>Bu g\u00fcnd\u0259n y\u0259ni Fevral\u0131n 1-d\u0259n is\u0259\u00a0 m\u0259kt\u0259bl\u0259rd\u0259 d\u0259rsl\u0259r\u0259 start verilib.<\/p>\n<p>Xat\u0131rladaq ki, d\u0259rsl\u0259r sentyabr\u0131n 15-d\u0259 ba\u015flay\u0131b v\u0259 iyunun 14-d\u0259 ba\u015fa \u00e7atacaq. D\u0259rs ili iki yar\u0131mil\u0259 b\u00f6l\u00fcn\u00fcr. Birinci yar\u0131mil 15 sentyabr &#8211; 26 yanvar, ikinci yar\u0131mil is\u0259 1 fevral &#8211; 14 iyun tarixl\u0259rini \u0259hat\u0259 edir.<\/p>\n<div id=\"AdributorNativeVideo0\" class=\"AdributorNativeVideo\"><\/div>\n<p><em>\u00d6lk\u0259.Az<\/em><\/p>\n","protected":false},"excerpt":{"rendered":"<p>Bu g\u00fcn m\u0259kt\u0259blil\u0259rin q\u0131\u015f t\u0259tili ba\u015fa \u00e7at\u0131b. ARANTV.AZ\u00a0 x\u0259b\u0259r verir ki, 2018-2019-cu d\u0259rs ilinin 5 g\u00fcnl\u00fck q\u0131\u015f t\u0259tili yanvar\u0131n 27-d\u0259 ba\u015flam\u0131\u015fd\u0131. Bu g\u00fcnd\u0259n y\u0259ni Fevral\u0131n 1-d\u0259n is\u0259\u00a0 m\u0259kt\u0259bl\u0259rd\u0259 d\u0259rsl\u0259r\u0259 start verilib. Xat\u0131rladaq ki, d\u0259rsl\u0259r sentyabr\u0131n 15-d\u0259 ba\u015flay\u0131b v\u0259 iyunun 14-d\u0259 ba\u015fa \u00e7atacaq. D\u0259rs ili iki yar\u0131mil\u0259 b\u00f6l\u00fcn\u00fcr. Birinci yar\u0131mil 15 sentyabr &#8211; 26 yanvar, ikinci yar\u0131mil is\u0259 1 fevral &#8211; 14 iyun tarixl\u0259rini \u0259hat\u0259 edir. \u00d6lk\u0259.Az<\/p>\n","protected":false},"author":2,"featured_media":36239,"comment_status":"closed","ping_status":"closed","sticky":false,"template":"","format":"standard","meta":{"om_disable_all_campaigns":false,"_monsterinsights_skip_tracking":false,"_monsterinsights_sitenote_active":false,"_monsterinsights_sitenote_note":"","_monsterinsights_sitenote_category":0},"categories":[1],"tags":[],"aioseo_notices":[],"gutentor_comment":0,"rttpg_featured_image_url":{"full":["https:\/\/arantv.az\/wp-content\/uploads\/2019\/02\/tetilqis.jpg",620,375,false],"landscape":["https:\/\/arantv.az\/wp-content\/uploads\/2019\/02\/tetilqis.jpg",620,375,false],"portraits":["https:\/\/arantv.az\/wp-content\/uploads\/2019\/02\/tetilqis.jpg",620,375,false],"thumbnail":["https:\/\/arantv.az\/wp-content\/uploads\/2019\/02\/tetilqis-150x150.jpg",150,150,true],"medium":["https:\/\/arantv.az\/wp-content\/uploads\/2019\/02\/tetilqis-300x181.jpg",300,181,true],"large":["https:\/\/arantv.az\/wp-content\/uploads\/2019\/02\/tetilqis.jpg",620,375,false],"1536x1536":["https:\/\/arantv.az\/wp-content\/uploads\/2019\/02\/tetilqis.jpg",620,375,false],"2048x2048":["https:\/\/arantv.az\/wp-content\/uploads\/2019\/02\/tetilqis.jpg",620,375,false],"post-thumbnail":["https:\/\/arantv.az\/wp-content\/uploads\/2019\/02\/tetilqis-240x172.jpg",240,172,true],"advps-thumb-one":["https:\/\/arantv.az\/wp-content\/uploads\/2019\/02\/tetilqis.jpg",620,375,false]},"rttpg_author":{"display_name":"V\u00fcsal Rafiqo\u011flu","author_link":"https:\/\/arantv.az\/?author=2"},"rttpg_comment":0,"rttpg_category":"<a href=\"https:\/\/arantv.az\/?cat=1\" rel=\"category\">C\u0259miyy\u0259t<\/a>","rttpg_excerpt":"Bu g\u00fcn m\u0259kt\u0259blil\u0259rin q\u0131\u015f t\u0259tili ba\u015fa \u00e7at\u0131b. ARANTV.AZ\u00a0 x\u0259b\u0259r verir ki, 2018-2019-cu d\u0259rs ilinin 5 g\u00fcnl\u00fck q\u0131\u015f t\u0259tili yanvar\u0131n 27-d\u0259 ba\u015flam\u0131\u015fd\u0131. Bu g\u00fcnd\u0259n y\u0259ni Fevral\u0131n 1-d\u0259n is\u0259\u00a0 m\u0259kt\u0259bl\u0259rd\u0259 d\u0259rsl\u0259r\u0259 start verilib. Xat\u0131rladaq ki, d\u0259rsl\u0259r sentyabr\u0131n 15-d\u0259 ba\u015flay\u0131b v\u0259 iyunun 14-d\u0259 ba\u015fa \u00e7atacaq. D\u0259rs ili iki yar\u0131mil\u0259 b\u00f6l\u00fcn\u00fcr. Birinci yar\u0131mil 15 sentyabr &#8211; 26 yanvar, ikinci&hellip;","_links":{"self":[{"href":"https:\/\/arantv.az\/index.php?rest_route=\/wp\/v2\/posts\/36238"}],"collection":[{"href":"https:\/\/arantv.az\/index.php?rest_route=\/wp\/v2\/posts"}],"about":[{"href":"https:\/\/arantv.az\/index.php?rest_route=\/wp\/v2\/types\/post"}],"author":[{"embeddable":true,"href":"https:\/\/arantv.az\/index.php?rest_route=\/wp\/v2\/users\/2"}],"replies":[{"embeddable":true,"href":"https:\/\/arantv.az\/index.php?rest_route=%2Fwp%2Fv2%2Fcomments&post=36238"}],"version-history":[{"count":0,"href":"https:\/\/arantv.az\/index.php?rest_route=\/wp\/v2\/posts\/36238\/revisions"}],"wp:featuredmedia":[{"embeddable":true,"href":"https:\/\/arantv.az\/index.php?rest_route=\/wp\/v2\/media\/36239"}],"wp:attachment":[{"href":"https:\/\/arantv.az\/index.php?rest_route=%2Fwp%2Fv2%2Fmedia&parent=36238"}],"wp:term":[{"taxonomy":"category","embeddable":true,"href":"https:\/\/arantv.az\/index.php?rest_route=%2Fwp%2Fv2%2Fcategories&post=36238"},{"taxonomy":"post_tag","embeddable":true,"href":"https:\/\/arantv.az\/index.php?rest_route=%2Fwp%2Fv2%2Ftags&post=36238"}],"curies":[{"name":"wp","href":"https:\/\/api.w.org\/{rel}","templated":true}]}}