{"id":36250,"date":"2019-02-01T09:49:13","date_gmt":"2019-02-01T06:49:13","guid":{"rendered":"http:\/\/arantv.az\/?p=36250"},"modified":"2019-02-01T09:49:13","modified_gmt":"2019-02-01T06:49:13","slug":"deputatlar-bu-gun-ilk-plenar-iclasa-toplasir-38-m%c9%99s%c9%99l%c9%99-gund%c9%99md%c9%99-2","status":"publish","type":"post","link":"https:\/\/arantv.az\/?p=36250","title":{"rendered":"Deputatlar bu g\u00fcn ilk plenar iclasa topla\u015f\u0131r &#8211; 38 m\u0259s\u0259l\u0259 g\u00fcnd\u0259md\u0259"},"content":{"rendered":"<p><strong>Bu g\u00fcn Milli M\u0259clisin yaz sessiyas\u0131n\u0131n ilk plenar iclas\u0131 ke\u00e7iril\u0259c\u0259k.<\/strong><\/p>\n<p><strong>ARANTV.AZ<\/strong> trend-\u0259 istinad\u0259n bildirir ki,\u00a0iclasda Milli M\u0259clisin \u0130ntizam v\u0259 Hesablay\u0131c\u0131 komissiyalar\u0131 yenid\u0259n t\u0259\u015fkil edil\u0259c\u0259k, 2019-cu il yaz sessiyas\u0131n\u0131n qanunvericilik i\u015fl\u0259ri plan\u0131 t\u0259sdiq edil\u0259c\u0259k, parlamentin iki komit\u0259sin\u0259 s\u0259dr m\u00fcavinl\u0259ri se\u00e7il\u0259c\u0259k.<\/p>\n<p>Bundan \u0259lav\u0259 iclasda \u018fm\u0259k M\u0259c\u0259ll\u0259sin\u0259, C\u0259zalar\u0131n \u0130cras\u0131 M\u0259c\u0259ll\u0259sin\u0259, \u015e\u0259h\u0259rsalma v\u0259 Tikinti M\u0259c\u0259ll\u0259sin\u0259, &#8220;Sosial s\u0131\u011forta haqq\u0131nda&#8221;, &#8220;\u00dcnvanl\u0131 d\u00f6vl\u0259t sosial yard\u0131m\u0131 haqq\u0131nda&#8221;, &#8220;Sosial m\u00fcavin\u0259tl\u0259r haqq\u0131nda&#8221; v\u0259 &#8220;\u018fm\u0259k pensiyalar\u0131 haqq\u0131nda&#8221;, &#8220;\u018fmt\u0259\u0259 ni\u015fanlar\u0131 v\u0259 co\u011frafi g\u00f6st\u0259ricil\u0259r haqq\u0131nda&#8221;, &#8220;Patent haqq\u0131nda&#8221; v\u0259 dig\u0259r qanunlara \u0259lav\u0259 v\u0259 d\u0259yi\u015fiklikl\u0259r edil\u0259c\u0259k.<\/p>\n<p>\u00dcmumilikd\u0259 iclas\u0131n g\u00fcnd\u0259liyin\u0259 38 m\u0259s\u0259l\u0259 daxildir.<\/p>\n","protected":false},"excerpt":{"rendered":"<p>Bu g\u00fcn Milli M\u0259clisin yaz sessiyas\u0131n\u0131n ilk plenar iclas\u0131 ke\u00e7iril\u0259c\u0259k. ARANTV.AZ trend-\u0259 istinad\u0259n bildirir ki,\u00a0iclasda Milli M\u0259clisin \u0130ntizam v\u0259 Hesablay\u0131c\u0131 komissiyalar\u0131 yenid\u0259n t\u0259\u015fkil edil\u0259c\u0259k, 2019-cu il yaz sessiyas\u0131n\u0131n qanunvericilik i\u015fl\u0259ri plan\u0131 t\u0259sdiq edil\u0259c\u0259k, parlamentin iki komit\u0259sin\u0259 s\u0259dr m\u00fcavinl\u0259ri se\u00e7il\u0259c\u0259k. Bundan \u0259lav\u0259 iclasda \u018fm\u0259k M\u0259c\u0259ll\u0259sin\u0259, C\u0259zalar\u0131n \u0130cras\u0131 M\u0259c\u0259ll\u0259sin\u0259, \u015e\u0259h\u0259rsalma v\u0259 Tikinti M\u0259c\u0259ll\u0259sin\u0259, &#8220;Sosial s\u0131\u011forta haqq\u0131nda&#8221;, &#8220;\u00dcnvanl\u0131 d\u00f6vl\u0259t sosial yard\u0131m\u0131 haqq\u0131nda&#8221;, &#8220;Sosial m\u00fcavin\u0259tl\u0259r haqq\u0131nda&#8221; v\u0259 &#8220;\u018fm\u0259k pensiyalar\u0131 haqq\u0131nda&#8221;, &#8220;\u018fmt\u0259\u0259 ni\u015fanlar\u0131 v\u0259 co\u011frafi g\u00f6st\u0259ricil\u0259r haqq\u0131nda&#8221;, &#8220;Patent haqq\u0131nda&#8221; v\u0259 dig\u0259r qanunlara \u0259lav\u0259 v\u0259 d\u0259yi\u015fiklikl\u0259r edil\u0259c\u0259k. \u00dcmumilikd\u0259 iclas\u0131n g\u00fcnd\u0259liyin\u0259 38 m\u0259s\u0259l\u0259 daxildir.<\/p>\n","protected":false},"author":2,"featured_media":36251,"comment_status":"closed","ping_status":"closed","sticky":false,"template":"","format":"standard","meta":{"om_disable_all_campaigns":false,"_monsterinsights_skip_tracking":false,"_monsterinsights_sitenote_active":false,"_monsterinsights_sitenote_note":"","_monsterinsights_sitenote_category":0},"categories":[4],"tags":[],"aioseo_notices":[],"gutentor_comment":0,"rttpg_featured_image_url":{"full":["https:\/\/arantv.az\/wp-content\/uploads\/2019\/02\/726554-1.jpg",800,600,false],"landscape":["https:\/\/arantv.az\/wp-content\/uploads\/2019\/02\/726554-1.jpg",800,600,false],"portraits":["https:\/\/arantv.az\/wp-content\/uploads\/2019\/02\/726554-1.jpg",800,600,false],"thumbnail":["https:\/\/arantv.az\/wp-content\/uploads\/2019\/02\/726554-1-150x150.jpg",150,150,true],"medium":["https:\/\/arantv.az\/wp-content\/uploads\/2019\/02\/726554-1-300x225.jpg",300,225,true],"large":["https:\/\/arantv.az\/wp-content\/uploads\/2019\/02\/726554-1.jpg",640,480,false],"1536x1536":["https:\/\/arantv.az\/wp-content\/uploads\/2019\/02\/726554-1.jpg",800,600,false],"2048x2048":["https:\/\/arantv.az\/wp-content\/uploads\/2019\/02\/726554-1.jpg",800,600,false],"post-thumbnail":["https:\/\/arantv.az\/wp-content\/uploads\/2019\/02\/726554-1-240x172.jpg",240,172,true],"advps-thumb-one":["https:\/\/arantv.az\/wp-content\/uploads\/2019\/02\/726554-1.jpg",800,600,false]},"rttpg_author":{"display_name":"V\u00fcsal Rafiqo\u011flu","author_link":"https:\/\/arantv.az\/?author=2"},"rttpg_comment":0,"rttpg_category":"<a href=\"https:\/\/arantv.az\/?cat=4\" rel=\"category\">Siyas\u0259t<\/a>","rttpg_excerpt":"Bu g\u00fcn Milli M\u0259clisin yaz sessiyas\u0131n\u0131n ilk plenar iclas\u0131 ke\u00e7iril\u0259c\u0259k. ARANTV.AZ trend-\u0259 istinad\u0259n bildirir ki,\u00a0iclasda Milli M\u0259clisin \u0130ntizam v\u0259 Hesablay\u0131c\u0131 komissiyalar\u0131 yenid\u0259n t\u0259\u015fkil edil\u0259c\u0259k, 2019-cu il yaz sessiyas\u0131n\u0131n qanunvericilik i\u015fl\u0259ri plan\u0131 t\u0259sdiq edil\u0259c\u0259k, parlamentin iki komit\u0259sin\u0259 s\u0259dr m\u00fcavinl\u0259ri se\u00e7il\u0259c\u0259k. Bundan \u0259lav\u0259 iclasda \u018fm\u0259k M\u0259c\u0259ll\u0259sin\u0259, C\u0259zalar\u0131n \u0130cras\u0131 M\u0259c\u0259ll\u0259sin\u0259, \u015e\u0259h\u0259rsalma v\u0259 Tikinti M\u0259c\u0259ll\u0259sin\u0259, &#8220;Sosial s\u0131\u011forta haqq\u0131nda&#8221;, &#8220;\u00dcnvanl\u0131&hellip;","_links":{"self":[{"href":"https:\/\/arantv.az\/index.php?rest_route=\/wp\/v2\/posts\/36250"}],"collection":[{"href":"https:\/\/arantv.az\/index.php?rest_route=\/wp\/v2\/posts"}],"about":[{"href":"https:\/\/arantv.az\/index.php?rest_route=\/wp\/v2\/types\/post"}],"author":[{"embeddable":true,"href":"https:\/\/arantv.az\/index.php?rest_route=\/wp\/v2\/users\/2"}],"replies":[{"embeddable":true,"href":"https:\/\/arantv.az\/index.php?rest_route=%2Fwp%2Fv2%2Fcomments&post=36250"}],"version-history":[{"count":0,"href":"https:\/\/arantv.az\/index.php?rest_route=\/wp\/v2\/posts\/36250\/revisions"}],"wp:featuredmedia":[{"embeddable":true,"href":"https:\/\/arantv.az\/index.php?rest_route=\/wp\/v2\/media\/36251"}],"wp:attachment":[{"href":"https:\/\/arantv.az\/index.php?rest_route=%2Fwp%2Fv2%2Fmedia&parent=36250"}],"wp:term":[{"taxonomy":"category","embeddable":true,"href":"https:\/\/arantv.az\/index.php?rest_route=%2Fwp%2Fv2%2Fcategories&post=36250"},{"taxonomy":"post_tag","embeddable":true,"href":"https:\/\/arantv.az\/index.php?rest_route=%2Fwp%2Fv2%2Ftags&post=36250"}],"curies":[{"name":"wp","href":"https:\/\/api.w.org\/{rel}","templated":true}]}}