{"id":364298,"date":"2021-08-07T09:49:00","date_gmt":"2021-08-07T06:49:00","guid":{"rendered":"http:\/\/arantv.az\/?p=364298"},"modified":"2021-08-07T09:49:00","modified_gmt":"2021-08-07T06:49:00","slug":"b%c9%99rd%c9%99-rayonunda-qarabag-muharib%c9%99si-%c9%99lill%c9%99rin%c9%99-v%c9%99-s%c9%99hid-ail%c9%99l%c9%99rin%c9%99-qaygi-aksiyasi-davam-etdirilir-fotolar","status":"publish","type":"post","link":"https:\/\/arantv.az\/?p=364298","title":{"rendered":"B\u0259rd\u0259 rayonunda Qaraba\u011f m\u00fcharib\u0259si \u0259lill\u0259rin\u0259 v\u0259 \u015f\u0259hid ail\u0259l\u0259rin\u0259 qay\u011f\u0131 aksiyas\u0131 davam etdirilir-FOTOLAR"},"content":{"rendered":"<div class=\"o9v6fnle cxmmr5t8 oygrvhab hcukyx3x c1et5uql ii04i59q\">\n<div dir=\"auto\">\u00d6lk\u0259mizin h\u0259r yerind\u0259 oldu\u011fu kimi B\u0259rd\u0259 rayonunda da Qaraba\u011f m\u00fcharib\u0259si \u015f\u0259hid ail\u0259l\u0259rin\u0259, \u0259lill\u0259rin\u0259 v\u0259 veteranlar\u0131na \u00e7ox b\u00f6y\u00fck diqq\u0259t v\u0259 qay\u011f\u0131 g\u00f6st\u0259rilir. Rayon \u0130cra Hakimiyy\u0259ti v\u0259 YAP B\u0259rd\u0259 rayon t\u0259\u015fkilat\u0131 birlikd\u0259 daim onlar\u0131n yan\u0131nda olur v\u0259 m\u00fc\u0259yy\u0259n probleml\u0259rinin h\u0259llin\u0259 \u00e7al\u0131\u015f\u0131rlar. Bu g\u00fcnl\u0259rd\u0259 B\u0259rd\u0259 rayon \u0130cra Hakimiyy\u0259ti ba\u015f\u00e7\u0131s\u0131n\u0131n m\u00fcavini, YAP rayon t\u0259\u015fkilat\u0131n\u0131n s\u0259dri F\u0259q\u0259t \u015eadlinskaya ba\u015fda olmaqla partiya f\u0259allar\u0131 Aynur\u0259 \u018fyyubova, S\u0259ba M\u0259mm\u0259dova v\u0259 Elmir M\u0259mm\u0259dov rayonun T\u00fcrkm\u0259n k\u0259ndind\u0259n qazi \u2013 \u00e7avu\u015f Yusifzad\u0259 M\u0259h\u0259mm\u0259d \u0130srafil o\u011fluna ba\u015f \u00e7\u0259kmi\u015fl\u0259r.<\/div>\n<\/div>\n<div class=\"o9v6fnle cxmmr5t8 oygrvhab hcukyx3x c1et5uql ii04i59q\">\n<div dir=\"auto\">Qeyd ed\u0259k ki, \u00e7avu\u015f Yusifzad\u0259 M\u0259h\u0259mm\u0259d \u0130srafil o\u011flu 7 il yar\u0131m idi ki, Az\u0259rbaycan Silahl\u0131 Q\u00fcvv\u0259l\u0259rind\u0259 V\u0259t\u0259n xidm\u0259t edirdi. O, sentyabr ay\u0131n\u0131n 27-d\u0259 d\u00fc\u015fm\u0259nin t\u00f6r\u0259tdiyi t\u0259xribata qar\u015f\u0131 \u0259ks-h\u00fccuma ba\u015flanan V\u0259t\u0259n m\u00fcharib\u0259sind\u0259 Tal\u0131\u015f k\u0259ndi istiqam\u0259tind\u0259 ged\u0259n d\u00f6y\u00fc\u015fl\u0259rd\u0259 i\u015ftirak etmi\u015f v\u0259 el\u0259 orada da yaralanm\u0131\u015fd\u0131r. Az\u0259rbaycan Respublikas\u0131n\u0131n Prezidentinin m\u00fcvafiq S\u0259r\u0259ncam\u0131 il\u0259 \u00e7avu\u015f Yusifzad\u0259 M\u0259h\u0259mm\u0259d \u0130srafil o\u011flu \u201cC\u0259sur d\u00f6y\u00fc\u015f\u00e7\u00fc\u201d v\u0259 \u201cV\u0259t\u0259n u\u011frunda\u201d medallar\u0131 il\u0259 t\u0259ltif edilmi\u015fdir.<\/div>\n<\/div>\n<div class=\"o9v6fnle cxmmr5t8 oygrvhab hcukyx3x c1et5uql ii04i59q\">\n<div dir=\"auto\">Ail\u0259lidir. 4 ya\u015fl\u0131 q\u0131z\u0131 v\u0259 3 ya\u015fl\u0131 o\u011flu var.<\/div>\n<div dir=\"auto\">Ail\u0259d\u0259 olark\u0259n qazi Yusifzad\u0259 M\u0259h\u0259mm\u0259d il\u0259 g\u00f6r\u00fc\u015f zaman\u0131 F\u0259q\u0259t \u015eadlinskaya bildirmi\u015fdir ki, \u00f6lk\u0259 Prezidenti c\u0259nab \u0130lham \u018fliyevin uzaqg\u00f6r\u0259n v\u0259 q\u0259tiyy\u0259tli siyas\u0259ti, xalq\u0131m\u0131z\u0131n birliyi v\u0259 m\u00fcz\u0259ff\u0259r Ordumuzun pe\u015f\u0259karl\u0131\u011f\u0131 say\u0259sind\u0259 30 illik h\u0259sr\u0259t\u0259 son qoyuldu. 2020-ci il \u00f6lk\u0259miz \u00fc\u00e7\u00fcn Q\u0259l\u0259b\u0259 ili kimi tarix\u0259 d\u00fc\u015fd\u00fc. Q\u0259hr\u0259man g\u0259ncl\u0259rimizin V\u0259t\u0259n u\u011frunda g\u00f6st\u0259rdiyi f\u0259dakarl\u0131qlar d\u00f6vl\u0259timiz t\u0259r\u0259find\u0259n y\u00fcks\u0259k qiym\u0259tl\u0259ndirilir. Onlar\u0131n h\u0259r biri orden v\u0259 medallarla t\u0259ltif olunmu\u015f, ail\u0259l\u0259ri d\u00f6vl\u0259tin diqq\u0259t v\u0259 qay\u011f\u0131s\u0131 il\u0259 \u0259hat\u0259 olunmu\u015flar.<\/div>\n<\/div>\n<div class=\"o9v6fnle cxmmr5t8 oygrvhab hcukyx3x c1et5uql ii04i59q\">\n<div dir=\"auto\">Qazi Yusifzad\u0259 M\u0259h\u0259mm\u0259d \u00f6z h\u0259rbid\u0259ki xidm\u0259tl\u0259rind\u0259n v\u0259 \u00f6m\u00fcr yolundan dan\u0131\u015fm\u0131\u015f, m\u00fcharib\u0259d\u0259 yara ald\u0131\u011f\u0131 aya\u011f\u0131 \u00fc\u00e7\u00fcn protezl\u0259 t\u0259min olunma\u011f\u0131ndan, \u201cYA\u015eAT\u201d Fondu t\u0259r\u0259find\u0259n maddi k\u00f6m\u0259klik edildiyind\u0259n s\u00f6z a\u00e7m\u0131\u015f, atas\u0131 \u0130srafil Yusifovla birlikd\u0259 m\u00f6ht\u0259r\u0259m Prezidentimiz c\u0259nab \u0130lham \u018fliyev v\u0259 \u00f6lk\u0259nin Birinci Vitse-prezidenti Mehriban xan\u0131m \u018fliyeva t\u0259r\u0259find\u0259n d\u00f6vl\u0259t s\u0259viyy\u0259sind\u0259 qazil\u0259r\u0259 g\u00f6st\u0259ril\u0259n diqq\u0259t v\u0259 qay\u011f\u0131dan m\u0259mnun olduqlar\u0131n\u0131 ifad\u0259 etmi\u015fl\u0259r. Partiya f\u0259allar\u0131 ail\u0259nin \u00e7\u0259tinlikl\u0259ri il\u0259 maraqlanm\u0131\u015f v\u0259 b\u0259zi probleml\u0259rinin h\u0259lli \u00fc\u00e7\u00fcn k\u00f6m\u0259klikl\u0259r g\u00f6st\u0259rmi\u015fl\u0259r.<\/div>\n<div dir=\"auto\"><img loading=\"lazy\" class=\"alignnone size-medium wp-image-364302\" src=\"https:\/\/arantv.az\/wp-content\/uploads\/2021\/08\/230384524_146639047606546_5978355780214368870_n-430x365.jpg\" alt=\"\" width=\"430\" height=\"365\" \/><img loading=\"lazy\" class=\"alignnone size-medium wp-image-364301\" src=\"https:\/\/arantv.az\/wp-content\/uploads\/2021\/08\/231481458_146639130939871_5365550481515201104_n-486x365.jpg\" alt=\"\" width=\"486\" height=\"365\" \/><img loading=\"lazy\" class=\"alignnone size-medium wp-image-364300\" src=\"https:\/\/arantv.az\/wp-content\/uploads\/2021\/08\/228132981_146639097606541_2706784624527837864_n-274x365.jpg\" alt=\"\" width=\"274\" height=\"365\" \/><\/div>\n<div dir=\"auto\"><\/div>\n<\/div>\n","protected":false},"excerpt":{"rendered":"<p>\u00d6lk\u0259mizin h\u0259r yerind\u0259 oldu\u011fu kimi B\u0259rd\u0259 rayonunda da Qaraba\u011f m\u00fcharib\u0259si \u015f\u0259hid ail\u0259l\u0259rin\u0259, \u0259lill\u0259rin\u0259 v\u0259 veteranlar\u0131na \u00e7ox b\u00f6y\u00fck diqq\u0259t v\u0259 qay\u011f\u0131 g\u00f6st\u0259rilir. Rayon \u0130cra Hakimiyy\u0259ti v\u0259 YAP B\u0259rd\u0259 rayon t\u0259\u015fkilat\u0131 birlikd\u0259 daim onlar\u0131n yan\u0131nda olur v\u0259 m\u00fc\u0259yy\u0259n probleml\u0259rinin h\u0259llin\u0259 \u00e7al\u0131\u015f\u0131rlar. Bu g\u00fcnl\u0259rd\u0259 B\u0259rd\u0259 rayon \u0130cra Hakimiyy\u0259ti ba\u015f\u00e7\u0131s\u0131n\u0131n m\u00fcavini, YAP rayon t\u0259\u015fkilat\u0131n\u0131n s\u0259dri F\u0259q\u0259t \u015eadlinskaya ba\u015fda olmaqla partiya f\u0259allar\u0131 Aynur\u0259 \u018fyyubova, S\u0259ba M\u0259mm\u0259dova v\u0259 Elmir M\u0259mm\u0259dov rayonun T\u00fcrkm\u0259n k\u0259ndind\u0259n qazi \u2013 \u00e7avu\u015f Yusifzad\u0259 M\u0259h\u0259mm\u0259d \u0130srafil o\u011fluna ba\u015f \u00e7\u0259kmi\u015fl\u0259r. Qeyd ed\u0259k ki, \u00e7avu\u015f Yusifzad\u0259 M\u0259h\u0259mm\u0259d \u0130srafil o\u011flu 7 il yar\u0131m idi ki, Az\u0259rbaycan&hellip;<\/p>\n","protected":false},"author":2,"featured_media":364299,"comment_status":"closed","ping_status":"closed","sticky":false,"template":"","format":"standard","meta":{"om_disable_all_campaigns":false,"_monsterinsights_skip_tracking":false,"_monsterinsights_sitenote_active":false,"_monsterinsights_sitenote_note":"","_monsterinsights_sitenote_category":0},"categories":[2],"tags":[],"aioseo_notices":[],"gutentor_comment":0,"rttpg_featured_image_url":{"full":["https:\/\/arantv.az\/wp-content\/uploads\/2021\/08\/228646571_146639184273199_6922695147010567957_n.jpg",665,499,false],"landscape":["https:\/\/arantv.az\/wp-content\/uploads\/2021\/08\/228646571_146639184273199_6922695147010567957_n.jpg",665,499,false],"portraits":["https:\/\/arantv.az\/wp-content\/uploads\/2021\/08\/228646571_146639184273199_6922695147010567957_n.jpg",665,499,false],"thumbnail":["https:\/\/arantv.az\/wp-content\/uploads\/2021\/08\/228646571_146639184273199_6922695147010567957_n-500x280.jpg",500,280,true],"medium":["https:\/\/arantv.az\/wp-content\/uploads\/2021\/08\/228646571_146639184273199_6922695147010567957_n-486x365.jpg",486,365,true],"large":["https:\/\/arantv.az\/wp-content\/uploads\/2021\/08\/228646571_146639184273199_6922695147010567957_n.jpg",640,480,false],"1536x1536":["https:\/\/arantv.az\/wp-content\/uploads\/2021\/08\/228646571_146639184273199_6922695147010567957_n.jpg",665,499,false],"2048x2048":["https:\/\/arantv.az\/wp-content\/uploads\/2021\/08\/228646571_146639184273199_6922695147010567957_n.jpg",665,499,false],"post-thumbnail":["https:\/\/arantv.az\/wp-content\/uploads\/2021\/08\/228646571_146639184273199_6922695147010567957_n-240x172.jpg",240,172,true],"advps-thumb-one":["https:\/\/arantv.az\/wp-content\/uploads\/2021\/08\/228646571_146639184273199_6922695147010567957_n.jpg",665,499,false]},"rttpg_author":{"display_name":"V\u00fcsal Rafiqo\u011flu","author_link":"https:\/\/arantv.az\/?author=2"},"rttpg_comment":0,"rttpg_category":"<a href=\"https:\/\/arantv.az\/?cat=2\" rel=\"category\">Region X\u0259b\u0259rl\u0259ri<\/a>","rttpg_excerpt":"\u00d6lk\u0259mizin h\u0259r yerind\u0259 oldu\u011fu kimi B\u0259rd\u0259 rayonunda da Qaraba\u011f m\u00fcharib\u0259si \u015f\u0259hid ail\u0259l\u0259rin\u0259, \u0259lill\u0259rin\u0259 v\u0259 veteranlar\u0131na \u00e7ox b\u00f6y\u00fck diqq\u0259t v\u0259 qay\u011f\u0131 g\u00f6st\u0259rilir. Rayon \u0130cra Hakimiyy\u0259ti v\u0259 YAP B\u0259rd\u0259 rayon t\u0259\u015fkilat\u0131 birlikd\u0259 daim onlar\u0131n yan\u0131nda olur v\u0259 m\u00fc\u0259yy\u0259n probleml\u0259rinin h\u0259llin\u0259 \u00e7al\u0131\u015f\u0131rlar. Bu g\u00fcnl\u0259rd\u0259 B\u0259rd\u0259 rayon \u0130cra Hakimiyy\u0259ti ba\u015f\u00e7\u0131s\u0131n\u0131n m\u00fcavini, YAP rayon t\u0259\u015fkilat\u0131n\u0131n s\u0259dri F\u0259q\u0259t \u015eadlinskaya ba\u015fda olmaqla&hellip;","_links":{"self":[{"href":"https:\/\/arantv.az\/index.php?rest_route=\/wp\/v2\/posts\/364298"}],"collection":[{"href":"https:\/\/arantv.az\/index.php?rest_route=\/wp\/v2\/posts"}],"about":[{"href":"https:\/\/arantv.az\/index.php?rest_route=\/wp\/v2\/types\/post"}],"author":[{"embeddable":true,"href":"https:\/\/arantv.az\/index.php?rest_route=\/wp\/v2\/users\/2"}],"replies":[{"embeddable":true,"href":"https:\/\/arantv.az\/index.php?rest_route=%2Fwp%2Fv2%2Fcomments&post=364298"}],"version-history":[{"count":0,"href":"https:\/\/arantv.az\/index.php?rest_route=\/wp\/v2\/posts\/364298\/revisions"}],"wp:featuredmedia":[{"embeddable":true,"href":"https:\/\/arantv.az\/index.php?rest_route=\/wp\/v2\/media\/364299"}],"wp:attachment":[{"href":"https:\/\/arantv.az\/index.php?rest_route=%2Fwp%2Fv2%2Fmedia&parent=364298"}],"wp:term":[{"taxonomy":"category","embeddable":true,"href":"https:\/\/arantv.az\/index.php?rest_route=%2Fwp%2Fv2%2Fcategories&post=364298"},{"taxonomy":"post_tag","embeddable":true,"href":"https:\/\/arantv.az\/index.php?rest_route=%2Fwp%2Fv2%2Ftags&post=364298"}],"curies":[{"name":"wp","href":"https:\/\/api.w.org\/{rel}","templated":true}]}}