{"id":364320,"date":"2021-08-07T11:18:00","date_gmt":"2021-08-07T08:18:00","guid":{"rendered":"http:\/\/arantv.az\/?p=364320"},"modified":"2021-08-07T11:52:10","modified_gmt":"2021-08-07T08:52:10","slug":"%c9%99lilin-pensiyasini-k%c9%99s%c9%99nl%c9%99r-%c9%99slin%c9%99d%c9%99-suni-ajiotaj-yaratmaq-m%c9%99qs%c9%99di-gudurl%c9%99r","status":"publish","type":"post","link":"https:\/\/arantv.az\/?p=364320","title":{"rendered":"\u018flilin pensiyas\u0131n\u0131 k\u0259s\u0259nl\u0259r, \u0259slind\u0259 s\u00fcni ajiotaj yaratmaq m\u0259qs\u0259di g\u00fcd\u00fcrl\u0259r"},"content":{"rendered":"<p><strong><em>\u00dcmidini ayl\u0131q pensiyas\u0131na ba\u011flam\u0131\u015f x\u0259st\u0259 insan\u0131n pensiya t\u0259m\u0131nat\u0131n\u0131n dayand\u0131r\u0131lmas\u0131 a\u011f\u0131las\u0131\u011f\u0131lmazl\u0131qd\u0131r.<\/em><\/strong><\/p>\n<p>Prezident \u0130lham \u018fliyevin tap\u015f\u0131r\u0131\u011f\u0131na uy\u011fun olaraq \u00f6lk\u0259d\u0259 pensiya t\u0259minat\u0131n\u0131n inki\u015faf\u0131, \u00fcmumiyy\u0259tl\u0259 \u0259halinin x\u00fcsusi h\u0259ssas qruplar\u0131na diqq\u0259t ayr\u0131lmas\u0131 istiqam\u0259tind\u0259 zaman-zaman \u00e7oxsayl\u0131 islahatlar apar\u0131l\u0131b. Lakin, x\u00fcsusil\u0259 son zamanlar aidiyyat\u0131 d\u00f6vl\u0259t qurumlar\u0131, sanki Prezidentin bu tap\u015f\u0131r\u0131\u011f\u0131n\u0131 g\u00f6rm\u0259zd\u0259n g\u0259l\u0259r\u0259k \u0259hali v\u0259 b\u00fct\u00f6vl\u00fckd\u0259 ictimaiyy\u0259t aras\u0131nda ciddi naraz\u0131l\u0131q hallar\u0131n\u0131n ba\u015f verm\u0259sin\u0259 z\u0259min yarad\u0131rlar. He\u00e7 bir m\u0259lumat verilm\u0259d\u0259n, ciddi bir \u0259sas g\u00f6st\u0259rilm\u0259d\u0259n son zamanlar insanlar\u0131n pensiyalar\u0131 anid\u0259n dayand\u0131r\u0131l\u0131r, bu sah\u0259d\u0259 s\u00fcni yarad\u0131lm\u0131\u015f b\u00fcrokratik s\u00fcr\u00fcnd\u00fcrm\u0259\u00e7ilik hallar\u0131 adi hala \u00e7evrilir. Aidiyyat\u0131 orqanlar\u0131n bu c\u00fcr yar\u0131tmaz f\u0259aliyy\u0259tinin n\u0259tic\u0259sdir ki, D\u00f6vl\u0259t Statistika Komit\u0259sinin m\u0259lumat\u0131ndan m\u0259lum olur ki, pensiya\u00e7\u0131lar\u0131n say\u0131 \u0259g\u0259r 2017-ci ilin \u0259vv\u0259lind\u0259 1 milyon 328,4 min n\u0259f\u0259r olubsa, bu r\u0259q\u0259m 2021-ci ilin \u0259vv\u0259lind\u0259 1 milyon 232,2 min n\u0259f\u0259r t\u0259\u015fkil edib. Burada bir m\u0259qam\u0131, x\u00fcsusil\u0259 qeyd etm\u0259k laz\u0131md\u0131r ki, ekspertl\u0259rin q\u0259na\u0259tinc\u0259, \u0259g\u0259r ya\u015f h\u0259ddinin art\u0131r\u0131lmas\u0131 haqq\u0131nda q\u0259rar \u00e7\u0131xmasayd\u0131, bu g\u00fcn d\u00f6vl\u0259tin pensiya sistemind\u0259n yararlanan pensiya\u00e7\u0131lar\u0131n say\u0131 1 milyon 380 min n\u0259f\u0259r olard\u0131. Dem\u0259k, bu hesabla, t\u0259xmin\u0259 148 min v\u0259t\u0259nda\u015f \u00a0pensiya almaq h\u00fcququndan m\u0259hrum edilib. He\u00e7 bir ciddi \u0259sas g\u00f6st\u0259rilm\u0259d\u0259n, faktiki olaraq pensiya h\u00fcququ olan, lakin pensiyalar\u0131 qanunsuz \u00a0\u0259saslarla dayand\u0131r\u0131lan insanlar\u0131 da bura \u0259lav\u0259 ets\u0259k, t\u0259xmin\u0259n qeyd olunan r\u0259q\u0259m 200 min civar\u0131nda olacaq. Yen\u0259 d\u0259 statistik r\u0259q\u0259ml\u0259r\u0259 n\u0259z\u0259r salsaq pensiya\u00e7\u0131lar\u0131n say\u0131n\u0131 qay\u00e7\u0131lamaq hesab\u0131na, guya 2020-ci ild\u0259 530 min manat d\u00f6vl\u0259t v\u0259saitin\u0259 \u201cq\u0259na\u0259t\u201d olunub. \u00dcmidl\u0259rini ayl\u0131q pensiyas\u0131na ba\u011flam\u0131\u015f, he\u00e7 bir \u0259lav\u0259 t\u0259minat\u0131 olmayan, x\u0259st\u0259 insanlar\u0131n pensiya t\u0259minatlar\u0131n\u0131n dayand\u0131r\u0131lmas\u0131na vicdans\u0131zl\u0131qdan ba\u015fqa ad tapmaq olmur. \u018fslind\u0259 b\u00fct\u00fcn bu sadalanan neqativ hallara z\u0259min yaratmaqla aidiyyat\u0131 qurumlar,\u00a0 qeyr-qanuni qazanc m\u0259qs\u0259di g\u00fcd\u00fcrl\u0259r. Bel\u0259 ki, yerl\u0259rd\u0259 f\u0259aliyy\u0259t g\u00f6st\u0259r\u0259n Tibb Ekspert Komissiyalar\u0131 insanlar\u0131n pensiya t\u0259minat\u0131n\u0131 qeyri-qanuni dayand\u0131rmaqla r\u00fc\u015fv\u0259t hallar\u0131n\u0131n yaranmas\u0131na, bil\u0259r\u0259kd\u0259n \u015f\u0259rait yarad\u0131rlar. Bu c\u00fcr hallar\u0131n ba\u015f verm\u0259sind\u0259 m\u00f6vcud qanunvericilikd\u0259 t\u0259sbit olunan m\u0259qamlar da ciddi rol oynay\u0131r. Sual do\u011furur, \u0259ks\u0259riyy\u0259t t\u0259\u015fkil ed\u0259n xroniki x\u0259st\u0259lik \u00fczr\u0259 pensiya t\u0259minat\u0131 qazanm\u0131\u015f insanlar hans\u0131 kriteriyalarla \u00a05 ild\u0259n bir yerli v\u0259 m\u0259rk\u0259zi Tibb Eksper Komissiyalar\u0131n\u0131n m\u00fcayin\u0259sin\u0259 c\u0259lb edilm\u0259lidir? X\u0259st\u0259lik xronikl\u0259\u015fibs\u0259 v\u0259 geri d\u00f6nm\u0259z xarakter al\u0131bsa, s\u00f6z\u00fcged\u0259n pensiya\u00e7\u0131lar\u0131n 5 ild\u0259n bir bel\u0259 l\u00fczumsuz \u00a0yoxlamalara c\u0259lb edilm\u0259sinin he\u00e7 bir m\u0259ntiqi izah\u0131 yoxdur. \u00a0Daha ayd\u0131n ifad\u0259 ets\u0259k, da\u015f\u0131d\u0131qlar\u0131 x\u0259st\u0259likd\u0259n dolay\u0131 pensiya t\u0259minat\u0131 \u0259ld\u0259 etmi\u015f insanlar h\u0259r 5 ild\u0259n bir, nec\u0259 dey\u0259rl\u0259r, s\u00f6z\u00fcged\u0259n Ekspert Tibb Komissiya s\u0259drl\u0259rinin q\u0131l\u0131nc\u0131n\u0131n alt\u0131ndan ke\u00e7m\u0259lidir. \u018fks halda ya onlar\u0131n pensiyas\u0131 dayand\u0131r\u0131l\u0131r, yaxudda ki, aylarla, h\u0259tta ill\u0259rl\u0259 getg\u0259l\u0259 sal\u0131n\u0131rlar.<\/p>\n<p>Dig\u0259r bir m\u0259qam, g\u00f6r\u0259s\u0259n, \u0259halinin sosial-psixoloji v\u0259ziyy\u0259ti m\u00fcst\u0259visind\u0259 \u00f6lk\u0259d\u0259 pensiya ya\u015f\u0131n\u0131n art\u0131r\u0131lmas\u0131na ehtiyac var idimi? M\u00fcxt\u0259lif x\u0259st\u0259likl\u0259r, sosial probleml\u0259r v\u0259 dig\u0259r faktorlar\u0131 n\u0259z\u0259r\u0259 alsaq, dem\u0259k olar ki, y\u00fczl\u0259rl\u0259, h\u0259tta minl\u0259rl\u0259 insan bu \u00f6lk\u0259d\u0259 pensiya ya\u015f\u0131na \u00e7atmadan d\u00fcnyas\u0131n d\u0259yi\u015firl\u0259r. O zaman h\u0259min insanlar\u0131n \u0259m\u0259yi hesab\u0131na yaranm\u0131\u015f, vaxtil\u0259 d\u00f6vl\u0259t\u0259 \u00f6d\u0259dikl\u0259ri vergi v\u0259 s\u0131\u011forta qismind\u0259 \u00a0milyonlarla manat v\u0259saitin taleyi nec\u0259 olur? Qeyd olunan neqativ hallar onu dem\u0259y\u0259 \u0259sas verir ki, b\u0259zi v\u0259zif\u0259li \u015f\u0259xsl\u0259r zaman-zaman c\u0259za xarakterli d\u0259rsl\u0259rd\u0259n n\u0259tic\u0259 \u00e7\u0131xarm\u0131rlar, \u00f6z m\u0259suliyy\u0259tl\u0259rini anlam\u0131rlar, \u00f6lk\u0259 ba\u015f\u00e7\u0131s\u0131 Prezident \u0130lham \u018fliyevin onlar\u0131n yar\u0131tmaz f\u0259aliyy\u0259tl\u0259rin\u0259 y\u00f6n\u0259lmi\u015f t\u0259nqidi \u00e7\u0131x\u0131\u015flar\u0131n\u0131, s\u00f6z\u00fcn \u0259sil m\u0259nas\u0131nda qula\u011fard\u0131na vururlar.<\/p>\n<p>44 g\u00fcnl\u00fck z\u0259f\u0259r m\u00fcharib\u0259sind\u0259 mill\u0259timiz\u0259 q\u0259l\u0259b\u0259 sevincini qazand\u0131ran qazil\u0259rimiz d\u0259, t\u0259\u0259ss\u00fcf ki, b\u0259zi hallarda eyni situasiya il\u0259 \u00fczl\u0259\u015fm\u0259li olurlar. Aya\u011f\u0131n\u0131 itirmi\u015f qazi, aylard\u0131r II qrub \u0259lillik d\u0259r\u0259c\u0259si ala bilmir. S\u0259b\u0259b is\u0259 m\u00f6vcud t\u0259limatlardan dolay\u0131 g\u0259tiril\u0259n yersiz b\u0259han\u0259l\u0259rdir. Sanki \u00f6lk\u0259d\u0259 m\u00fc\u0259yy\u0259n bir qurup h\u0259r v\u0259chl\u0259 d\u00fc\u015fm\u0259n \u00fcz\u0259rind\u0259 qazan\u0131lm\u0131\u015f bu \u015fanl\u0131 q\u0259l\u0259b\u0259y\u0259 k\u00f6lg\u0259 salmaq m\u0259qs\u0259di g\u00fcd\u00fcrl\u0259r. Qeyd etm\u0259k laz\u0131md\u0131r ki, Prezident \u0130lham \u018fliyev, dem\u0259k olar ki, h\u0259r \u00e7\u0131x\u0131\u015f\u0131nda qazil\u0259r\u0259 v\u0259 m\u00fcharib\u0259 i\u015ftirak\u00e7\u0131lar\u0131na \u0259n y\u00fcks\u0259k s\u0259viyyy\u0259d\u0259 qay\u011f\u0131 g\u00f6st\u0259r\u0259rilm\u0259sinin vacibliyini aidiyyat\u0131 d\u00f6vl\u0259t qurumlar\u0131 qar\u015f\u0131s\u0131nda k\u0259skin \u015f\u0259kild\u0259 t\u0259l\u0259b edir. D\u00fczd\u00fcr, m\u00fcharib\u0259d\u0259 \u0259lil olmu\u015f xeyli sayda qazil\u0259rimiz zaman-zaman m\u0259nzil v\u0259 dig\u0259r d\u00f6vl\u0259t imtiyazlar\u0131 il\u0259 t\u0259min edirl\u0259r. Birinci vitse-prezident Mehriban xan\u0131m \u018fliyevan\u0131n x\u00fcsusi qay\u011f\u0131s\u0131 n\u0259tic\u0259sind\u0259, yen\u0259 d\u0259 xeyli sayda a\u011f\u0131r yaralanm\u0131\u015f qazil\u0259rimizin qarda\u015f T\u00fcrkiy\u0259 d\u00f6vl\u0259tinin ixtisasla\u015fm\u0131\u015f x\u0259st\u0259xanalar\u0131nda m\u00fcalic\u0259y\u0259 g\u00f6nd\u0259rilm\u0259si ictimaiyy\u0259td\u0259 x\u00fcsusi m\u0259mnunluqla qar\u015f\u0131lan\u0131r. Bel\u0259 olan halda, qazil\u0259rimiz\u0259 v\u0259 pensiya imtiyaz\u0131 qazanm\u0131\u015f v\u0259t\u0259nda\u015flar\u0131m\u0131za b\u0259zi m\u0259murlar\u0131n g\u00f6st\u0259rdikl\u0259ri bigan\u0259lik ictimaiyy\u0259td\u0259 t\u0259\u0259ss\u00fcf v\u0259 q\u0259z\u0259b hissi do\u011furur. \u015e\u00fcbh\u0259 do\u011furmur ki, m\u00fcharib\u0259d\u0259n sonra b\u00f6y\u00fck quruculuq m\u0259rh\u0259l\u0259sin\u0259 q\u0259d\u0259m qoymu\u015f Az\u0259rbaycan d\u00f6vl\u0259ti, s\u00f6z\u00fcged\u0259n sah\u0259d\u0259 m\u00f6vcud olan neqativ hallar\u0131n aradan qald\u0131r\u0131lmas\u0131 istiqam\u0259tind\u0259 yax\u0131n zamanda k\u00f6kl\u00fc islahatlar aparacaq, x\u00fcsusi risk qrupuna aid olan pensiya\u00e7\u0131lar\u0131n h\u00fcquqlar\u0131n\u0131n pozulmas\u0131na r\u0259vac ver\u0259n q\u00fcvv\u0259l\u0259rin \u00e7irkin \u0259m\u0259ll\u0259rin\u0259 son qoyacaq. \u00c7\u00fcnki, h\u0259r bir Az\u0259rbaycan insan\u0131 bu \u00f6lk\u0259d\u0259 qanunla t\u0259sbit edilmi\u015f pensiya imtiyaz\u0131 da daxil b\u00fct\u00fcn z\u0259ruri t\u0259labatlardan yararlanma\u011f\u0131 haqq edir. Bu haqq\u0131 insanlar\u0131m\u0131za \u00e7ox g\u00f6r\u0259n acg\u00f6z m\u0259murlar\u0131n q\u0131sa bir zamanda ara\u015fd\u0131r\u0131l\u0131b c\u0259zaland\u0131r\u0131lmas\u0131, \u00f6nc\u0259 d\u00f6vl\u0259tin v\u0259 \u00a0ictimaiyy\u0259tin t\u0259l\u0259bidir.<\/p>\n<p><strong>\u015eeyda \u018fzizova<\/strong><\/p>\n<p><strong><em>\u201cAranMedia\u201d q\u0259zetinin ba\u015f redaktoru\u00a0\u00a0\u00a0\u00a0\u00a0 <\/em><\/strong><\/p>\n<p>&nbsp;<\/p>\n<p>&nbsp;<\/p>\n","protected":false},"excerpt":{"rendered":"<p>\u00dcmidini ayl\u0131q pensiyas\u0131na ba\u011flam\u0131\u015f x\u0259st\u0259 insan\u0131n pensiya t\u0259m\u0131nat\u0131n\u0131n dayand\u0131r\u0131lmas\u0131 a\u011f\u0131las\u0131\u011f\u0131lmazl\u0131qd\u0131r. Prezident \u0130lham \u018fliyevin tap\u015f\u0131r\u0131\u011f\u0131na uy\u011fun olaraq \u00f6lk\u0259d\u0259 pensiya t\u0259minat\u0131n\u0131n inki\u015faf\u0131, \u00fcmumiyy\u0259tl\u0259 \u0259halinin x\u00fcsusi h\u0259ssas qruplar\u0131na diqq\u0259t ayr\u0131lmas\u0131 istiqam\u0259tind\u0259 zaman-zaman \u00e7oxsayl\u0131 islahatlar apar\u0131l\u0131b. Lakin, x\u00fcsusil\u0259 son zamanlar aidiyyat\u0131 d\u00f6vl\u0259t qurumlar\u0131, sanki Prezidentin bu tap\u015f\u0131r\u0131\u011f\u0131n\u0131 g\u00f6rm\u0259zd\u0259n g\u0259l\u0259r\u0259k \u0259hali v\u0259 b\u00fct\u00f6vl\u00fckd\u0259 ictimaiyy\u0259t aras\u0131nda ciddi naraz\u0131l\u0131q hallar\u0131n\u0131n ba\u015f verm\u0259sin\u0259 z\u0259min yarad\u0131rlar. He\u00e7 bir m\u0259lumat verilm\u0259d\u0259n, ciddi bir \u0259sas g\u00f6st\u0259rilm\u0259d\u0259n son zamanlar insanlar\u0131n pensiyalar\u0131 anid\u0259n dayand\u0131r\u0131l\u0131r, bu sah\u0259d\u0259 s\u00fcni yarad\u0131lm\u0131\u015f b\u00fcrokratik s\u00fcr\u00fcnd\u00fcrm\u0259\u00e7ilik hallar\u0131 adi hala \u00e7evrilir. Aidiyyat\u0131 orqanlar\u0131n bu c\u00fcr yar\u0131tmaz f\u0259aliyy\u0259tinin n\u0259tic\u0259sdir ki, D\u00f6vl\u0259t&hellip;<\/p>\n","protected":false},"author":2,"featured_media":364317,"comment_status":"closed","ping_status":"closed","sticky":false,"template":"","format":"standard","meta":{"om_disable_all_campaigns":false,"_monsterinsights_skip_tracking":false,"_monsterinsights_sitenote_active":false,"_monsterinsights_sitenote_note":"","_monsterinsights_sitenote_category":0},"categories":[19,11],"tags":[],"aioseo_notices":[],"gutentor_comment":0,"rttpg_featured_image_url":{"full":["https:\/\/arantv.az\/wp-content\/uploads\/2021\/08\/71255754-330c-4e2f-b545-1cb621056c6f.jpg",1280,720,false],"landscape":["https:\/\/arantv.az\/wp-content\/uploads\/2021\/08\/71255754-330c-4e2f-b545-1cb621056c6f.jpg",1280,720,false],"portraits":["https:\/\/arantv.az\/wp-content\/uploads\/2021\/08\/71255754-330c-4e2f-b545-1cb621056c6f.jpg",1280,720,false],"thumbnail":["https:\/\/arantv.az\/wp-content\/uploads\/2021\/08\/71255754-330c-4e2f-b545-1cb621056c6f-500x280.jpg",500,280,true],"medium":["https:\/\/arantv.az\/wp-content\/uploads\/2021\/08\/71255754-330c-4e2f-b545-1cb621056c6f-649x365.jpg",649,365,true],"large":["https:\/\/arantv.az\/wp-content\/uploads\/2021\/08\/71255754-330c-4e2f-b545-1cb621056c6f-840x473.jpg",640,360,true],"1536x1536":["https:\/\/arantv.az\/wp-content\/uploads\/2021\/08\/71255754-330c-4e2f-b545-1cb621056c6f.jpg",1280,720,false],"2048x2048":["https:\/\/arantv.az\/wp-content\/uploads\/2021\/08\/71255754-330c-4e2f-b545-1cb621056c6f.jpg",1280,720,false],"post-thumbnail":["https:\/\/arantv.az\/wp-content\/uploads\/2021\/08\/71255754-330c-4e2f-b545-1cb621056c6f-240x172.jpg",240,172,true],"advps-thumb-one":["https:\/\/arantv.az\/wp-content\/uploads\/2021\/08\/71255754-330c-4e2f-b545-1cb621056c6f-1200x620.jpg",1200,620,true]},"rttpg_author":{"display_name":"V\u00fcsal Rafiqo\u011flu","author_link":"https:\/\/arantv.az\/?author=2"},"rttpg_comment":0,"rttpg_category":"<a href=\"https:\/\/arantv.az\/?cat=19\" rel=\"category\">G\u00fcnd\u0259m<\/a> <a href=\"https:\/\/arantv.az\/?cat=11\" rel=\"category\">Manset<\/a>","rttpg_excerpt":"\u00dcmidini ayl\u0131q pensiyas\u0131na ba\u011flam\u0131\u015f x\u0259st\u0259 insan\u0131n pensiya t\u0259m\u0131nat\u0131n\u0131n dayand\u0131r\u0131lmas\u0131 a\u011f\u0131las\u0131\u011f\u0131lmazl\u0131qd\u0131r. Prezident \u0130lham \u018fliyevin tap\u015f\u0131r\u0131\u011f\u0131na uy\u011fun olaraq \u00f6lk\u0259d\u0259 pensiya t\u0259minat\u0131n\u0131n inki\u015faf\u0131, \u00fcmumiyy\u0259tl\u0259 \u0259halinin x\u00fcsusi h\u0259ssas qruplar\u0131na diqq\u0259t ayr\u0131lmas\u0131 istiqam\u0259tind\u0259 zaman-zaman \u00e7oxsayl\u0131 islahatlar apar\u0131l\u0131b. Lakin, x\u00fcsusil\u0259 son zamanlar aidiyyat\u0131 d\u00f6vl\u0259t qurumlar\u0131, sanki Prezidentin bu tap\u015f\u0131r\u0131\u011f\u0131n\u0131 g\u00f6rm\u0259zd\u0259n g\u0259l\u0259r\u0259k \u0259hali v\u0259 b\u00fct\u00f6vl\u00fckd\u0259 ictimaiyy\u0259t aras\u0131nda ciddi naraz\u0131l\u0131q hallar\u0131n\u0131n ba\u015f verm\u0259sin\u0259&hellip;","_links":{"self":[{"href":"https:\/\/arantv.az\/index.php?rest_route=\/wp\/v2\/posts\/364320"}],"collection":[{"href":"https:\/\/arantv.az\/index.php?rest_route=\/wp\/v2\/posts"}],"about":[{"href":"https:\/\/arantv.az\/index.php?rest_route=\/wp\/v2\/types\/post"}],"author":[{"embeddable":true,"href":"https:\/\/arantv.az\/index.php?rest_route=\/wp\/v2\/users\/2"}],"replies":[{"embeddable":true,"href":"https:\/\/arantv.az\/index.php?rest_route=%2Fwp%2Fv2%2Fcomments&post=364320"}],"version-history":[{"count":0,"href":"https:\/\/arantv.az\/index.php?rest_route=\/wp\/v2\/posts\/364320\/revisions"}],"wp:featuredmedia":[{"embeddable":true,"href":"https:\/\/arantv.az\/index.php?rest_route=\/wp\/v2\/media\/364317"}],"wp:attachment":[{"href":"https:\/\/arantv.az\/index.php?rest_route=%2Fwp%2Fv2%2Fmedia&parent=364320"}],"wp:term":[{"taxonomy":"category","embeddable":true,"href":"https:\/\/arantv.az\/index.php?rest_route=%2Fwp%2Fv2%2Fcategories&post=364320"},{"taxonomy":"post_tag","embeddable":true,"href":"https:\/\/arantv.az\/index.php?rest_route=%2Fwp%2Fv2%2Ftags&post=364320"}],"curies":[{"name":"wp","href":"https:\/\/api.w.org\/{rel}","templated":true}]}}