{"id":364331,"date":"2021-08-07T11:28:40","date_gmt":"2021-08-07T08:28:40","guid":{"rendered":"http:\/\/arantv.az\/?p=364331"},"modified":"2021-08-07T11:28:40","modified_gmt":"2021-08-07T08:28:40","slug":"v%c9%99t%c9%99ndaslarin-n%c9%99z%c9%99rin%c9%99-covid-19-pasportu-olmayanlara-daha-bir-qadaga","status":"publish","type":"post","link":"https:\/\/arantv.az\/?p=364331","title":{"rendered":"V\u0259t\u0259nda\u015flar\u0131n N\u018fZ\u018fR\u0130N\u018f: COVID-19 pasportu olmayanlara daha bir QADA\u011eA"},"content":{"rendered":"<p>Avqust ay\u0131n\u0131n 16-dan\u00a0etibar\u0259n \u018fm\u0259k v\u0259 \u018fhalinin Sosial M\u00fcdafi\u0259si Nazirliyinin, onun qurumlar\u0131n\u0131n q\u0259bul m\u0259rk\u0259zl\u0259rind\u0259, habel\u0259 DOST m\u0259rk\u0259zl\u0259rind\u0259 v\u0259t\u0259nda\u015flar\u0131n q\u0259bulu v\u0259 m\u00fcraci\u0259tl\u0259rin\u0259 bax\u0131lmas\u0131 yaln\u0131z peyv\u0259nd olunmalar\u0131 v\u0259 ya COVID-19-dan sa\u011falaraq immunitet\u0259 malik olmalar\u0131 bar\u0259d\u0259 t\u0259sdiqedici s\u0259n\u0259d (COVID-19 pasportu) olduqlar\u0131 halda h\u0259yata ke\u00e7iril\u0259c\u0259k.<\/p>\n<p>Eyni zamanda, v\u0259t\u0259nda\u015flar\u0131n nazirliyin elektron xidm\u0259tl\u0259rin\u0259 etdikl\u0259ri m\u00fcraci\u0259tl\u0259r\u0259 bax\u0131lmas\u0131 da COVID-19 pasportuna malik olmalar\u0131 bar\u0259d\u0259 m\u0259lumat daxil edildiyi (o c\u00fcml\u0259d\u0259n \u00fcnvanl\u0131 d\u00f6vl\u0259t sosial yard\u0131m\u0131 il\u0259 \u0259laq\u0259dar m\u00fcraci\u0259t zaman\u0131 \u0259riz\u0259-b\u0259yannam\u0259d\u0259 qeyd edildiyi) halda h\u0259yata ke\u00e7iril\u0259c\u0259k.<\/p>\n<p>Yeni n\u00f6v koronavirus pandemiyas\u0131 davam etdiyi \u015f\u0259raitd\u0259 \u00f6z\u00fcm\u00fcz\u00fc v\u0259 yax\u0131nlar\u0131m\u0131z\u0131 bu t\u0259hl\u00fck\u0259d\u0259n qorumaq h\u0259r birimizin borcudur. Bunun \u00fc\u00e7\u00fcn haz\u0131rda etm\u0259li oldu\u011fumuz \u0259n vacib i\u015f &#8211; peyv\u0259nd olunmaqd\u0131r.<\/p>\n<p>Az\u0259rbaycanda koronavirus pandemiyas\u0131n\u0131n qar\u015f\u0131s\u0131n\u0131n al\u0131nmas\u0131, \u0259halinin sa\u011flaml\u0131\u011f\u0131n\u0131n COVID-19-dan qorunmas\u0131 \u00fc\u00e7\u00fcn vaksinasiya prosesi u\u011furla davam etdirilir. H\u0259r birimiz bu vaksinasiya prosesind\u0259 aktiv i\u015ftirak etm\u0259kl\u0259 ilk n\u00f6vb\u0259d\u0259 \u00f6z\u00fcm\u00fcz\u00fcn v\u0259 yax\u0131nlar\u0131m\u0131z\u0131n h\u0259yat\u0131n\u0131n infeksiya t\u0259hl\u00fck\u0259sind\u0259n qorunmas\u0131na \u00e7al\u0131\u015fmal\u0131, eyni zamanda, d\u00f6vl\u0259timizin yeni n\u00f6v koronavirusa qar\u015f\u0131 m\u00fcbariz\u0259 t\u0259dbirl\u0259rin\u0259 \u00f6z t\u00f6hf\u0259mizi verm\u0259liyik.<\/p>\n<div id=\"AdviadNativeVideo0\" class=\"AdviadNativeVideo\"><\/div>\n<p>\u018fm\u0259k v\u0259 \u018fhalinin Sosial M\u00fcdafi\u0259si Nazirliyi t\u0259r\u0259find\u0259n v\u0259t\u0259nda\u015flar\u0131n q\u0259bulu v\u0259 m\u00fcraci\u0259tl\u0259rin\u0259 bax\u0131lmas\u0131 sah\u0259sind\u0259 t\u0259tbiq olunan bu qayda da \u0259halinin sa\u011flaml\u0131\u011f\u0131n\u0131n qorunmas\u0131 m\u0259qs\u0259dil\u0259 apar\u0131lan vaksinasiya prosesind\u0259 v\u0259t\u0259nda\u015flar\u0131n daha f\u0259al i\u015ftirak\u0131n\u0131n t\u0259\u015fviq edilm\u0259sin\u0259, \u00f6zl\u0259rinin v\u0259 \u0259trafdak\u0131lar\u0131n pandemiyadan qorunmas\u0131na m\u00fcnasib\u0259td\u0259 m\u0259suliyy\u0259tin\u00a0art\u0131r\u0131lmas\u0131na xidm\u0259t edir.<\/p>\n<p>Vaksinasiyaya qo\u015fulaq, \u00f6z\u00fcm\u00fcz\u00fcn v\u0259 yax\u0131nlar\u0131m\u0131z\u0131n, \u0259trafdak\u0131lar\u0131n h\u0259yat\u0131n\u0131 COVID-19 t\u0259hl\u00fck\u0259sind\u0259n qoruyaq! Pandemiyaya bird\u0259f\u0259lik \u201cYox!\u201d dey\u0259k!<\/p>\n<p>Qeyd ed\u0259k ki, bundan \u00f6nc\u0259 d\u0259 COVID-19 pasportu olmayanlar\u0131n toy m\u0259clisl\u0259rin\u0259 buxar\u0131lmayacaqlar\u0131 bar\u0259d\u0259 m\u0259lumat verilmi\u015fdi.<\/p>\n","protected":false},"excerpt":{"rendered":"<p>Avqust ay\u0131n\u0131n 16-dan\u00a0etibar\u0259n \u018fm\u0259k v\u0259 \u018fhalinin Sosial M\u00fcdafi\u0259si Nazirliyinin, onun qurumlar\u0131n\u0131n q\u0259bul m\u0259rk\u0259zl\u0259rind\u0259, habel\u0259 DOST m\u0259rk\u0259zl\u0259rind\u0259 v\u0259t\u0259nda\u015flar\u0131n q\u0259bulu v\u0259 m\u00fcraci\u0259tl\u0259rin\u0259 bax\u0131lmas\u0131 yaln\u0131z peyv\u0259nd olunmalar\u0131 v\u0259 ya COVID-19-dan sa\u011falaraq immunitet\u0259 malik olmalar\u0131 bar\u0259d\u0259 t\u0259sdiqedici s\u0259n\u0259d (COVID-19 pasportu) olduqlar\u0131 halda h\u0259yata ke\u00e7iril\u0259c\u0259k. Eyni zamanda, v\u0259t\u0259nda\u015flar\u0131n nazirliyin elektron xidm\u0259tl\u0259rin\u0259 etdikl\u0259ri m\u00fcraci\u0259tl\u0259r\u0259 bax\u0131lmas\u0131 da COVID-19 pasportuna malik olmalar\u0131 bar\u0259d\u0259 m\u0259lumat daxil edildiyi (o c\u00fcml\u0259d\u0259n \u00fcnvanl\u0131 d\u00f6vl\u0259t sosial yard\u0131m\u0131 il\u0259 \u0259laq\u0259dar m\u00fcraci\u0259t zaman\u0131 \u0259riz\u0259-b\u0259yannam\u0259d\u0259 qeyd edildiyi) halda h\u0259yata ke\u00e7iril\u0259c\u0259k. Yeni n\u00f6v koronavirus pandemiyas\u0131 davam etdiyi \u015f\u0259raitd\u0259 \u00f6z\u00fcm\u00fcz\u00fc v\u0259 yax\u0131nlar\u0131m\u0131z\u0131 bu t\u0259hl\u00fck\u0259d\u0259n qorumaq h\u0259r birimizin borcudur.&hellip;<\/p>\n","protected":false},"author":2,"featured_media":364332,"comment_status":"closed","ping_status":"closed","sticky":false,"template":"","format":"standard","meta":{"om_disable_all_campaigns":false,"_monsterinsights_skip_tracking":false,"_monsterinsights_sitenote_active":false,"_monsterinsights_sitenote_note":"","_monsterinsights_sitenote_category":0},"categories":[19],"tags":[],"aioseo_notices":[],"gutentor_comment":0,"rttpg_featured_image_url":{"full":["https:\/\/arantv.az\/wp-content\/uploads\/2021\/08\/repetitorlardan-covid-19-pasportu-t\u0259l\u0259b-olunacaq-1211.jpg",750,543,false],"landscape":["https:\/\/arantv.az\/wp-content\/uploads\/2021\/08\/repetitorlardan-covid-19-pasportu-t\u0259l\u0259b-olunacaq-1211.jpg",750,543,false],"portraits":["https:\/\/arantv.az\/wp-content\/uploads\/2021\/08\/repetitorlardan-covid-19-pasportu-t\u0259l\u0259b-olunacaq-1211.jpg",750,543,false],"thumbnail":["https:\/\/arantv.az\/wp-content\/uploads\/2021\/08\/repetitorlardan-covid-19-pasportu-t\u0259l\u0259b-olunacaq-1211-500x280.jpg",500,280,true],"medium":["https:\/\/arantv.az\/wp-content\/uploads\/2021\/08\/repetitorlardan-covid-19-pasportu-t\u0259l\u0259b-olunacaq-1211-504x365.jpg",504,365,true],"large":["https:\/\/arantv.az\/wp-content\/uploads\/2021\/08\/repetitorlardan-covid-19-pasportu-t\u0259l\u0259b-olunacaq-1211.jpg",640,463,false],"1536x1536":["https:\/\/arantv.az\/wp-content\/uploads\/2021\/08\/repetitorlardan-covid-19-pasportu-t\u0259l\u0259b-olunacaq-1211.jpg",750,543,false],"2048x2048":["https:\/\/arantv.az\/wp-content\/uploads\/2021\/08\/repetitorlardan-covid-19-pasportu-t\u0259l\u0259b-olunacaq-1211.jpg",750,543,false],"post-thumbnail":["https:\/\/arantv.az\/wp-content\/uploads\/2021\/08\/repetitorlardan-covid-19-pasportu-t\u0259l\u0259b-olunacaq-1211-240x172.jpg",240,172,true],"advps-thumb-one":["https:\/\/arantv.az\/wp-content\/uploads\/2021\/08\/repetitorlardan-covid-19-pasportu-t\u0259l\u0259b-olunacaq-1211.jpg",750,543,false]},"rttpg_author":{"display_name":"V\u00fcsal Rafiqo\u011flu","author_link":"https:\/\/arantv.az\/?author=2"},"rttpg_comment":0,"rttpg_category":"<a href=\"https:\/\/arantv.az\/?cat=19\" rel=\"category\">G\u00fcnd\u0259m<\/a>","rttpg_excerpt":"Avqust ay\u0131n\u0131n 16-dan\u00a0etibar\u0259n \u018fm\u0259k v\u0259 \u018fhalinin Sosial M\u00fcdafi\u0259si Nazirliyinin, onun qurumlar\u0131n\u0131n q\u0259bul m\u0259rk\u0259zl\u0259rind\u0259, habel\u0259 DOST m\u0259rk\u0259zl\u0259rind\u0259 v\u0259t\u0259nda\u015flar\u0131n q\u0259bulu v\u0259 m\u00fcraci\u0259tl\u0259rin\u0259 bax\u0131lmas\u0131 yaln\u0131z peyv\u0259nd olunmalar\u0131 v\u0259 ya COVID-19-dan sa\u011falaraq immunitet\u0259 malik olmalar\u0131 bar\u0259d\u0259 t\u0259sdiqedici s\u0259n\u0259d (COVID-19 pasportu) olduqlar\u0131 halda h\u0259yata ke\u00e7iril\u0259c\u0259k. Eyni zamanda, v\u0259t\u0259nda\u015flar\u0131n nazirliyin elektron xidm\u0259tl\u0259rin\u0259 etdikl\u0259ri m\u00fcraci\u0259tl\u0259r\u0259 bax\u0131lmas\u0131 da COVID-19 pasportuna malik olmalar\u0131 bar\u0259d\u0259&hellip;","_links":{"self":[{"href":"https:\/\/arantv.az\/index.php?rest_route=\/wp\/v2\/posts\/364331"}],"collection":[{"href":"https:\/\/arantv.az\/index.php?rest_route=\/wp\/v2\/posts"}],"about":[{"href":"https:\/\/arantv.az\/index.php?rest_route=\/wp\/v2\/types\/post"}],"author":[{"embeddable":true,"href":"https:\/\/arantv.az\/index.php?rest_route=\/wp\/v2\/users\/2"}],"replies":[{"embeddable":true,"href":"https:\/\/arantv.az\/index.php?rest_route=%2Fwp%2Fv2%2Fcomments&post=364331"}],"version-history":[{"count":0,"href":"https:\/\/arantv.az\/index.php?rest_route=\/wp\/v2\/posts\/364331\/revisions"}],"wp:featuredmedia":[{"embeddable":true,"href":"https:\/\/arantv.az\/index.php?rest_route=\/wp\/v2\/media\/364332"}],"wp:attachment":[{"href":"https:\/\/arantv.az\/index.php?rest_route=%2Fwp%2Fv2%2Fmedia&parent=364331"}],"wp:term":[{"taxonomy":"category","embeddable":true,"href":"https:\/\/arantv.az\/index.php?rest_route=%2Fwp%2Fv2%2Fcategories&post=364331"},{"taxonomy":"post_tag","embeddable":true,"href":"https:\/\/arantv.az\/index.php?rest_route=%2Fwp%2Fv2%2Ftags&post=364331"}],"curies":[{"name":"wp","href":"https:\/\/api.w.org\/{rel}","templated":true}]}}