{"id":364345,"date":"2021-08-09T08:31:02","date_gmt":"2021-08-09T05:31:02","guid":{"rendered":"http:\/\/arantv.az\/?p=364345"},"modified":"2021-08-09T08:31:02","modified_gmt":"2021-08-09T05:31:02","slug":"ot%c9%99n-gec%c9%99-dord-avtomobil-yanib","status":"publish","type":"post","link":"https:\/\/arantv.az\/?p=364345","title":{"rendered":"\u00d6t\u0259n gec\u0259 d\u00f6rd avtomobil yan\u0131b"},"content":{"rendered":"<p>\u00d6t\u0259n gec\u0259 respublika \u0259razisind\u0259 d\u00f6rd avtomobil yan\u0131b.<\/p>\n<p>Bu bar\u0259d\u0259 F\u00f6vq\u0259lad\u0259 Hallar Nazirliyi m\u0259lumat yay\u0131b.<\/p>\n<div id=\"AdviadNativeVideo0\" class=\"AdviadNativeVideo\"><\/div>\n<p>Bin\u0259q\u0259di rayonunda \u201cFord\u201d markal\u0131 (q\u0259zal\u0131) y\u00fck avtomobilinin yanar hiss\u0259l\u0259ri yan\u0131b, y\u00fcks\u0259k temperaturdan \u201cMercedes\u201d markal\u0131 y\u00fck avtomobilinin 1 qap\u0131s\u0131, \u00fcst\u00fcnd\u0259 olan soyuducusu qism\u0259n v\u0259 \u201cJeep\u201d markal\u0131 minik avtomobilinin 1 \u0259d\u0259d arxa f\u0259n\u0259ri v\u0259 buferi \u0259riyib. Avtomobill\u0259rin qalan hiss\u0259si yan\u011f\u0131ndan m\u00fchafiz\u0259 olunub.<\/p>\n<p>Bil\u0259suvar rayonunun \u00c7ayl\u0131 k\u0259ndind\u0259 VAZ markal\u0131 minik avtomobilinin yanar hiss\u0259l\u0259ri yan\u0131b. Yax\u0131nl\u0131qdak\u0131 a\u011faclar yan\u011f\u0131ndan m\u00fchafiz\u0259 olunub.<\/p>\n<p>Alov yan\u011f\u0131ndan m\u00fchafiz\u0259 b\u00f6lm\u0259l\u0259ri t\u0259r\u0259find\u0259n s\u00f6nd\u00fcr\u00fcl\u00fcb.<\/p>\n","protected":false},"excerpt":{"rendered":"<p>\u00d6t\u0259n gec\u0259 respublika \u0259razisind\u0259 d\u00f6rd avtomobil yan\u0131b. Bu bar\u0259d\u0259 F\u00f6vq\u0259lad\u0259 Hallar Nazirliyi m\u0259lumat yay\u0131b. Bin\u0259q\u0259di rayonunda \u201cFord\u201d markal\u0131 (q\u0259zal\u0131) y\u00fck avtomobilinin yanar hiss\u0259l\u0259ri yan\u0131b, y\u00fcks\u0259k temperaturdan \u201cMercedes\u201d markal\u0131 y\u00fck avtomobilinin 1 qap\u0131s\u0131, \u00fcst\u00fcnd\u0259 olan soyuducusu qism\u0259n v\u0259 \u201cJeep\u201d markal\u0131 minik avtomobilinin 1 \u0259d\u0259d arxa f\u0259n\u0259ri v\u0259 buferi \u0259riyib. Avtomobill\u0259rin qalan hiss\u0259si yan\u011f\u0131ndan m\u00fchafiz\u0259 olunub. Bil\u0259suvar rayonunun \u00c7ayl\u0131 k\u0259ndind\u0259 VAZ markal\u0131 minik avtomobilinin yanar hiss\u0259l\u0259ri yan\u0131b. Yax\u0131nl\u0131qdak\u0131 a\u011faclar yan\u011f\u0131ndan m\u00fchafiz\u0259 olunub. Alov yan\u011f\u0131ndan m\u00fchafiz\u0259 b\u00f6lm\u0259l\u0259ri t\u0259r\u0259find\u0259n s\u00f6nd\u00fcr\u00fcl\u00fcb.<\/p>\n","protected":false},"author":2,"featured_media":364346,"comment_status":"closed","ping_status":"closed","sticky":false,"template":"","format":"standard","meta":{"om_disable_all_campaigns":false,"_monsterinsights_skip_tracking":false,"_monsterinsights_sitenote_active":false,"_monsterinsights_sitenote_note":"","_monsterinsights_sitenote_category":0},"categories":[5],"tags":[],"aioseo_notices":[],"gutentor_comment":0,"rttpg_featured_image_url":{"full":["https:\/\/arantv.az\/wp-content\/uploads\/2021\/08\/yab.jpg",620,292,false],"landscape":["https:\/\/arantv.az\/wp-content\/uploads\/2021\/08\/yab.jpg",620,292,false],"portraits":["https:\/\/arantv.az\/wp-content\/uploads\/2021\/08\/yab.jpg",620,292,false],"thumbnail":["https:\/\/arantv.az\/wp-content\/uploads\/2021\/08\/yab-500x280.jpg",500,280,true],"medium":["https:\/\/arantv.az\/wp-content\/uploads\/2021\/08\/yab.jpg",620,292,false],"large":["https:\/\/arantv.az\/wp-content\/uploads\/2021\/08\/yab.jpg",620,292,false],"1536x1536":["https:\/\/arantv.az\/wp-content\/uploads\/2021\/08\/yab.jpg",620,292,false],"2048x2048":["https:\/\/arantv.az\/wp-content\/uploads\/2021\/08\/yab.jpg",620,292,false],"post-thumbnail":["https:\/\/arantv.az\/wp-content\/uploads\/2021\/08\/yab-240x172.jpg",240,172,true],"advps-thumb-one":["https:\/\/arantv.az\/wp-content\/uploads\/2021\/08\/yab.jpg",620,292,false]},"rttpg_author":{"display_name":"V\u00fcsal Rafiqo\u011flu","author_link":"https:\/\/arantv.az\/?author=2"},"rttpg_comment":0,"rttpg_category":"<a href=\"https:\/\/arantv.az\/?cat=5\" rel=\"category\">Hadis\u0259<\/a>","rttpg_excerpt":"\u00d6t\u0259n gec\u0259 respublika \u0259razisind\u0259 d\u00f6rd avtomobil yan\u0131b. Bu bar\u0259d\u0259 F\u00f6vq\u0259lad\u0259 Hallar Nazirliyi m\u0259lumat yay\u0131b. Bin\u0259q\u0259di rayonunda \u201cFord\u201d markal\u0131 (q\u0259zal\u0131) y\u00fck avtomobilinin yanar hiss\u0259l\u0259ri yan\u0131b, y\u00fcks\u0259k temperaturdan \u201cMercedes\u201d markal\u0131 y\u00fck avtomobilinin 1 qap\u0131s\u0131, \u00fcst\u00fcnd\u0259 olan soyuducusu qism\u0259n v\u0259 \u201cJeep\u201d markal\u0131 minik avtomobilinin 1 \u0259d\u0259d arxa f\u0259n\u0259ri v\u0259 buferi \u0259riyib. Avtomobill\u0259rin qalan hiss\u0259si yan\u011f\u0131ndan m\u00fchafiz\u0259 olunub. Bil\u0259suvar&hellip;","_links":{"self":[{"href":"https:\/\/arantv.az\/index.php?rest_route=\/wp\/v2\/posts\/364345"}],"collection":[{"href":"https:\/\/arantv.az\/index.php?rest_route=\/wp\/v2\/posts"}],"about":[{"href":"https:\/\/arantv.az\/index.php?rest_route=\/wp\/v2\/types\/post"}],"author":[{"embeddable":true,"href":"https:\/\/arantv.az\/index.php?rest_route=\/wp\/v2\/users\/2"}],"replies":[{"embeddable":true,"href":"https:\/\/arantv.az\/index.php?rest_route=%2Fwp%2Fv2%2Fcomments&post=364345"}],"version-history":[{"count":0,"href":"https:\/\/arantv.az\/index.php?rest_route=\/wp\/v2\/posts\/364345\/revisions"}],"wp:featuredmedia":[{"embeddable":true,"href":"https:\/\/arantv.az\/index.php?rest_route=\/wp\/v2\/media\/364346"}],"wp:attachment":[{"href":"https:\/\/arantv.az\/index.php?rest_route=%2Fwp%2Fv2%2Fmedia&parent=364345"}],"wp:term":[{"taxonomy":"category","embeddable":true,"href":"https:\/\/arantv.az\/index.php?rest_route=%2Fwp%2Fv2%2Fcategories&post=364345"},{"taxonomy":"post_tag","embeddable":true,"href":"https:\/\/arantv.az\/index.php?rest_route=%2Fwp%2Fv2%2Ftags&post=364345"}],"curies":[{"name":"wp","href":"https:\/\/api.w.org\/{rel}","templated":true}]}}