{"id":364360,"date":"2021-08-09T08:38:01","date_gmt":"2021-08-09T05:38:01","guid":{"rendered":"http:\/\/arantv.az\/?p=364360"},"modified":"2021-08-09T08:38:01","modified_gmt":"2021-08-09T05:38:01","slug":"lacin-bosdur-bir-n%c9%99f%c9%99r-d%c9%99-erm%c9%99ni-qalmayib","status":"publish","type":"post","link":"https:\/\/arantv.az\/?p=364360","title":{"rendered":"La\u00e7\u0131n bo\u015fdur, bir n\u0259f\u0259r d\u0259 erm\u0259ni qalmay\u0131b"},"content":{"rendered":"<p>La\u00e7\u0131n \u015f\u0259h\u0259ri bo\u015fdur, orada bir n\u0259f\u0259r d\u0259 sakin yoxdur, h\u0259r yer ba\u011fl\u0131d\u0131r, ma\u011fazalar i\u015fl\u0259mir. La\u00e7\u0131nda Rusiya s\u00fclhm\u0259raml\u0131lar\u0131n\u0131n postlar\u0131ndan v\u0259 ke\u00e7ib ged\u0259n avtokolonlardan ba\u015fqa he\u00e7 n\u0259 yoxdur.<\/p>\n<p><strong>ARANTV.AZ<\/strong> turan.az-a istinad\u0259n x\u0259b\u0259r verir ki, bunu Az\u0259rbaycan\u0131n g\u00fcc qurumlar\u0131ndan birinin ad\u0131n\u0131n \u00e7\u0259kilm\u0259sini ist\u0259m\u0259y\u0259n \u0259m\u0259kda\u015f\u0131 bildirib.<\/p>\n<p>Onun s\u00f6zl\u0259rin\u0259 g\u00f6r\u0259, La\u00e7\u0131n dair\u0259sind\u0259 ancaq Erm\u0259nistan n\u00f6mr\u0259si olan 3-4 avtomobil g\u00f6r\u00fcb, halbuki, bu dair\u0259d\u0259n h\u0259r g\u00fcn \u00e7oxsayl\u0131 a\u011f\u0131r h\u0259rbi texnikaya malik Az\u0259rbaycan kolonlar\u0131 ke\u00e7ir.<\/p>\n<p>\u018fm\u0259kda\u015f Qaraba\u011fa uzun s\u00fcr\u0259n ezamiyy\u0259td\u0259n qay\u0131d\u0131b, Qubadl\u0131, A\u011fdam, K\u0259lb\u0259c\u0259r, F\u00fczuli, C\u0259bray\u0131l v\u0259 Z\u0259ngilan \u0259razil\u0259rind\u0259n ke\u00e7ib.<\/p>\n<p>Raz\u0131la\u015fmaya \u0259sas\u0259n erm\u0259ni avtokolonlar\u0131 s\u00fclhm\u0259raml\u0131lar\u0131n m\u00fc\u015fayi\u0259til\u0259 La\u00e7\u0131n yolu il\u0259 Erm\u0259nistana h\u0259ft\u0259nin t\u0259k g\u00fcnl\u0259ri, az\u0259rbaycanl\u0131 kolonlar is\u0259 c\u00fct g\u00fcnl\u0259r ke\u00e7ir. Az\u0259rbaycanl\u0131lar bu qrafik\u0259 ciddi \u0259m\u0259l edir, ancaq erm\u0259nil\u0259r bu yolla h\u0259ft\u0259nin b\u00fct\u00fcn g\u00fcnl\u0259ri gedirl\u0259r. \u00c7\u0259r\u015f\u0259nb\u0259 ax\u015fam\u0131, c\u00fcm\u0259 ax\u015fam\u0131 v\u0259 \u015f\u0259nb\u0259 g\u00fcnl\u0259ri erm\u0259ni s\u00fcr\u00fcc\u00fcl\u0259r Az\u0259rbaycan kolonlar\u0131n\u0131n s\u0259h\u0259r saat 9:00-da \u015fimaldan c\u0259nuba, ax\u015fam saat 16:00-da is\u0259 c\u0259nubdan \u015fimala ged\u0259c\u0259yini g\u00f6zl\u0259yirl\u0259r v\u0259 bu vaxt aral\u0131\u011f\u0131nda h\u0259r\u0259k\u0259t edirl\u0259r, &#8211; m\u0259nb\u0259 bildirib.<\/p>\n<p>O \u0259lav\u0259 edib ki, az\u0259rbaycanl\u0131 v\u0259 erm\u0259ni s\u00fcr\u00fcc\u00fcl\u0259r ruslar\u0131n t\u0259l\u0259bi il\u0259 avtomobill\u0259rd\u0259n milli bayraqlar\u0131 \u00e7\u0131xar\u0131rlar. S\u00fclhm\u0259raml\u0131lar deyirl\u0259r ki, bu, ona g\u00f6r\u0259 edilir ki, yerli \u0259hali onlar\u0131n h\u0259r\u0259k\u0259tin\u0259 mane olmas\u0131n. \u018fvv\u0259ll\u0259r yol k\u0259narlar\u0131nda duran m\u00fclki \u015f\u0259xsl\u0259rin avtomobill\u0259ri da\u015fa basmas\u0131 hallar\u0131 olub.<\/p>\n<p>Az\u0259rbaycan g\u00fcc strukturunun zabiti La\u00e7\u0131nda ancaq Rusiya bayraqlar\u0131n\u0131 g\u00f6r\u00fcb. O, rusiyal\u0131 h\u0259rb\u00e7il\u0259rl\u0259 s\u00f6hb\u0259t edib. Rusiyal\u0131 \u00f6z t\u0259\u0259ss\u00fcratlar\u0131n\u0131 b\u00f6l\u00fc\u015f\u00fcb, deyib ki, az\u0259rbaycanl\u0131larla s\u00f6hb\u0259tl\u0259rd\u0259 dinc h\u0259yat\u0131n vacibliyi bar\u0259d\u0259 m\u00fclahiz\u0259l\u0259r e\u015fidir. Rusiyal\u0131larla a\u00e7\u0131q dan\u0131\u015fan erm\u0259nil\u0259r is\u0259 t\u00fcrkl\u0259ri nec\u0259 \u00f6ld\u00fcrd\u00fckl\u0259rind\u0259n h\u0259v\u0259sl\u0259 dan\u0131\u015f\u0131rlar.<\/p>\n<p>Rusiya Silahl\u0131 Q\u00fcvv\u0259l\u0259rinin bu s\u00fclhm\u0259raml\u0131s\u0131 hesab edir ki, Rusiyan\u0131n regionda h\u0259rbi i\u015ftirak\u0131 ilk be\u015f ild\u0259n \u00e7ox \u00e7\u0259km\u0259y\u0259c\u0259k.<\/p>\n<p>Rayonun co\u011frafi x\u00fcsusiyy\u0259tl\u0259rind\u0259n as\u0131l\u0131 olaraq s\u00fclhyaratma postlar\u0131n\u0131n v\u0259 patrullar\u0131n sxemi f\u0259rql\u0259nir. \u018fg\u0259r da\u011flar\u0131n y\u00fcks\u0259k olmad\u0131\u011f\u0131 A\u011fdamda (\u015eelli k\u0259ndi \u0259razisind\u0259) ruslar\u0131n mobil patrullar\u0131 Az\u0259rbaycan v\u0259 Erm\u0259nistan h\u0259rbi postlar\u0131 aras\u0131nda h\u0259r\u0259k\u0259t edirs\u0259, La\u00e7\u0131nda v\u0259 Qubadl\u0131da bel\u0259 \u015fey m\u00fcmk\u00fcn deyil. M\u00fcnaqi\u015f\u0259 t\u0259r\u0259fl\u0259rinin postlar\u0131 da\u011flar\u0131n yamaclar\u0131nda v\u0259 ya silsil\u0259l\u0259rind\u0259 yerl\u0259\u015fir, onlar\u0131n aras\u0131nda ruslar\u0131n patrul \u00e7\u0259km\u0259si \u00fc\u00e7\u00fcn yol yoxdur v\u0259 m\u00fcharib\u0259 ed\u0259n ordular\u0131n \u0259sg\u0259rl\u0259ri bir-birinin qar\u015f\u0131s\u0131nda dayan\u0131rlar.<\/p>\n<p>H\u0259ms\u00f6hb\u0259timiz K\u0259lb\u0259c\u0259rd\u0259 \u00e7oxlu az\u0259rbaycanl\u0131 fermer g\u00f6r\u00fcb. Onlar \u00f6zl\u0259rin\u0259 m\u0259xsus k\u0259nd t\u0259s\u0259rr\u00fcfat\u0131 heyvanlar\u0131 s\u00fcr\u00fcs\u00fc v\u0259 ar\u0131 p\u0259t\u0259kl\u0259rinin yax\u0131nl\u0131\u011f\u0131nda \u00e7ad\u0131rlarda ya\u015fay\u0131rlar.<\/p>\n","protected":false},"excerpt":{"rendered":"<p>La\u00e7\u0131n \u015f\u0259h\u0259ri bo\u015fdur, orada bir n\u0259f\u0259r d\u0259 sakin yoxdur, h\u0259r yer ba\u011fl\u0131d\u0131r, ma\u011fazalar i\u015fl\u0259mir. La\u00e7\u0131nda Rusiya s\u00fclhm\u0259raml\u0131lar\u0131n\u0131n postlar\u0131ndan v\u0259 ke\u00e7ib ged\u0259n avtokolonlardan ba\u015fqa he\u00e7 n\u0259 yoxdur. ARANTV.AZ turan.az-a istinad\u0259n x\u0259b\u0259r verir ki, bunu Az\u0259rbaycan\u0131n g\u00fcc qurumlar\u0131ndan birinin ad\u0131n\u0131n \u00e7\u0259kilm\u0259sini ist\u0259m\u0259y\u0259n \u0259m\u0259kda\u015f\u0131 bildirib. Onun s\u00f6zl\u0259rin\u0259 g\u00f6r\u0259, La\u00e7\u0131n dair\u0259sind\u0259 ancaq Erm\u0259nistan n\u00f6mr\u0259si olan 3-4 avtomobil g\u00f6r\u00fcb, halbuki, bu dair\u0259d\u0259n h\u0259r g\u00fcn \u00e7oxsayl\u0131 a\u011f\u0131r h\u0259rbi texnikaya malik Az\u0259rbaycan kolonlar\u0131 ke\u00e7ir. \u018fm\u0259kda\u015f Qaraba\u011fa uzun s\u00fcr\u0259n ezamiyy\u0259td\u0259n qay\u0131d\u0131b, Qubadl\u0131, A\u011fdam, K\u0259lb\u0259c\u0259r, F\u00fczuli, C\u0259bray\u0131l v\u0259 Z\u0259ngilan \u0259razil\u0259rind\u0259n ke\u00e7ib. Raz\u0131la\u015fmaya \u0259sas\u0259n erm\u0259ni avtokolonlar\u0131 s\u00fclhm\u0259raml\u0131lar\u0131n m\u00fc\u015fayi\u0259til\u0259 La\u00e7\u0131n yolu&hellip;<\/p>\n","protected":false},"author":2,"featured_media":364361,"comment_status":"closed","ping_status":"closed","sticky":false,"template":"","format":"standard","meta":{"om_disable_all_campaigns":false,"_monsterinsights_skip_tracking":false,"_monsterinsights_sitenote_active":false,"_monsterinsights_sitenote_note":"","_monsterinsights_sitenote_category":0},"categories":[4],"tags":[],"aioseo_notices":[],"gutentor_comment":0,"rttpg_featured_image_url":{"full":["https:\/\/arantv.az\/wp-content\/uploads\/2021\/08\/2614701.jpg",640,390,false],"landscape":["https:\/\/arantv.az\/wp-content\/uploads\/2021\/08\/2614701.jpg",640,390,false],"portraits":["https:\/\/arantv.az\/wp-content\/uploads\/2021\/08\/2614701.jpg",640,390,false],"thumbnail":["https:\/\/arantv.az\/wp-content\/uploads\/2021\/08\/2614701-500x280.jpg",500,280,true],"medium":["https:\/\/arantv.az\/wp-content\/uploads\/2021\/08\/2614701-599x365.jpg",599,365,true],"large":["https:\/\/arantv.az\/wp-content\/uploads\/2021\/08\/2614701.jpg",640,390,false],"1536x1536":["https:\/\/arantv.az\/wp-content\/uploads\/2021\/08\/2614701.jpg",640,390,false],"2048x2048":["https:\/\/arantv.az\/wp-content\/uploads\/2021\/08\/2614701.jpg",640,390,false],"post-thumbnail":["https:\/\/arantv.az\/wp-content\/uploads\/2021\/08\/2614701-240x172.jpg",240,172,true],"advps-thumb-one":["https:\/\/arantv.az\/wp-content\/uploads\/2021\/08\/2614701.jpg",640,390,false]},"rttpg_author":{"display_name":"V\u00fcsal Rafiqo\u011flu","author_link":"https:\/\/arantv.az\/?author=2"},"rttpg_comment":0,"rttpg_category":"<a href=\"https:\/\/arantv.az\/?cat=4\" rel=\"category\">Siyas\u0259t<\/a>","rttpg_excerpt":"La\u00e7\u0131n \u015f\u0259h\u0259ri bo\u015fdur, orada bir n\u0259f\u0259r d\u0259 sakin yoxdur, h\u0259r yer ba\u011fl\u0131d\u0131r, ma\u011fazalar i\u015fl\u0259mir. La\u00e7\u0131nda Rusiya s\u00fclhm\u0259raml\u0131lar\u0131n\u0131n postlar\u0131ndan v\u0259 ke\u00e7ib ged\u0259n avtokolonlardan ba\u015fqa he\u00e7 n\u0259 yoxdur. ARANTV.AZ turan.az-a istinad\u0259n x\u0259b\u0259r verir ki, bunu Az\u0259rbaycan\u0131n g\u00fcc qurumlar\u0131ndan birinin ad\u0131n\u0131n \u00e7\u0259kilm\u0259sini ist\u0259m\u0259y\u0259n \u0259m\u0259kda\u015f\u0131 bildirib. Onun s\u00f6zl\u0259rin\u0259 g\u00f6r\u0259, La\u00e7\u0131n dair\u0259sind\u0259 ancaq Erm\u0259nistan n\u00f6mr\u0259si olan 3-4 avtomobil g\u00f6r\u00fcb, halbuki,&hellip;","_links":{"self":[{"href":"https:\/\/arantv.az\/index.php?rest_route=\/wp\/v2\/posts\/364360"}],"collection":[{"href":"https:\/\/arantv.az\/index.php?rest_route=\/wp\/v2\/posts"}],"about":[{"href":"https:\/\/arantv.az\/index.php?rest_route=\/wp\/v2\/types\/post"}],"author":[{"embeddable":true,"href":"https:\/\/arantv.az\/index.php?rest_route=\/wp\/v2\/users\/2"}],"replies":[{"embeddable":true,"href":"https:\/\/arantv.az\/index.php?rest_route=%2Fwp%2Fv2%2Fcomments&post=364360"}],"version-history":[{"count":0,"href":"https:\/\/arantv.az\/index.php?rest_route=\/wp\/v2\/posts\/364360\/revisions"}],"wp:featuredmedia":[{"embeddable":true,"href":"https:\/\/arantv.az\/index.php?rest_route=\/wp\/v2\/media\/364361"}],"wp:attachment":[{"href":"https:\/\/arantv.az\/index.php?rest_route=%2Fwp%2Fv2%2Fmedia&parent=364360"}],"wp:term":[{"taxonomy":"category","embeddable":true,"href":"https:\/\/arantv.az\/index.php?rest_route=%2Fwp%2Fv2%2Fcategories&post=364360"},{"taxonomy":"post_tag","embeddable":true,"href":"https:\/\/arantv.az\/index.php?rest_route=%2Fwp%2Fv2%2Ftags&post=364360"}],"curies":[{"name":"wp","href":"https:\/\/api.w.org\/{rel}","templated":true}]}}