{"id":364370,"date":"2021-08-09T08:44:12","date_gmt":"2021-08-09T05:44:12","guid":{"rendered":"http:\/\/arantv.az\/?p=364370"},"modified":"2021-08-09T08:44:12","modified_gmt":"2021-08-09T05:44:12","slug":"umr%c9%99-ziyar%c9%99ti-ucun-muraci%c9%99tl%c9%99rin-q%c9%99bulu-baslayir","status":"publish","type":"post","link":"https:\/\/arantv.az\/?p=364370","title":{"rendered":"\u00dcmr\u0259 ziyar\u0259ti \u00fc\u00e7\u00fcn m\u00fcraci\u0259tl\u0259rin q\u0259bulu ba\u015flay\u0131r"},"content":{"rendered":"<p>S\u0259udiyy\u0259 \u018fr\u0259bistan\u0131n\u0131n H\u0259cc v\u0259 \u00dcmr\u0259 Nazirliyi avqustun 9-dan etibar\u0259n \u00dcmr\u0259 ziyar\u0259tin\u0259 g\u0259lm\u0259k ist\u0259y\u0259n dindarlar\u0131n m\u00fcraci\u0259tinin q\u0259buluna ba\u015flay\u0131r.<strong> ARANTV.AZ<\/strong> x\u0259b\u0259r verir ki, SPA agentliyinin sayt\u0131nda yerl\u0259\u015fdiril\u0259n m\u0259lumatda qeyd edilib ki, z\u0259vvarlar \u0130slam ayinl\u0259rini icra ed\u0259c\u0259k, habel\u0259 M\u0259kk\u0259d\u0259ki B\u00f6y\u00fck M\u0259scid v\u0259 M\u0259din\u0259d\u0259ki Pey\u011f\u0259mb\u0259r m\u0259scidind\u0259 namaz q\u0131lacaqlar.<\/p>\n<p>M\u0259lumatda bildirilib ki, yerli v\u0259 \u0259cn\u0259bi z\u0259vvarlar\u0131n m\u00fcraci\u0259tl\u0259ri internetd\u0259 yerl\u0259\u015fdirilmi\u015f \u201cEatmarna\u201d v\u0259 \u201cTavakkalna\u201d t\u0259tbiql\u0259ri vasit\u0259sil\u0259 h\u0259yata ke\u00e7iril\u0259c\u0259k. Bu il h\u0259r biri 60 min z\u0259vvar olmaqla 8 qrup q\u0259bul edil\u0259c\u0259k v\u0259 \u00dcmr\u0259 ziyar\u0259tin\u0259 g\u0259l\u0259nl\u0259rin \u00fcmumi say\u0131 h\u0259r ay 2 milyon n\u0259f\u0259r\u0259 \u00e7atacaq. Nazir m\u00fcavini \u018fbd\u00fclf\u0259ttah bin S\u00fcleyman M\u0259\u015fat jurnalistl\u0259r\u0259 m\u00fcsahib\u0259sind\u0259 deyib ki, z\u0259vvarlar\u0131n t\u0259hl\u00fck\u0259sizliyini t\u0259min etm\u0259k m\u0259qs\u0259dil\u0259 \u00f6lk\u0259nin uy\u011fun nazirlikl\u0259ri il\u0259 birg\u0259 t\u0259dbirl\u0259r plan\u0131 haz\u0131rlan\u0131b.<\/p>\n<p>\u00dcmr\u0259 ziyar\u0259tin\u0259 g\u0259l\u0259c\u0259k \u0259cn\u0259bil\u0259r m\u00fctl\u0259q qaydada \u00f6z \u00f6lk\u0259l\u0259rind\u0259 COVID-19 \u0259leyhin\u0259 vaksinasiya sertifikat\u0131 t\u0259qdim etm\u0259li olacaqlar. Bu vaksinl\u0259r S\u0259udiyy\u0259 \u018fr\u0259bistan\u0131 S\u0259hiyy\u0259 Nazirliyinin t\u0259sdiq etdiyi siyah\u0131da olmal\u0131d\u0131r. Siyah\u0131da olan vaksinl\u0259rl\u0259 ba\u011fl\u0131 \u0259trafl\u0131 m\u0259lumat nazirliyin r\u0259smi sayt\u0131nda yerl\u0259\u015fdirilib.<\/p>\n","protected":false},"excerpt":{"rendered":"<p>S\u0259udiyy\u0259 \u018fr\u0259bistan\u0131n\u0131n H\u0259cc v\u0259 \u00dcmr\u0259 Nazirliyi avqustun 9-dan etibar\u0259n \u00dcmr\u0259 ziyar\u0259tin\u0259 g\u0259lm\u0259k ist\u0259y\u0259n dindarlar\u0131n m\u00fcraci\u0259tinin q\u0259buluna ba\u015flay\u0131r. ARANTV.AZ x\u0259b\u0259r verir ki, SPA agentliyinin sayt\u0131nda yerl\u0259\u015fdiril\u0259n m\u0259lumatda qeyd edilib ki, z\u0259vvarlar \u0130slam ayinl\u0259rini icra ed\u0259c\u0259k, habel\u0259 M\u0259kk\u0259d\u0259ki B\u00f6y\u00fck M\u0259scid v\u0259 M\u0259din\u0259d\u0259ki Pey\u011f\u0259mb\u0259r m\u0259scidind\u0259 namaz q\u0131lacaqlar. M\u0259lumatda bildirilib ki, yerli v\u0259 \u0259cn\u0259bi z\u0259vvarlar\u0131n m\u00fcraci\u0259tl\u0259ri internetd\u0259 yerl\u0259\u015fdirilmi\u015f \u201cEatmarna\u201d v\u0259 \u201cTavakkalna\u201d t\u0259tbiql\u0259ri vasit\u0259sil\u0259 h\u0259yata ke\u00e7iril\u0259c\u0259k. Bu il h\u0259r biri 60 min z\u0259vvar olmaqla 8 qrup q\u0259bul edil\u0259c\u0259k v\u0259 \u00dcmr\u0259 ziyar\u0259tin\u0259 g\u0259l\u0259nl\u0259rin \u00fcmumi say\u0131 h\u0259r ay 2 milyon n\u0259f\u0259r\u0259 \u00e7atacaq. Nazir m\u00fcavini \u018fbd\u00fclf\u0259ttah bin S\u00fcleyman&hellip;<\/p>\n","protected":false},"author":2,"featured_media":364371,"comment_status":"closed","ping_status":"closed","sticky":false,"template":"","format":"standard","meta":{"om_disable_all_campaigns":false,"_monsterinsights_skip_tracking":false,"_monsterinsights_sitenote_active":false,"_monsterinsights_sitenote_note":"","_monsterinsights_sitenote_category":0},"categories":[26],"tags":[],"aioseo_notices":[],"gutentor_comment":0,"rttpg_featured_image_url":{"full":["https:\/\/arantv.az\/wp-content\/uploads\/2021\/08\/00a03ec6155240331058765662611028738.jpg",975,540,false],"landscape":["https:\/\/arantv.az\/wp-content\/uploads\/2021\/08\/00a03ec6155240331058765662611028738.jpg",975,540,false],"portraits":["https:\/\/arantv.az\/wp-content\/uploads\/2021\/08\/00a03ec6155240331058765662611028738.jpg",975,540,false],"thumbnail":["https:\/\/arantv.az\/wp-content\/uploads\/2021\/08\/00a03ec6155240331058765662611028738-500x280.jpg",500,280,true],"medium":["https:\/\/arantv.az\/wp-content\/uploads\/2021\/08\/00a03ec6155240331058765662611028738-660x365.jpg",660,365,true],"large":["https:\/\/arantv.az\/wp-content\/uploads\/2021\/08\/00a03ec6155240331058765662611028738-840x465.jpg",640,354,true],"1536x1536":["https:\/\/arantv.az\/wp-content\/uploads\/2021\/08\/00a03ec6155240331058765662611028738.jpg",975,540,false],"2048x2048":["https:\/\/arantv.az\/wp-content\/uploads\/2021\/08\/00a03ec6155240331058765662611028738.jpg",975,540,false],"post-thumbnail":["https:\/\/arantv.az\/wp-content\/uploads\/2021\/08\/00a03ec6155240331058765662611028738-240x172.jpg",240,172,true],"advps-thumb-one":["https:\/\/arantv.az\/wp-content\/uploads\/2021\/08\/00a03ec6155240331058765662611028738.jpg",975,540,false]},"rttpg_author":{"display_name":"V\u00fcsal Rafiqo\u011flu","author_link":"https:\/\/arantv.az\/?author=2"},"rttpg_comment":0,"rttpg_category":"<a href=\"https:\/\/arantv.az\/?cat=26\" rel=\"category\">Sosial<\/a>","rttpg_excerpt":"S\u0259udiyy\u0259 \u018fr\u0259bistan\u0131n\u0131n H\u0259cc v\u0259 \u00dcmr\u0259 Nazirliyi avqustun 9-dan etibar\u0259n \u00dcmr\u0259 ziyar\u0259tin\u0259 g\u0259lm\u0259k ist\u0259y\u0259n dindarlar\u0131n m\u00fcraci\u0259tinin q\u0259buluna ba\u015flay\u0131r. ARANTV.AZ x\u0259b\u0259r verir ki, SPA agentliyinin sayt\u0131nda yerl\u0259\u015fdiril\u0259n m\u0259lumatda qeyd edilib ki, z\u0259vvarlar \u0130slam ayinl\u0259rini icra ed\u0259c\u0259k, habel\u0259 M\u0259kk\u0259d\u0259ki B\u00f6y\u00fck M\u0259scid v\u0259 M\u0259din\u0259d\u0259ki Pey\u011f\u0259mb\u0259r m\u0259scidind\u0259 namaz q\u0131lacaqlar. M\u0259lumatda bildirilib ki, yerli v\u0259 \u0259cn\u0259bi z\u0259vvarlar\u0131n m\u00fcraci\u0259tl\u0259ri internetd\u0259 yerl\u0259\u015fdirilmi\u015f \u201cEatmarna\u201d&hellip;","_links":{"self":[{"href":"https:\/\/arantv.az\/index.php?rest_route=\/wp\/v2\/posts\/364370"}],"collection":[{"href":"https:\/\/arantv.az\/index.php?rest_route=\/wp\/v2\/posts"}],"about":[{"href":"https:\/\/arantv.az\/index.php?rest_route=\/wp\/v2\/types\/post"}],"author":[{"embeddable":true,"href":"https:\/\/arantv.az\/index.php?rest_route=\/wp\/v2\/users\/2"}],"replies":[{"embeddable":true,"href":"https:\/\/arantv.az\/index.php?rest_route=%2Fwp%2Fv2%2Fcomments&post=364370"}],"version-history":[{"count":0,"href":"https:\/\/arantv.az\/index.php?rest_route=\/wp\/v2\/posts\/364370\/revisions"}],"wp:featuredmedia":[{"embeddable":true,"href":"https:\/\/arantv.az\/index.php?rest_route=\/wp\/v2\/media\/364371"}],"wp:attachment":[{"href":"https:\/\/arantv.az\/index.php?rest_route=%2Fwp%2Fv2%2Fmedia&parent=364370"}],"wp:term":[{"taxonomy":"category","embeddable":true,"href":"https:\/\/arantv.az\/index.php?rest_route=%2Fwp%2Fv2%2Fcategories&post=364370"},{"taxonomy":"post_tag","embeddable":true,"href":"https:\/\/arantv.az\/index.php?rest_route=%2Fwp%2Fv2%2Ftags&post=364370"}],"curies":[{"name":"wp","href":"https:\/\/api.w.org\/{rel}","templated":true}]}}