{"id":364373,"date":"2021-08-09T08:45:14","date_gmt":"2021-08-09T05:45:14","guid":{"rendered":"http:\/\/arantv.az\/?p=364373"},"modified":"2021-08-09T08:45:14","modified_gmt":"2021-08-09T05:45:14","slug":"nuv%c9%99di-harayi-pozulmus-huquqlarin-b%c9%99rpasi-adli-beyn%c9%99lxalq-elmi-praktik-konfransin-istirakcilarinin-az%c9%99rbaycan-prezidenti-ilham-%c9%99liyev%c9%99-muraci%c9%99ti","status":"publish","type":"post","link":"https:\/\/arantv.az\/?p=364373","title":{"rendered":"\u201cN\u00fcv\u0259di haray\u0131: pozulmu\u015f h\u00fcquqlar\u0131n b\u0259rpas\u0131\u201d adl\u0131 beyn\u0259lxalq elmi-praktik konfrans\u0131n i\u015ftirak\u00e7\u0131lar\u0131n\u0131n Az\u0259rbaycan Prezidenti \u0130lham \u018fliyev\u0259 m\u00fcraci\u0259ti"},"content":{"rendered":"<p>X\u0259b\u0259r verdiyimiz kimi, avqustun 7-d\u0259 Q\u0259rbi Z\u0259ng\u0259zurun N\u00fcv\u0259di k\u0259ndinin \u0259halisinin deportasiyas\u0131n\u0131n 30 illiyin\u0259 (1991-2021) h\u0259sr edilmi\u015f \u201cN\u00fcv\u0259di haray\u0131: pozulmu\u015f h\u00fcquqlar\u0131n b\u0259rpas\u0131\u201d adl\u0131 beyn\u0259lxalq elmi-praktik konfrans ke\u00e7irilib. Konfrans\u0131n i\u015ftirak\u00e7\u0131lar\u0131 Az\u0259rbaycan Respublikas\u0131n\u0131n Prezidenti \u0130lham \u018fliyev\u0259 m\u00fcraci\u0259t q\u0259bul edibl\u0259r.<\/p>\n<p><strong>ARANTV.AZ<\/strong> AZ\u018fRTAC-a istinad\u0259n m\u00fcraci\u0259ti t\u0259qdim edir:<\/p>\n<p>\u201cH\u00f6rm\u0259tli Prezident, c\u0259nab Ali Ba\u015f Komandan.<\/p>\n<p>\u0130lk n\u00f6vb\u0259d\u0259, Siz\u0259 &#8211; Az\u0259rbaycan Respublikas\u0131n\u0131n Prezidentin\u0259 v\u0259 Ali Ba\u015f Komandana 30 ild\u0259n art\u0131q i\u015f\u011fal alt\u0131nda olan Az\u0259rbaycan torpaqlar\u0131n\u0131n erm\u0259ni i\u015f\u011fal\u00e7\u0131lardan azad edilm\u0259sind\u0259, \u00f6lk\u0259mizin \u0259razi b\u00fct\u00f6vl\u00fcy\u00fcn\u00fcn b\u0259rpas\u0131nda, n\u0259hay\u0259t, beyn\u0259lxalq haqq-\u0259dal\u0259tin \u00f6z yerini tutmas\u0131nda g\u00f6st\u0259rdiyiniz misilsiz xidm\u0259tl\u0259riniz\u0259 g\u00f6r\u0259 d\u0259rin minn\u0259tdarl\u0131\u011f\u0131m\u0131z\u0131 bildiririk. Az\u0259rbaycan \u0259sg\u0259rinin \u0259sl q\u0259hr\u0259manl\u0131q \u015f\u00fcca\u0259ti, Az\u0259rbaycan xalq\u0131n\u0131n Sizin siyas\u0259ti tam d\u0259st\u0259kl\u0259m\u0259si v\u0259 \u0259sas\u0131 \u00fcmummilli lider Heyd\u0259r \u018fliyev t\u0259r\u0259find\u0259n qoyulan g\u00fccl\u00fc-inaml\u0131 siyas\u0259t beyn\u0259lxalq al\u0259md\u0259 Az\u0259rbaycan\u0131n n\u00fcfuzunu daha da y\u00fcks\u0259kl\u0259r\u0259 qald\u0131rd\u0131.<\/p>\n<p>H\u00f6rm\u0259tli Prezident, c\u0259nab Ali Ba\u015f Komandan.<\/p>\n<p>Az\u0259rbaycan xalq\u0131na v\u0259 Az\u0259rbaycan d\u00f6vl\u0259t\u00e7iliyin\u0259 qar\u015f\u0131 erm\u0259ni \u015fovinistl\u0259ri t\u0259r\u0259find\u0259n XIX \u0259srd\u0259n ba\u015flayaraq bu g\u00fcn\u0259d\u0259k davam ed\u0259n beyn\u0259lxalq cinay\u0259tl\u0259r siyas\u0259ti az\u0259rbaycanl\u0131lar\u0131n \u0259z\u0259li do\u011fma torpaqlar\u0131 olan Z\u0259ng\u0259zurdan tam deportasiya olunmalar\u0131na g\u0259tirib \u00e7\u0131xarm\u0131\u015fd\u0131r. Tarixi Az\u0259rbaycan torpa\u011f\u0131 olan yaln\u0131z az\u0259rbaycanl\u0131lar\u0131n ya\u015fad\u0131\u011f\u0131 sonuncu N\u00fcv\u0259di k\u0259ndi d\u0259 1991-ci il avqustun 8-d\u0259k erm\u0259nil\u0259rin h\u00fccumlar\u0131na davam g\u0259tir\u0259 bildi. 1991-\u0441i ilin avqustun 8-d\u0259n 1993-c\u00fc ilin oktyabr\u0131n 29-d\u0259k, y\u0259ni Z\u0259ngilan rayonunun Erm\u0259nistan t\u0259r\u0259find\u0259n i\u015f\u011fal\u0131na q\u0259d\u0259r n\u00fcv\u0259dilil\u0259r Z\u0259ngilan\u0131n s\u0259rh\u0259dd\u0259 yerl\u0259\u015f\u0259n Vejn\u0259li k\u0259ndind\u0259 m\u0259skunla\u015fm\u0131\u015flar. Onlar Vejn\u0259li k\u0259ndind\u0259n \u00e7ox da uzaq olmayan N\u00fcv\u0259diy\u0259 qay\u0131tmaq \u00fc\u00e7\u00fcn h\u0259r g\u00fcn b\u00f6y\u00fck \u00fcmidl\u0259 bax\u0131rd\u0131lar. Lakin Z\u0259ngilan rayonunun i\u015f\u011fal\u0131 bu arzular\u0131 h\u0259yata ke\u00e7irm\u0259y\u0259 imkan verm\u0259di.<\/p>\n<p>\u00dcmummilli lider Heyd\u0259r \u018fliyev n\u00fcv\u0259dilil\u0259rin 1988\u20131991-ci ill\u0259rd\u0259 g\u00f6st\u0259rdikl\u0259ri m\u00fcqavim\u0259ti m\u00fcsb\u0259t d\u0259y\u0259rl\u0259ndir\u0259r\u0259k demi\u015fdi: \u201cN\u00fcv\u0259di k\u0259ndinin camaat\u0131 \u00e7ox d\u0259yan\u0259tli insanlard\u0131r\u201d. \u00dcmummilli lider Heyd\u0259r \u018fliyevin o d\u00f6vrd\u0259 blokadada olan Nax\u00e7\u0131vandan n\u00fcv\u0259dilil\u0259r\u0259 g\u00f6st\u0259rdiyi ciddi d\u0259st\u0259k d\u0259 he\u00e7 vaxt unudulmayacaqd\u0131r.<\/p>\n<p>H\u00f6rm\u0259tli Prezident, c\u0259nab Ali Ba\u015f Komandan.<\/p>\n<p>Z\u0259ngilan rayonu il\u0259 s\u0259rh\u0259dd\u0259 yerl\u0259\u015f\u0259n \u0259z\u0259li Az\u0259rbaycan torpa\u011f\u0131 olan N\u00fcv\u0259di k\u0259ndi 1929-cu il\u0259 q\u0259d\u0259r inzibati \u0259razi b\u00f6lg\u00fcs\u00fc c\u0259h\u0259td\u0259n C\u0259bray\u0131l q\u0259zas\u0131na tabe olmu\u015fdur. Zaqafqaziya Sovet Federativ Sosialist Respublikas\u0131 f\u0259hl\u0259, k\u0259ndli, q\u0131z\u0131l ordu v\u0259 matros deputatlar\u0131 sovetl\u0259rinin M\u0259rk\u0259zi Komit\u0259si R\u0259yas\u0259t Hey\u0259tinin 18 fevral 1929-cu il tarixli iclas\u0131n\u0131n qanunsuz q\u0259rar\u0131 \u0259sas\u0131nda N\u00fcv\u0259di k\u0259ndi Az\u0259rbaycan SSR-in C\u0259bray\u0131l q\u0259zas\u0131ndan Erm\u0259nistan SSR-in Mehri q\u0259zas\u0131n\u0131n inzibati idar\u0259 etm\u0259sin\u0259 verilmi\u015fdir. H\u0259min s\u0259n\u0259d yaln\u0131z 1968-ci il 26 noyabrda Az\u0259rbaycan KP MK-n\u0131n b\u00fcrosunda bax\u0131laraq Az\u0259rbaycan SSR Ali Sovetinin 1969-cu il 7 may tarixli f\u0259rman\u0131 il\u0259 \u201cqanunla\u015fd\u0131r\u0131lm\u0131\u015fd\u0131r\u201d. G\u00f6r\u00fcnd\u00fcy\u00fc kimi, \u00fcmummilli lider Heyd\u0259r \u018fliyevin hakimiyy\u0259t\u0259 g\u0259lm\u0259sin\u0259 t\u0259xmin\u0259n iki ay qalm\u0131\u015f erm\u0259ni cinay\u0259tkarlar havadarlar\u0131n\u0131n k\u00f6m\u0259yi il\u0259 \u00f6z arzular\u0131na nail olmu\u015flar.<\/p>\n<p>\u018flb\u0259tt\u0259 ki, bu r\u0259smil\u0259\u015fdirm\u0259 tam qanunsuz olmu\u015f, h\u0259min k\u0259ndin \u0259halisinin, o c\u00fcml\u0259d\u0259n Az\u0259rbaycan xalq\u0131n\u0131n raz\u0131l\u0131\u011f\u0131 ifad\u0259 edilm\u0259mi\u015f, n\u0259hay\u0259t Az\u0259rbaycan\u0131n ovaxtk\u0131 Konstitusiyas\u0131 ciddi pozulmu\u015fdur. 1988-ci ilin fevral\u0131nda Erm\u0259nistandan az\u0259rbaycanl\u0131lar\u0131n son deportasiyas\u0131na ba\u015flanan zamandan n\u00fcv\u0259dilil\u0259r ovaxtk\u0131 Az\u0259rbaycan v\u0259 SSR\u0130 r\u0259hb\u0259rliyi qar\u015f\u0131s\u0131nda bu qanunsuz f\u0259rman\u0131n l\u0259\u011fv edilm\u0259si il\u0259 ba\u011fl\u0131 d\u0259f\u0259l\u0259rl\u0259 m\u0259s\u0259l\u0259 qald\u0131rm\u0131\u015f, lakin qanuni t\u0259l\u0259bl\u0259rin\u0259 nail ola bilm\u0259mi\u015fl\u0259r.<\/p>\n<p>M\u00f6ht\u0259r\u0259m Prezident, c\u0259nab Ali Ba\u015f Komandan.<\/p>\n<p>Az\u0259rbaycan \u0259razil\u0259rinin tarixi kimi N\u00fcv\u0259di k\u0259ndinin d\u0259 tarixi \u00e7ox q\u0259dimdir v\u0259 orada t\u00fcrk tayfalar\u0131n\u0131n izl\u0259ri bu g\u00fcn d\u0259 qal\u0131r. N\u00fcv\u0259di k\u0259ndind\u0259ki Qarqar yaz\u0131lar\u0131 \u00f6z q\u0259dimliyi, m\u00fck\u0259mm\u0259lliyi, \u00fcmumt\u00fcrk tarixi \u00fc\u00e7\u00fcn \u0259h\u0259miyy\u0259ti il\u0259 \u201cOrxon-Yenisey\u201d abid\u0259l\u0259rind\u0259n gerid\u0259 qalm\u0131r. N\u00fcv\u0259di \u0259razisind\u0259 yerl\u0259\u015f\u0259n tarixi Sultan-S\u0259lm\u0259 istehkam\u0131, o c\u00fcml\u0259d\u0259n Baba Hac\u0131 m\u00fcq\u0259dd\u0259s Ziyar\u0259tgah\u0131 v\u0259 dig\u0259r tarixi-dini-m\u0259d\u0259niyy\u0259t abid\u0259l\u0259ri regionda bu g\u00fcn d\u0259 insanlar t\u0259r\u0259find\u0259n xat\u0131rlan\u0131r. N\u00fcv\u0259did\u0259 olan \u201cTi\u015fneyni\u201d, \u201cA\u011fab\u0259yim piri\u201d, \u201cD\u0259hn\u0259 piri\u201d, \u201cDa\u011fda\u011fan piri\u201d, \u201cAbdul Ata\u201d v\u0259 dig\u0259r m\u00fcq\u0259dd\u0259s ziyar\u0259tgahlar, orta \u0259sr q\u0259biristanl\u0131qlar\u0131, m\u00fck\u0259mm\u0259l m\u00fch\u0259ndis konstruksiyal\u0131 yeralt\u0131 d\u0259hn\u0259 v\u0259 yer\u00fcst\u00fc k\u0259hrizl\u0259r sistemi z\u0259ngin v\u0259 q\u0259dim tariximizd\u0259n x\u0259b\u0259r verir.<\/p>\n<p>N\u00fcv\u0259di k\u0259ndinin tarixi ad\u0131 Erm\u0259nistan h\u00f6kum\u0259t\u0131 t\u0259r\u0259find\u0259n d\u0259yi\u015fdiril\u0259r\u0259k \u201cNrnadzor\u201d adland\u0131r\u0131lm\u0131\u015fd\u0131r. Yer adlar\u0131, co\u011frafi adlar da qeyri-maddi m\u0259d\u0259ni irsin bir hiss\u0259sidir v\u0259 onlar\u0131n k\u00fctl\u0259vi \u015f\u0259kild\u0259 saxtala\u015fd\u0131r\u0131lmas\u0131 orada \u0259srl\u0259r boyu ya\u015fam\u0131\u015f insanlar\u0131n m\u0259d\u0259ni h\u00fcquqlar\u0131n\u0131n birba\u015fa pozulmas\u0131 olmaqla toponimik soyq\u0131r\u0131m\u0131d\u0131r.<\/p>\n<p>Z\u0259ngin t\u0259bi\u0259ti, m\u00fcalic\u0259vi mineral sular\u0131, f\u00fcsunkar m\u0259nz\u0259r\u0259l\u0259ri v\u0259 \u0259srar\u0259ngiz meyv\u0259 ba\u011flar\u0131 il\u0259 b\u00f6lg\u0259d\u0259 m\u0259\u015fhur olan N\u00fcv\u0259di k\u0259ndi bu g\u00fcn xarabal\u0131\u011fa \u00e7evrilmi\u015fdir. \u00d6z \u0259m\u0259yimizl\u0259 qazand\u0131\u011f\u0131m\u0131z-qurdu\u011fumuz b\u00fct\u00fcn \u0259mlaklar h\u0259min k\u0259ndd\u0259 qalm\u0131\u015f, da\u011f\u0131d\u0131lm\u0131\u015f v\u0259 m\u0259nims\u0259nilmi\u015fdir. Bu g\u00fcn h\u0259min \u0259razil\u0259rd\u0259 yerl\u0259\u015f\u0259n tarixi, dini, memarl\u0131q v\u0259 m\u0259d\u0259niyy\u0259t abid\u0259l\u0259rinin m\u0259hvi d\u0259 bilavasit\u0259 \u201cm\u0259d\u0259ni soyq\u0131r\u0131m\u0131\u201d siyas\u0259tinin t\u0259rkib hiss\u0259si hesab olunmal\u0131d\u0131r. Haz\u0131rda N\u00fcv\u0259di k\u0259ndinin b\u00fct\u00fcn tarixi q\u0259biristanl\u0131qlar\u0131 v\u0259h\u015fic\u0259sin\u0259 da\u011f\u0131d\u0131lm\u0131\u015f v\u0259 da\u011f\u0131d\u0131lmaqda davam edir.<\/p>\n<p>H\u00f6rm\u0259tli Prezident, c\u0259nab Ali Ba\u015f Komandan.<\/p>\n<p>\u00dcmummilli lider Heyd\u0259r \u018fliyev 1980-ci ill\u0259rin ortalar\u0131nda Moskvada SSR\u0130 Nazirl\u0259r Soveti S\u0259drinin Birinci m\u00fcavini v\u0259zif\u0259sind\u0259 i\u015fl\u0259y\u0259rk\u0259n bilavasit\u0259 onun t\u0259\u015f\u0259bb\u00fcs\u00fc il\u0259 N\u00fcv\u0259di k\u0259ndi \u0259razisind\u0259n ke\u00e7m\u0259kl\u0259 Bak\u0131-Nax\u00e7\u0131van avtomobil yolunun Bak\u0131dan N\u00fcv\u0259diy\u0259 kimi 434 kilometr uzunlu\u011funda olan hiss\u0259si \u00e7\u0259kilmi\u015fdir. \u00dcmummilli lider Heyd\u0259r \u018fliyev sovetl\u0259r birliyi r\u0259hb\u0259rliyind\u0259n uzaqla\u015fd\u0131r\u0131landan sonra erm\u0259nil\u0259r bu yolun \u00e7\u0259kilm\u0259sinin davam etdirilm\u0259sin\u0259 mane olmu\u015flar.<\/p>\n<p>Haz\u0131rda bilavasit\u0259 Sizin t\u0259\u015f\u0259bb\u00fcs\u00fcn\u00fczl\u0259 in\u015fa edil\u0259c\u0259k v\u0259 Nax\u00e7\u0131van Muxtar Respublikas\u0131 il\u0259 Az\u0259rbaycan\u0131n q\u0259rb rayonlar\u0131n\u0131 birl\u0259\u015fdir\u0259n yeni n\u0259qliyyat kommunikasiyalar\u0131n\u0131n t\u0259hl\u00fck\u0259sizliyinin t\u0259minat\u0131 m\u0259s\u0259l\u0259sind\u0259 N\u00fcv\u0259di k\u0259ndi \u00e7ox m\u00fch\u00fcm rol oynaya bil\u0259r.<\/p>\n<p>Sizin bu g\u00fcn Erm\u0259nistana s\u00fclh t\u0259klifiniz insanlar\u0131n s\u00fclh h\u00fcququnun t\u0259min edilm\u0259si \u00fczr\u0259 b\u00fct\u00fcn d\u00fcnyaya bir n\u00fcmun\u0259dir. Sizin bu \u00e7a\u011f\u0131r\u0131\u015f\u0131n\u0131za uy\u011fun olaraq N\u00fcv\u0259di k\u0259ndinin sakinl\u0259ri d\u0259 dinc yana\u015f\u0131 ya\u015famaq prinsipi il\u0259 \u00f6z do\u011fma yurdlar\u0131na qay\u0131tmaq ist\u0259yirl\u0259r. Bu bizim qanuni v\u0259 tarixi haqq\u0131m\u0131zd\u0131r. B\u00fct\u00fcn insan h\u00fcquqlar\u0131 s\u0259n\u0259dl\u0259ri bizim qay\u0131tmaq h\u00fcququmuzu tam t\u0259sdiql\u0259yir. Bel\u0259 ki, 1948-ci il tarixli \u00dcmumd\u00fcnya \u0130nsan H\u00fcquqlar\u0131 B\u0259yannam\u0259si, 1951-ci il Qa\u00e7q\u0131nlar\u0131n statusu haqq\u0131nda Beyn\u0259lxalq Konvensiya, 1966-c\u0131 il beyn\u0259lxalq paktlar\u0131, BMT-nin 1998-ci il tarixli M\u0259cburi k\u00f6\u00e7k\u00fcnl\u0259rl\u0259 ba\u011fl\u0131 R\u0259hb\u0259r Prinsipl\u0259ri, BMT-nin \u0130qtisadi v\u0259 Sosial \u015euras\u0131n\u0131n 2005-ci ild\u0259 q\u0259bul etdiyi Qa\u00e7q\u0131nlar v\u0259 m\u0259cburi k\u00f6\u00e7k\u00fcnl\u0259r \u00fc\u00e7\u00fcn ev v\u0259 \u0259mlak restitusiyas\u0131 Prinsipl\u0259ri v\u0259 dig\u0259r beyn\u0259lxalq s\u0259n\u0259dl\u0259r bu qanuni v\u0259 tarixi haqq\u0131m\u0131z\u0131 m\u00fc\u0259yy\u0259n edir.<\/p>\n<p>Bu g\u00fcn Az\u0259rbaycanda 100 min\u0259 yax\u0131n erm\u0259ni ya\u015fad\u0131\u011f\u0131 halda, Erm\u0259nistanda bir n\u0259f\u0259r d\u0259 az\u0259rbaycanl\u0131 ya\u015fam\u0131r. Bu is\u0259 haqq-\u0259dal\u0259tin \u00e7ox b\u00f6y\u00fck pozulmas\u0131d\u0131r.<\/p>\n<p>Regionda s\u00fclh\u00fcn t\u0259min edilm\u0259si \u00fczr\u0259 Sizin t\u0259\u015f\u0259bb\u00fcsl\u0259riniz d\u00f6vl\u0259tl\u0259r t\u0259r\u0259find\u0259n d\u0259 d\u0259st\u0259kl\u0259nir. T\u0259biidir ki, g\u0259l\u0259c\u0259kd\u0259 Az\u0259rbaycan v\u0259 Erm\u0259nistan xalqlar\u0131n\u0131n yax\u0131nla\u015fmas\u0131nda qar\u015f\u0131l\u0131ql\u0131 etibar\u0131n artmas\u0131 v\u0259 pozulmu\u015f insan h\u00fcquqlar\u0131n\u0131n b\u0259rpas\u0131 m\u00fch\u00fcm rol oynayacaqd\u0131r. Bundan ba\u015fqa, N\u00fcv\u0259di k\u0259nd sakinl\u0259rinin \u00f6z do\u011fma yurdlar\u0131na qay\u0131tmas\u0131 yeni n\u0259qliyyat kommunikasiyalar\u0131n\u0131n b\u0259rpa edilm\u0259sind\u0259 v\u0259 t\u0259hl\u00fck\u0259sizliyinin t\u0259minat\u0131 m\u0259s\u0259l\u0259sind\u0259 d\u0259 \u00e7ox \u0259h\u0259miyy\u0259tli olacaqd\u0131r.<\/p>\n<p>H\u00f6rm\u0259tli Prezident, c\u0259nab Ali Ba\u015f Komandan.<\/p>\n<p>Biz art\u0131q 4 aya yax\u0131nd\u0131r ki, b\u00fct\u00fcn beyn\u0259lxalq t\u0259\u015fkilatlara m\u00fcraci\u0259tl\u0259r etmi\u015fik. B\u0259zil\u0259ri istisna olmaqla, \u0259ks\u0259r beyn\u0259lxalq t\u0259\u015fkilatlar h\u0259l\u0259 d\u0259 bu m\u0259s\u0259l\u0259y\u0259 reaksiya verm\u0259mi\u015fl\u0259r. Biz N\u00fcv\u0259di sakinl\u0259ri is\u0259 bu i\u015fd\u0259n geri \u00e7\u0259kil\u0259n deyilik. Bu i\u015fd\u0259 biz\u0259 b\u00fct\u00fcn d\u00fcnyada informasiya blokadas\u0131n\u0131 yaran dahi r\u0259hb\u0259r v\u0259 siyasi xadim kimi ancaq Siz d\u0259st\u0259k ver\u0259 bil\u0259rsiniz.<\/p>\n<p>D\u00fcnya az\u0259rbaycanl\u0131lar\u0131n\u0131n r\u0259hb\u0259ri v\u0259 b\u00fct\u00fcn Az\u0259rbaycan v\u0259t\u0259nda\u015flar\u0131n\u0131n h\u00fcquqlar\u0131n\u0131n qorunmas\u0131 \u00fc\u00e7\u00fcn gec\u0259-g\u00fcnd\u00fcz yorulmadan \u00e7al\u0131\u015fan d\u00f6vl\u0259t ba\u015f\u00e7\u0131m\u0131z kimi 1991-ci ilin avqust ay\u0131na q\u0259d\u0259r \u0259razisind\u0259 bir erm\u0259ni bel\u0259 ya\u015famayan N\u00fcv\u0259di k\u0259ndinin sakinl\u0259rinin pozulmu\u015f h\u00fcquqlar\u0131n\u0131n b\u0259rq\u0259rar olunmas\u0131nda \u00f6z\u00fcn\u00fcz\u00fcn beyn\u0259lxalq imkanlar\u0131n\u0131z\u0131 \u0259sirg\u0259m\u0259m\u0259kl\u0259, o c\u00fcml\u0259d\u0259n b\u00f6y\u00fck tarix\u0259 malik bir k\u00f6kl\u00fc xalq kimi k\u0259nd \u0259halisinin \u00f6z tarixind\u0259n ayr\u0131 d\u00fc\u015fm\u0259sin\u0259 imkan verm\u0259m\u0259kl\u0259, N\u00fcv\u0259di k\u0259ndinin \u0259halisinin \u00f6z do\u011fma yurduna qaytar\u0131lmas\u0131 m\u0259s\u0259l\u0259sin\u0259 d\u0259st\u0259k verm\u0259yinizi v\u0259 bu i\u015fin beyn\u0259lxalq al\u0259md\u0259 g\u00fcnd\u0259m\u0259 g\u0259tirilm\u0259sini Sizd\u0259n art\u0131q d\u0259r\u0259c\u0259d\u0259 xahi\u015f edirik\u201d.<\/p>\n","protected":false},"excerpt":{"rendered":"<p>X\u0259b\u0259r verdiyimiz kimi, avqustun 7-d\u0259 Q\u0259rbi Z\u0259ng\u0259zurun N\u00fcv\u0259di k\u0259ndinin \u0259halisinin deportasiyas\u0131n\u0131n 30 illiyin\u0259 (1991-2021) h\u0259sr edilmi\u015f \u201cN\u00fcv\u0259di haray\u0131: pozulmu\u015f h\u00fcquqlar\u0131n b\u0259rpas\u0131\u201d adl\u0131 beyn\u0259lxalq elmi-praktik konfrans ke\u00e7irilib. Konfrans\u0131n i\u015ftirak\u00e7\u0131lar\u0131 Az\u0259rbaycan Respublikas\u0131n\u0131n Prezidenti \u0130lham \u018fliyev\u0259 m\u00fcraci\u0259t q\u0259bul edibl\u0259r. ARANTV.AZ AZ\u018fRTAC-a istinad\u0259n m\u00fcraci\u0259ti t\u0259qdim edir: \u201cH\u00f6rm\u0259tli Prezident, c\u0259nab Ali Ba\u015f Komandan. \u0130lk n\u00f6vb\u0259d\u0259, Siz\u0259 &#8211; Az\u0259rbaycan Respublikas\u0131n\u0131n Prezidentin\u0259 v\u0259 Ali Ba\u015f Komandana 30 ild\u0259n art\u0131q i\u015f\u011fal alt\u0131nda olan Az\u0259rbaycan torpaqlar\u0131n\u0131n erm\u0259ni i\u015f\u011fal\u00e7\u0131lardan azad edilm\u0259sind\u0259, \u00f6lk\u0259mizin \u0259razi b\u00fct\u00f6vl\u00fcy\u00fcn\u00fcn b\u0259rpas\u0131nda, n\u0259hay\u0259t, beyn\u0259lxalq haqq-\u0259dal\u0259tin \u00f6z yerini tutmas\u0131nda g\u00f6st\u0259rdiyiniz misilsiz xidm\u0259tl\u0259riniz\u0259 g\u00f6r\u0259 d\u0259rin minn\u0259tdarl\u0131\u011f\u0131m\u0131z\u0131 bildiririk. Az\u0259rbaycan \u0259sg\u0259rinin&hellip;<\/p>\n","protected":false},"author":2,"featured_media":364374,"comment_status":"closed","ping_status":"closed","sticky":false,"template":"","format":"standard","meta":{"om_disable_all_campaigns":false,"_monsterinsights_skip_tracking":false,"_monsterinsights_sitenote_active":false,"_monsterinsights_sitenote_note":"","_monsterinsights_sitenote_category":0},"categories":[4],"tags":[],"aioseo_notices":[],"gutentor_comment":0,"rttpg_featured_image_url":{"full":["https:\/\/arantv.az\/wp-content\/uploads\/2021\/08\/c90070e1160944587511941945410238910-1.jpg",975,540,false],"landscape":["https:\/\/arantv.az\/wp-content\/uploads\/2021\/08\/c90070e1160944587511941945410238910-1.jpg",975,540,false],"portraits":["https:\/\/arantv.az\/wp-content\/uploads\/2021\/08\/c90070e1160944587511941945410238910-1.jpg",975,540,false],"thumbnail":["https:\/\/arantv.az\/wp-content\/uploads\/2021\/08\/c90070e1160944587511941945410238910-1-500x280.jpg",500,280,true],"medium":["https:\/\/arantv.az\/wp-content\/uploads\/2021\/08\/c90070e1160944587511941945410238910-1-660x365.jpg",660,365,true],"large":["https:\/\/arantv.az\/wp-content\/uploads\/2021\/08\/c90070e1160944587511941945410238910-1-840x465.jpg",640,354,true],"1536x1536":["https:\/\/arantv.az\/wp-content\/uploads\/2021\/08\/c90070e1160944587511941945410238910-1.jpg",975,540,false],"2048x2048":["https:\/\/arantv.az\/wp-content\/uploads\/2021\/08\/c90070e1160944587511941945410238910-1.jpg",975,540,false],"post-thumbnail":["https:\/\/arantv.az\/wp-content\/uploads\/2021\/08\/c90070e1160944587511941945410238910-1-240x172.jpg",240,172,true],"advps-thumb-one":["https:\/\/arantv.az\/wp-content\/uploads\/2021\/08\/c90070e1160944587511941945410238910-1.jpg",975,540,false]},"rttpg_author":{"display_name":"V\u00fcsal Rafiqo\u011flu","author_link":"https:\/\/arantv.az\/?author=2"},"rttpg_comment":0,"rttpg_category":"<a href=\"https:\/\/arantv.az\/?cat=4\" rel=\"category\">Siyas\u0259t<\/a>","rttpg_excerpt":"X\u0259b\u0259r verdiyimiz kimi, avqustun 7-d\u0259 Q\u0259rbi Z\u0259ng\u0259zurun N\u00fcv\u0259di k\u0259ndinin \u0259halisinin deportasiyas\u0131n\u0131n 30 illiyin\u0259 (1991-2021) h\u0259sr edilmi\u015f \u201cN\u00fcv\u0259di haray\u0131: pozulmu\u015f h\u00fcquqlar\u0131n b\u0259rpas\u0131\u201d adl\u0131 beyn\u0259lxalq elmi-praktik konfrans ke\u00e7irilib. Konfrans\u0131n i\u015ftirak\u00e7\u0131lar\u0131 Az\u0259rbaycan Respublikas\u0131n\u0131n Prezidenti \u0130lham \u018fliyev\u0259 m\u00fcraci\u0259t q\u0259bul edibl\u0259r. ARANTV.AZ AZ\u018fRTAC-a istinad\u0259n m\u00fcraci\u0259ti t\u0259qdim edir: \u201cH\u00f6rm\u0259tli Prezident, c\u0259nab Ali Ba\u015f Komandan. \u0130lk n\u00f6vb\u0259d\u0259, Siz\u0259 &#8211; Az\u0259rbaycan Respublikas\u0131n\u0131n Prezidentin\u0259&hellip;","_links":{"self":[{"href":"https:\/\/arantv.az\/index.php?rest_route=\/wp\/v2\/posts\/364373"}],"collection":[{"href":"https:\/\/arantv.az\/index.php?rest_route=\/wp\/v2\/posts"}],"about":[{"href":"https:\/\/arantv.az\/index.php?rest_route=\/wp\/v2\/types\/post"}],"author":[{"embeddable":true,"href":"https:\/\/arantv.az\/index.php?rest_route=\/wp\/v2\/users\/2"}],"replies":[{"embeddable":true,"href":"https:\/\/arantv.az\/index.php?rest_route=%2Fwp%2Fv2%2Fcomments&post=364373"}],"version-history":[{"count":0,"href":"https:\/\/arantv.az\/index.php?rest_route=\/wp\/v2\/posts\/364373\/revisions"}],"wp:featuredmedia":[{"embeddable":true,"href":"https:\/\/arantv.az\/index.php?rest_route=\/wp\/v2\/media\/364374"}],"wp:attachment":[{"href":"https:\/\/arantv.az\/index.php?rest_route=%2Fwp%2Fv2%2Fmedia&parent=364373"}],"wp:term":[{"taxonomy":"category","embeddable":true,"href":"https:\/\/arantv.az\/index.php?rest_route=%2Fwp%2Fv2%2Fcategories&post=364373"},{"taxonomy":"post_tag","embeddable":true,"href":"https:\/\/arantv.az\/index.php?rest_route=%2Fwp%2Fv2%2Ftags&post=364373"}],"curies":[{"name":"wp","href":"https:\/\/api.w.org\/{rel}","templated":true}]}}