{"id":364376,"date":"2021-08-09T08:46:47","date_gmt":"2021-08-09T05:46:47","guid":{"rendered":"http:\/\/arantv.az\/?p=364376"},"modified":"2021-08-09T08:46:47","modified_gmt":"2021-08-09T05:46:47","slug":"qarabagda-olmus-kolumbiyali-jurnalist-erm%c9%99ni-vandalligini-ifsa-edib","status":"publish","type":"post","link":"https:\/\/arantv.az\/?p=364376","title":{"rendered":"Qaraba\u011fda olmu\u015f kolumbiyal\u0131 jurnalist erm\u0259ni vandall\u0131\u011f\u0131n\u0131 if\u015fa edib"},"content":{"rendered":"<p>Kolumbiyan\u0131n n\u00fcfuzlu siyasi x\u0259b\u0259r agentlikl\u0259rind\u0259n olan \u201cEl Expediente\u201d v\u0259 \u201cLaOtraCara\u201d portallar\u0131nda tan\u0131nm\u0131\u015f jurnalist Roberto Trobaxonun i\u015f\u011faldan azad olunmu\u015f \u0259razil\u0259rimiz\u0259 etdiyi s\u0259f\u0259rin t\u0259\u0259ss\u00fcratlar\u0131 bar\u0259d\u0259 \u201cAz\u0259rbaycan\u0131n yenid\u0259n d\u00fcnyaya g\u0259li\u015fi\u201d ba\u015fl\u0131ql\u0131 m\u0259qal\u0259si d\u0259rc olunub.<\/p>\n<p>&nbsp;<\/p>\n<p>Az\u0259rbaycan Respublikas\u0131n\u0131n Meksikadak\u0131 S\u0259firliyind\u0259n \u201cReport\u201da veril\u0259n m\u0259lumata g\u00f6r\u0259, C\u0259bray\u0131l, F\u00fczuliQaraba\u011fda olmu\u015f kolumbiyal\u0131 jurnalist erm\u0259ni vandall\u0131\u011f\u0131n\u0131 if\u015fa edib, G\u0259nc\u0259, A\u011fdam v\u0259 \u015eu\u015fa \u015f\u0259h\u0259rl\u0259rind\u0259 s\u0259f\u0259rd\u0259 olmu\u015f jurnalist yaz\u0131s\u0131nda 30 il\u0259 yax\u0131n i\u015f\u011falda saxlan\u0131lm\u0131\u015f Az\u0259rbaycan \u0259razil\u0259rind\u0259 Erm\u0259nistan t\u0259r\u0259find\u0259n m\u00fclki ya\u015fay\u0131\u015f infrastrukturunun, dini ibad\u0259t yerl\u0259rinin, memarl\u0131q n\u00fcmun\u0259l\u0259rinin v\u0259 \u00e7ox\u0259srlik m\u0259d\u0259niyy\u0259t incil\u0259rinin da\u011f\u0131d\u0131ld\u0131\u011f\u0131n\u0131 v\u0259 ya\u011fmaland\u0131\u011f\u0131n\u0131 bildirib.<\/p>\n<p>&nbsp;<\/p>\n<p>Bu x\u00fcsusda, m\u00fc\u0259llif \u201cQafqaz\u0131n Xirosimas\u0131\u201d adland\u0131rd\u0131\u011f\u0131 A\u011fdam \u015f\u0259h\u0259rind\u0259 \u015fahidi oldu\u011fu erm\u0259ni vandalizmini x\u00fcsusi qeyd edib, \u015f\u0259h\u0259rin bir daha ya\u015fay\u0131\u015f \u00fc\u00e7\u00fcn \u0259lveri\u015fli hala g\u0259tiril\u0259 bilinm\u0259m\u0259si \u00fc\u00e7\u00fcn maksimum d\u0259r\u0259c\u0259d\u0259 m\u0259hv edildiyini, A\u011fdam Dram Teatr\u0131n\u0131n, \u00c7\u00f6r\u0259k Muzeyinin, y\u00fczillik saraylar\u0131n yerl\u0259-yeksan edildiyini, m\u0259scidl\u0259rd\u0259 heyvan b\u0259sl\u0259nildiyini, A\u011fdam\u0131n \u201cQaraba\u011f\u201d futbol klubunun stadionunun yarars\u0131z hala sal\u0131nd\u0131\u011f\u0131n\u0131 m\u0259lumat verib.<\/p>\n<p>M\u00fc\u0259llif C\u0259bray\u0131l \u015f\u0259h\u0259rind\u0259 k\u00fctl\u0259vi m\u0259zarl\u0131qlar\u0131n talan edildiyini v\u0259 erm\u0259ni silahl\u0131 q\u00fcvv\u0259l\u0259rinin bu prosesd\u0259n g\u0259lir m\u0259nb\u0259yi kimi d\u0259 istifad\u0259 etdiyini, habel\u0259 \u0259trafdak\u0131 \u00e7oxillik su bulaqlar\u0131n\u0131 tamamil\u0259 qurutdu\u011fu v\u0259 h\u0259min bulaqlar\u0131 b\u0259z\u0259y\u0259n m\u00fcxt\u0259lif fiqurlar\u0131 talan etdiyini qeyd edib.<\/p>\n<p>\u015eu\u015fan\u0131n Az\u0259rbaycan \u00fc\u00e7\u00fcn m\u0259n\u0259vi d\u0259y\u0259ri v\u0259 \u00f6lk\u0259 m\u0259d\u0259niyy\u0259tind\u0259ki m\u00fcst\u0259sna yeri haqda dan\u0131\u015fan kolumbiyal\u0131 jurnalist, \u0259l\u00e7atmaz \u015eu\u015fa qalas\u0131n\u0131n Az\u0259rbaycan silahl\u0131 q\u00fcvv\u0259l\u0259rinin qeyri-adi \u015f\u00fcca\u0259ti v\u0259 \u0259zmkarl\u0131\u011f\u0131 say\u0259sind\u0259 azad edildiyini vur\u011fulay\u0131b. Q\u0259dim \u015eu\u015fa qalas\u0131n\u0131n \u0259z\u0259m\u0259ti v\u0259 C\u0131d\u0131r d\u00fcz\u00fcn\u00fcn g\u00f6z\u0259lliyin\u0259 heyran oldu\u011funu ifad\u0259 ed\u0259n m\u00fc\u0259llif, burada da Az\u0259rbaycan\u0131n tarixi v\u0259 m\u0259d\u0259ni irsinin erm\u0259ni vandalizminin qurban\u0131 oldu\u011funu bildirib.<\/p>\n<p>&nbsp;<\/p>\n<p>Bu \u0259razil\u0259rd\u0259 \u015f\u0259h\u0259r v\u0259 q\u0259s\u0259b\u0259l\u0259rin yenid\u0259n qurulmas\u0131 v\u0259 az\u0259rbaycanl\u0131 \u0259halinin \u00f6z evl\u0259rin\u0259 qay\u0131d\u0131\u015f\u0131na \u0259ng\u0259l t\u00f6r\u0259tm\u0259k m\u0259qs\u0259dil\u0259 Erm\u0259nistan t\u0259r\u0259find\u0259n k\u00fctl\u0259vi minalanma apar\u0131ld\u0131\u011f\u0131n\u0131 dey\u0259n m\u00fc\u0259llif Az\u0259rbaycan\u0131n burada intensiv minat\u0259mizl\u0259m\u0259, b\u0259rpa v\u0259 yenid\u0259nqurma i\u015fl\u0259ri h\u0259yata ke\u00e7irdiyini v\u0259 bu \u015f\u0259h\u0259rl\u0259rin tezlikl\u0259 \u0259vv\u0259lkind\u0259n d\u0259 g\u00f6z\u0259l, bax\u0131ml\u0131 hala g\u0259tiril\u0259c\u0259yini qeyd edib.<\/p>\n<p>&nbsp;<\/p>\n<p>Sonda m\u00fc\u0259llif q\u0259dim v\u0259 g\u00f6z\u0259l diyarlar\u0131n i\u015f\u011fal\u00e7\u0131 d\u00f6vl\u0259tin vandalizmi n\u0259tic\u0259sind\u0259 xarabal\u0131\u011fa \u00e7evrildiyin\u0259 \u015fahid oldu\u011funu, ancaq d\u0259rin m\u0259n\u0259viyyat v\u0259 \u0259zmkarl\u0131q say\u0259sind\u0259 yenid\u0259n, daha g\u00fccl\u00fc \u015f\u0259kild\u0259 do\u011fulma\u011f\u0131n m\u00fcmk\u00fcn oldu\u011funu Az\u0259rbaycan xalq\u0131ndan \u00f6yr\u0259ndiyini vur\u011fulay\u0131b.<\/p>\n","protected":false},"excerpt":{"rendered":"<p>Kolumbiyan\u0131n n\u00fcfuzlu siyasi x\u0259b\u0259r agentlikl\u0259rind\u0259n olan \u201cEl Expediente\u201d v\u0259 \u201cLaOtraCara\u201d portallar\u0131nda tan\u0131nm\u0131\u015f jurnalist Roberto Trobaxonun i\u015f\u011faldan azad olunmu\u015f \u0259razil\u0259rimiz\u0259 etdiyi s\u0259f\u0259rin t\u0259\u0259ss\u00fcratlar\u0131 bar\u0259d\u0259 \u201cAz\u0259rbaycan\u0131n yenid\u0259n d\u00fcnyaya g\u0259li\u015fi\u201d ba\u015fl\u0131ql\u0131 m\u0259qal\u0259si d\u0259rc olunub. &nbsp; Az\u0259rbaycan Respublikas\u0131n\u0131n Meksikadak\u0131 S\u0259firliyind\u0259n \u201cReport\u201da veril\u0259n m\u0259lumata g\u00f6r\u0259, C\u0259bray\u0131l, F\u00fczuliQaraba\u011fda olmu\u015f kolumbiyal\u0131 jurnalist erm\u0259ni vandall\u0131\u011f\u0131n\u0131 if\u015fa edib, G\u0259nc\u0259, A\u011fdam v\u0259 \u015eu\u015fa \u015f\u0259h\u0259rl\u0259rind\u0259 s\u0259f\u0259rd\u0259 olmu\u015f jurnalist yaz\u0131s\u0131nda 30 il\u0259 yax\u0131n i\u015f\u011falda saxlan\u0131lm\u0131\u015f Az\u0259rbaycan \u0259razil\u0259rind\u0259 Erm\u0259nistan t\u0259r\u0259find\u0259n m\u00fclki ya\u015fay\u0131\u015f infrastrukturunun, dini ibad\u0259t yerl\u0259rinin, memarl\u0131q n\u00fcmun\u0259l\u0259rinin v\u0259 \u00e7ox\u0259srlik m\u0259d\u0259niyy\u0259t incil\u0259rinin da\u011f\u0131d\u0131ld\u0131\u011f\u0131n\u0131 v\u0259 ya\u011fmaland\u0131\u011f\u0131n\u0131 bildirib. &nbsp; Bu x\u00fcsusda, m\u00fc\u0259llif \u201cQafqaz\u0131n Xirosimas\u0131\u201d adland\u0131rd\u0131\u011f\u0131&hellip;<\/p>\n","protected":false},"author":2,"featured_media":364377,"comment_status":"closed","ping_status":"closed","sticky":false,"template":"","format":"standard","meta":{"om_disable_all_campaigns":false,"_monsterinsights_skip_tracking":false,"_monsterinsights_sitenote_active":false,"_monsterinsights_sitenote_note":"","_monsterinsights_sitenote_category":0},"categories":[19],"tags":[],"aioseo_notices":[],"gutentor_comment":0,"rttpg_featured_image_url":{"full":["https:\/\/arantv.az\/wp-content\/uploads\/2021\/08\/03331f8f3054e46cd38f25fb50446a49.jpg",450,300,false],"landscape":["https:\/\/arantv.az\/wp-content\/uploads\/2021\/08\/03331f8f3054e46cd38f25fb50446a49.jpg",450,300,false],"portraits":["https:\/\/arantv.az\/wp-content\/uploads\/2021\/08\/03331f8f3054e46cd38f25fb50446a49.jpg",450,300,false],"thumbnail":["https:\/\/arantv.az\/wp-content\/uploads\/2021\/08\/03331f8f3054e46cd38f25fb50446a49-450x280.jpg",450,280,true],"medium":["https:\/\/arantv.az\/wp-content\/uploads\/2021\/08\/03331f8f3054e46cd38f25fb50446a49.jpg",450,300,false],"large":["https:\/\/arantv.az\/wp-content\/uploads\/2021\/08\/03331f8f3054e46cd38f25fb50446a49.jpg",450,300,false],"1536x1536":["https:\/\/arantv.az\/wp-content\/uploads\/2021\/08\/03331f8f3054e46cd38f25fb50446a49.jpg",450,300,false],"2048x2048":["https:\/\/arantv.az\/wp-content\/uploads\/2021\/08\/03331f8f3054e46cd38f25fb50446a49.jpg",450,300,false],"post-thumbnail":["https:\/\/arantv.az\/wp-content\/uploads\/2021\/08\/03331f8f3054e46cd38f25fb50446a49-240x172.jpg",240,172,true],"advps-thumb-one":["https:\/\/arantv.az\/wp-content\/uploads\/2021\/08\/03331f8f3054e46cd38f25fb50446a49.jpg",450,300,false]},"rttpg_author":{"display_name":"V\u00fcsal Rafiqo\u011flu","author_link":"https:\/\/arantv.az\/?author=2"},"rttpg_comment":0,"rttpg_category":"<a href=\"https:\/\/arantv.az\/?cat=19\" rel=\"category\">G\u00fcnd\u0259m<\/a>","rttpg_excerpt":"Kolumbiyan\u0131n n\u00fcfuzlu siyasi x\u0259b\u0259r agentlikl\u0259rind\u0259n olan \u201cEl Expediente\u201d v\u0259 \u201cLaOtraCara\u201d portallar\u0131nda tan\u0131nm\u0131\u015f jurnalist Roberto Trobaxonun i\u015f\u011faldan azad olunmu\u015f \u0259razil\u0259rimiz\u0259 etdiyi s\u0259f\u0259rin t\u0259\u0259ss\u00fcratlar\u0131 bar\u0259d\u0259 \u201cAz\u0259rbaycan\u0131n yenid\u0259n d\u00fcnyaya g\u0259li\u015fi\u201d ba\u015fl\u0131ql\u0131 m\u0259qal\u0259si d\u0259rc olunub. &nbsp; Az\u0259rbaycan Respublikas\u0131n\u0131n Meksikadak\u0131 S\u0259firliyind\u0259n \u201cReport\u201da veril\u0259n m\u0259lumata g\u00f6r\u0259, C\u0259bray\u0131l, F\u00fczuliQaraba\u011fda olmu\u015f kolumbiyal\u0131 jurnalist erm\u0259ni vandall\u0131\u011f\u0131n\u0131 if\u015fa edib, G\u0259nc\u0259, A\u011fdam v\u0259 \u015eu\u015fa \u015f\u0259h\u0259rl\u0259rind\u0259 s\u0259f\u0259rd\u0259&hellip;","_links":{"self":[{"href":"https:\/\/arantv.az\/index.php?rest_route=\/wp\/v2\/posts\/364376"}],"collection":[{"href":"https:\/\/arantv.az\/index.php?rest_route=\/wp\/v2\/posts"}],"about":[{"href":"https:\/\/arantv.az\/index.php?rest_route=\/wp\/v2\/types\/post"}],"author":[{"embeddable":true,"href":"https:\/\/arantv.az\/index.php?rest_route=\/wp\/v2\/users\/2"}],"replies":[{"embeddable":true,"href":"https:\/\/arantv.az\/index.php?rest_route=%2Fwp%2Fv2%2Fcomments&post=364376"}],"version-history":[{"count":0,"href":"https:\/\/arantv.az\/index.php?rest_route=\/wp\/v2\/posts\/364376\/revisions"}],"wp:featuredmedia":[{"embeddable":true,"href":"https:\/\/arantv.az\/index.php?rest_route=\/wp\/v2\/media\/364377"}],"wp:attachment":[{"href":"https:\/\/arantv.az\/index.php?rest_route=%2Fwp%2Fv2%2Fmedia&parent=364376"}],"wp:term":[{"taxonomy":"category","embeddable":true,"href":"https:\/\/arantv.az\/index.php?rest_route=%2Fwp%2Fv2%2Fcategories&post=364376"},{"taxonomy":"post_tag","embeddable":true,"href":"https:\/\/arantv.az\/index.php?rest_route=%2Fwp%2Fv2%2Ftags&post=364376"}],"curies":[{"name":"wp","href":"https:\/\/api.w.org\/{rel}","templated":true}]}}