{"id":364379,"date":"2021-08-09T08:47:40","date_gmt":"2021-08-09T05:47:40","guid":{"rendered":"http:\/\/arantv.az\/?p=364379"},"modified":"2021-08-09T08:47:40","modified_gmt":"2021-08-09T05:47:40","slug":"jirinovski-canli-yayinda-bu-d%c9%99f%c9%99-%c9%99rdogani-h%c9%99d%c9%99f%c9%99-aldi","status":"publish","type":"post","link":"https:\/\/arantv.az\/?p=364379","title":{"rendered":"Jirinovski canl\u0131 yay\u0131nda bu d\u0259f\u0259 \u018frdo\u011fan\u0131 h\u0259d\u0259f\u0259 ald\u0131"},"content":{"rendered":"<h3><strong>LDPR lideri iddia edib ki, T\u00fcrkiy\u0259 \u0130ngilt\u0259r\u0259 k\u0259\u015ffiyyat\u0131 il\u0259 birg\u0259 h\u0259r\u0259k\u0259t edir v\u0259&#8230;<\/strong><\/h3>\n<p>Rusiya Liberal Demokrat Partiyas\u0131n\u0131n lideri Vladimir Jirinovski indi d\u0259 T\u00fcrkiy\u0259 prezidenti R\u0259c\u0259b Tayyib \u018frdo\u011fan\u0131 h\u0259d\u0259f al\u0131b. Avqustun 8-d\u0259 \u201cRossiya-1\u201d telekanal\u0131nda yay\u0131mlanan \u201cSolovyovla bazar ax\u015fam\u0131\u201d proqram\u0131n canl\u0131 efirind\u0259 o d\u00fcnyadak\u0131 v\u0259ziyy\u0259ti t\u0259hlil ed\u0259rk\u0259n, Rusiyaya qar\u015f\u0131 ciddi \u0259ks-t\u0259bli\u011fat apar\u0131ld\u0131\u011f\u0131n\u0131 dey\u0259r\u0259k, \u0130ngilt\u0259r\u0259y\u0259 v\u0259 T\u00fcrkiy\u0259y\u0259 y\u00f6n\u0259lik ittihamlarla \u00e7\u0131x\u0131\u015f edib.<\/p>\n<p>LDPR lideri deyib ki, d\u00fcnyada ba\u015f ver\u0259n \u0259sas hadis\u0259l\u0259rin arxas\u0131nda \u0130ngilt\u0259r\u0259 v\u0259 ingilis k\u0259\u015ffiyyat\u0131 dayan\u0131r. Onun s\u00f6zl\u0259rin\u0259 g\u00f6r\u0259, Qaraba\u011fdak\u0131 m\u00fcharib\u0259ni d\u0259 T\u00fcrkiy\u0259 \u0130ngil\u0259t\u0259r\u0259nin d\u0259st\u0259yi il\u0259 edib. LDPR lideri s\u0259rs\u0259ml\u0259m\u0259sini davam etdir\u0259r\u0259k, T\u00fcrkiy\u0259ni \u201c\u0130ngil\u0259t\u0259r\u0259nin morionetkas\u0131\u201d adland\u0131r\u0131b. O deyib ki, T\u00fcrkiy\u0259 M6-n\u0131n(\u0130ngilis k\u0259\u015ffiyyat\u0131n\u0131) Rusiyaya qar\u015f\u0131 oyununda yer al\u0131r, b\u00f6y\u00fck \u201cTuran ordusu\u201d ideyas\u0131 da \u0130ngilt\u0259r\u0259 k\u0259\u015ffiyyat\u0131 haz\u0131rlay\u0131b ortaya at\u0131b v\u0259 \u201c\u00f6z\u00fcn\u00fc sultan hesab ed\u0259n\u201d \u018frdo\u011fan da bu siyas\u0259ti apar\u0131r. Jironovski deyib ki, \u018frdo\u011fan h\u0259l\u0259 d\u0259 ger\u00e7\u0259kliyi q\u0259bul ed\u0259 bilmir v\u0259 \u00f6z\u00fcn\u00fc Osmanl\u0131 imperiyas\u0131n\u0131n sultan\u0131 kimi g\u00f6r\u00fcr.<\/p>\n<p><img loading=\"lazy\" src=\"https:\/\/a.radikal.ru\/a18\/2108\/61\/bd468caa5e84.jpg\" alt=\"\" width=\"602\" height=\"338\" \/><\/p>\n<p>LDPR lideri iddia edib ki, Az\u0259rbaycandan sonra T\u00fcrkiy\u0259 ordusu Q\u0131r\u011f\u0131z\u0131stan, Qazax\u0131stan v\u0259 \u00d6zb\u0259kistanda h\u0259rbi c\u0259h\u0259td\u0259n m\u00f6hk\u0259ml\u0259nm\u0259yi h\u0259d\u0259fl\u0259yib v\u0259 ortaq h\u0259rbi g\u00fcc yaratmaq niyy\u0259tind\u0259dirl\u0259r, h\u0259tta bu \u00f6lk\u0259l\u0259rin zabitl\u0259ri T\u00fcrkiy\u0259d\u0259 t\u0259liml\u0259r ke\u00e7irl\u0259r. Jirinovskiy\u0259 g\u00f6r\u0259, T\u00fcrkiy\u0259nin \u00f6z\u00fcn\u00fcn ciddi \u201cerm\u0259ni, k\u00fcrd, yunan v\u0259 bolqar\u201d probleml\u0259ri var v\u0259 par\u00e7alan bil\u0259r, \u201cTuran\u201d d\u00f6vl\u0259ti v\u0259 ordusu ideyas\u0131 is\u0259 al\u0131nmayacaq.<\/p>\n<p>Solovyov is\u0259 deyib ki, Aleksey Navaln\u0131n yax\u0131n silahda\u015f\u0131 Lyubov Sobol bu g\u00fcn T\u00fcrkiy\u0259y\u0259 qa\u00e7\u0131b. M\u00fczakir\u0259l\u0259rd\u0259 dig\u0259r ekspertl\u0259r Lubov Sobolun guya T\u00fcrkiy\u0259y\u0259 s\u0131\u011fnaca\u011f\u0131 il\u0259 ba\u011fl\u0131 iddialara inand\u0131r\u0131c\u0131 olmad\u0131\u011f\u0131n\u0131 v\u0259 m\u00fcxalif\u0259t\u00e7i xan\u0131m\u0131n ya Litvaya, ya da G\u00fcrc\u00fcstana ged\u0259 bil\u0259c\u0259yini deyibl\u0259r.<\/p>\n<p><img loading=\"lazy\" src=\"https:\/\/b.radikal.ru\/b14\/2108\/ed\/db0e7658a459.jpg\" alt=\"\" width=\"600\" height=\"400\" \/><\/p>\n<p>Solovyov avqustun 8-nin G\u00fcrc\u00fcstanla m\u00fcharib\u0259nin 13-c\u00fc ildd\u00f6n\u00fcm\u00fc oldu\u011funu yada salaraq \u201cRusiya nahaq dayand\u0131 sonad\u0259k getm\u0259k, g\u00fcrc\u00fc xalq\u0131n\u0131 Saaka\u015fvili z\u00fclm\u00fcnd\u0259n qurtarmaq laz\u0131m idi\u201d des\u0259 d\u0259, \u0259slind\u0259 G\u00fcrc\u00fcstan\u0131n b\u00fct\u00fcn \u0259razil\u0259rinin i\u015f\u011fal\u0131n\u0131n z\u0259ruri oldu\u011funa i\u015far\u0259 edib.<\/p>\n<p>Yada salaq ki, bir ne\u00e7\u0259 g\u00fcn \u0259vv\u0259l LDPR lideri \u201cKomsomolskaya Pravda\u201d radiosunun m\u00fcxbiri s\u00f6hb\u0259t zaman\u0131 Az\u0259rbaycan v\u0259 Erm\u0259nistan aras\u0131ndak\u0131 m\u00f6vcud v\u0259ziyy\u0259tl\u0259 ba\u011fl\u0131 Rusiya h\u0259rb\u00e7il\u0259rinin iki \u00f6lk\u0259nin s\u0259rh\u0259ddin\u0259 g\u00f6nd\u0259rilm\u0259si il\u0259 ba\u011fl\u0131 suallara cavab verib. Jirinovski C\u0259nubi Qafqaz\u0131n\u0131n Rusiyan\u0131n t\u0259sir dair\u0259si oldu\u011funu deyib v\u0259 bildirib ki, h\u0259m d\u0259 Rusiya Qafqaza m\u00fcharib\u0259 il\u0259 getmir, erm\u0259nil\u0259r xahi\u015f edirl\u0259r.<\/p>\n<p>LDPR lideri AB\u015e prezidentinin Az\u0259rbaycanda iki h\u0259ft\u0259y\u0259 hakimiyy\u0259ti d\u0259yi\u015f\u0259c\u0259 bil\u0259c\u0259yi kimi axmaq fikirl\u0259r i\u015fl\u0259dib.<\/p>\n<p>Avqustun 1-d\u0259 is\u0259 Rusiya s\u0259firliyinin m\u00fcv\u0259qq\u0259ti i\u015fl\u0259r v\u0259kili Az\u0259rbaycan Xarici \u0130\u015fl\u0259r Nazirliyin\u0259 d\u0259v\u0259t olunub.<\/p>\n<p>Jirinovskinin\u00a0 Az\u0259rbaycan\u0131n d\u00f6vl\u0259t\u00e7iliyi v\u0259 r\u0259hb\u0259rliyi \u00fcnvan\u0131na s\u0259sl\u0259ndirdiyi q\u0259r\u0259zli, t\u0259hqiramiz fikirl\u0259ri il\u0259 ba\u011fl\u0131 ciddi narahatl\u0131q, etiraz \u00e7atd\u0131r\u0131l\u0131b.<\/p>\n<p><strong>Musavat.com<\/strong><\/p>\n","protected":false},"excerpt":{"rendered":"<p>LDPR lideri iddia edib ki, T\u00fcrkiy\u0259 \u0130ngilt\u0259r\u0259 k\u0259\u015ffiyyat\u0131 il\u0259 birg\u0259 h\u0259r\u0259k\u0259t edir v\u0259&#8230; Rusiya Liberal Demokrat Partiyas\u0131n\u0131n lideri Vladimir Jirinovski indi d\u0259 T\u00fcrkiy\u0259 prezidenti R\u0259c\u0259b Tayyib \u018frdo\u011fan\u0131 h\u0259d\u0259f al\u0131b. Avqustun 8-d\u0259 \u201cRossiya-1\u201d telekanal\u0131nda yay\u0131mlanan \u201cSolovyovla bazar ax\u015fam\u0131\u201d proqram\u0131n canl\u0131 efirind\u0259 o d\u00fcnyadak\u0131 v\u0259ziyy\u0259ti t\u0259hlil ed\u0259rk\u0259n, Rusiyaya qar\u015f\u0131 ciddi \u0259ks-t\u0259bli\u011fat apar\u0131ld\u0131\u011f\u0131n\u0131 dey\u0259r\u0259k, \u0130ngilt\u0259r\u0259y\u0259 v\u0259 T\u00fcrkiy\u0259y\u0259 y\u00f6n\u0259lik ittihamlarla \u00e7\u0131x\u0131\u015f edib. LDPR lideri deyib ki, d\u00fcnyada ba\u015f ver\u0259n \u0259sas hadis\u0259l\u0259rin arxas\u0131nda \u0130ngilt\u0259r\u0259 v\u0259 ingilis k\u0259\u015ffiyyat\u0131 dayan\u0131r. Onun s\u00f6zl\u0259rin\u0259 g\u00f6r\u0259, Qaraba\u011fdak\u0131 m\u00fcharib\u0259ni d\u0259 T\u00fcrkiy\u0259 \u0130ngil\u0259t\u0259r\u0259nin d\u0259st\u0259yi il\u0259 edib. LDPR lideri s\u0259rs\u0259ml\u0259m\u0259sini davam etdir\u0259r\u0259k, T\u00fcrkiy\u0259ni&hellip;<\/p>\n","protected":false},"author":2,"featured_media":364380,"comment_status":"closed","ping_status":"closed","sticky":false,"template":"","format":"standard","meta":{"om_disable_all_campaigns":false,"_monsterinsights_skip_tracking":false,"_monsterinsights_sitenote_active":false,"_monsterinsights_sitenote_note":"","_monsterinsights_sitenote_category":0},"categories":[19],"tags":[],"aioseo_notices":[],"gutentor_comment":0,"rttpg_featured_image_url":{"full":["https:\/\/arantv.az\/wp-content\/uploads\/2021\/08\/e40704253f2937df62c8313f210ccdbf.jpg",450,300,false],"landscape":["https:\/\/arantv.az\/wp-content\/uploads\/2021\/08\/e40704253f2937df62c8313f210ccdbf.jpg",450,300,false],"portraits":["https:\/\/arantv.az\/wp-content\/uploads\/2021\/08\/e40704253f2937df62c8313f210ccdbf.jpg",450,300,false],"thumbnail":["https:\/\/arantv.az\/wp-content\/uploads\/2021\/08\/e40704253f2937df62c8313f210ccdbf-450x280.jpg",450,280,true],"medium":["https:\/\/arantv.az\/wp-content\/uploads\/2021\/08\/e40704253f2937df62c8313f210ccdbf.jpg",450,300,false],"large":["https:\/\/arantv.az\/wp-content\/uploads\/2021\/08\/e40704253f2937df62c8313f210ccdbf.jpg",450,300,false],"1536x1536":["https:\/\/arantv.az\/wp-content\/uploads\/2021\/08\/e40704253f2937df62c8313f210ccdbf.jpg",450,300,false],"2048x2048":["https:\/\/arantv.az\/wp-content\/uploads\/2021\/08\/e40704253f2937df62c8313f210ccdbf.jpg",450,300,false],"post-thumbnail":["https:\/\/arantv.az\/wp-content\/uploads\/2021\/08\/e40704253f2937df62c8313f210ccdbf-240x172.jpg",240,172,true],"advps-thumb-one":["https:\/\/arantv.az\/wp-content\/uploads\/2021\/08\/e40704253f2937df62c8313f210ccdbf.jpg",450,300,false]},"rttpg_author":{"display_name":"V\u00fcsal Rafiqo\u011flu","author_link":"https:\/\/arantv.az\/?author=2"},"rttpg_comment":0,"rttpg_category":"<a href=\"https:\/\/arantv.az\/?cat=19\" rel=\"category\">G\u00fcnd\u0259m<\/a>","rttpg_excerpt":"LDPR lideri iddia edib ki, T\u00fcrkiy\u0259 \u0130ngilt\u0259r\u0259 k\u0259\u015ffiyyat\u0131 il\u0259 birg\u0259 h\u0259r\u0259k\u0259t edir v\u0259&#8230; Rusiya Liberal Demokrat Partiyas\u0131n\u0131n lideri Vladimir Jirinovski indi d\u0259 T\u00fcrkiy\u0259 prezidenti R\u0259c\u0259b Tayyib \u018frdo\u011fan\u0131 h\u0259d\u0259f al\u0131b. Avqustun 8-d\u0259 \u201cRossiya-1\u201d telekanal\u0131nda yay\u0131mlanan \u201cSolovyovla bazar ax\u015fam\u0131\u201d proqram\u0131n canl\u0131 efirind\u0259 o d\u00fcnyadak\u0131 v\u0259ziyy\u0259ti t\u0259hlil ed\u0259rk\u0259n, Rusiyaya qar\u015f\u0131 ciddi \u0259ks-t\u0259bli\u011fat apar\u0131ld\u0131\u011f\u0131n\u0131 dey\u0259r\u0259k, \u0130ngilt\u0259r\u0259y\u0259 v\u0259 T\u00fcrkiy\u0259y\u0259 y\u00f6n\u0259lik&hellip;","_links":{"self":[{"href":"https:\/\/arantv.az\/index.php?rest_route=\/wp\/v2\/posts\/364379"}],"collection":[{"href":"https:\/\/arantv.az\/index.php?rest_route=\/wp\/v2\/posts"}],"about":[{"href":"https:\/\/arantv.az\/index.php?rest_route=\/wp\/v2\/types\/post"}],"author":[{"embeddable":true,"href":"https:\/\/arantv.az\/index.php?rest_route=\/wp\/v2\/users\/2"}],"replies":[{"embeddable":true,"href":"https:\/\/arantv.az\/index.php?rest_route=%2Fwp%2Fv2%2Fcomments&post=364379"}],"version-history":[{"count":0,"href":"https:\/\/arantv.az\/index.php?rest_route=\/wp\/v2\/posts\/364379\/revisions"}],"wp:featuredmedia":[{"embeddable":true,"href":"https:\/\/arantv.az\/index.php?rest_route=\/wp\/v2\/media\/364380"}],"wp:attachment":[{"href":"https:\/\/arantv.az\/index.php?rest_route=%2Fwp%2Fv2%2Fmedia&parent=364379"}],"wp:term":[{"taxonomy":"category","embeddable":true,"href":"https:\/\/arantv.az\/index.php?rest_route=%2Fwp%2Fv2%2Fcategories&post=364379"},{"taxonomy":"post_tag","embeddable":true,"href":"https:\/\/arantv.az\/index.php?rest_route=%2Fwp%2Fv2%2Ftags&post=364379"}],"curies":[{"name":"wp","href":"https:\/\/api.w.org\/{rel}","templated":true}]}}