{"id":364397,"date":"2021-08-09T09:08:35","date_gmt":"2021-08-09T06:08:35","guid":{"rendered":"http:\/\/arantv.az\/?p=364397"},"modified":"2021-08-09T09:08:35","modified_gmt":"2021-08-09T06:08:35","slug":"m%c9%99h%c9%99rr%c9%99m-ayi-baslayir","status":"publish","type":"post","link":"https:\/\/arantv.az\/?p=364397","title":{"rendered":"M\u0259h\u0259rr\u0259m ay\u0131 ba\u015flay\u0131r"},"content":{"rendered":"<p><strong>Sabahdan, avqustun 10-dan M\u0259h\u0259rr\u0259m ay\u0131 ba\u015flay\u0131r.<\/strong><\/p>\n<p><b>ARANTV.AZ <\/b>x\u0259b\u0259r verir ki, M\u0259h\u0259rr\u0259m ay\u0131n\u0131n ba\u015flamas\u0131ndan 10 g\u00fcn sonra, y\u0259ni avqustun 19-da A\u015fura g\u00fcn\u00fcd\u00fcr.<\/p>\n<p>Sentyabr\u0131n 8-d\u0259n ba\u015flayacaq S\u0259f\u0259r ay\u0131 oktyabr\u0131n 7-d\u0259 ba\u015fa \u00e7atacaq.<\/p>\n<p>Hicri t\u0259qviminin ilk iki ay\u0131nda (M\u0259h\u0259rr\u0259m v\u0259 S\u0259f\u0259r aylar\u0131) Az\u0259rbaycan\u0131n \u0259ks\u0259r b\u00f6lg\u0259l\u0259rind\u0259 toy m\u0259rasiml\u0259ri t\u0259xir\u0259 sal\u0131n\u0131r.<\/p>\n<p>Qeyd ed\u0259k ki, M\u0259h\u0259mm\u0259d pey\u011f\u0259mb\u0259rin (s) n\u0259v\u0259si imam H\u00fcseyn (\u0259), onun ail\u0259 \u00fczvl\u0259ri v\u0259 t\u0259r\u0259fdarlar\u0131 Hicri-q\u0259m\u0259ri t\u0259qvimi il\u0259 61-ci ild\u0259 K\u0259rb\u0259lada \u015f\u0259hid edilibl\u0259r.<\/p>\n","protected":false},"excerpt":{"rendered":"<p>Sabahdan, avqustun 10-dan M\u0259h\u0259rr\u0259m ay\u0131 ba\u015flay\u0131r. ARANTV.AZ x\u0259b\u0259r verir ki, M\u0259h\u0259rr\u0259m ay\u0131n\u0131n ba\u015flamas\u0131ndan 10 g\u00fcn sonra, y\u0259ni avqustun 19-da A\u015fura g\u00fcn\u00fcd\u00fcr. Sentyabr\u0131n 8-d\u0259n ba\u015flayacaq S\u0259f\u0259r ay\u0131 oktyabr\u0131n 7-d\u0259 ba\u015fa \u00e7atacaq. Hicri t\u0259qviminin ilk iki ay\u0131nda (M\u0259h\u0259rr\u0259m v\u0259 S\u0259f\u0259r aylar\u0131) Az\u0259rbaycan\u0131n \u0259ks\u0259r b\u00f6lg\u0259l\u0259rind\u0259 toy m\u0259rasiml\u0259ri t\u0259xir\u0259 sal\u0131n\u0131r. Qeyd ed\u0259k ki, M\u0259h\u0259mm\u0259d pey\u011f\u0259mb\u0259rin (s) n\u0259v\u0259si imam H\u00fcseyn (\u0259), onun ail\u0259 \u00fczvl\u0259ri v\u0259 t\u0259r\u0259fdarlar\u0131 Hicri-q\u0259m\u0259ri t\u0259qvimi il\u0259 61-ci ild\u0259 K\u0259rb\u0259lada \u015f\u0259hid edilibl\u0259r.<\/p>\n","protected":false},"author":2,"featured_media":364398,"comment_status":"closed","ping_status":"closed","sticky":false,"template":"","format":"standard","meta":{"om_disable_all_campaigns":false,"_monsterinsights_skip_tracking":false,"_monsterinsights_sitenote_active":false,"_monsterinsights_sitenote_note":"","_monsterinsights_sitenote_category":0},"categories":[26],"tags":[],"aioseo_notices":[],"gutentor_comment":0,"rttpg_featured_image_url":{"full":["https:\/\/arantv.az\/wp-content\/uploads\/2021\/08\/meherrem.jpg",800,450,false],"landscape":["https:\/\/arantv.az\/wp-content\/uploads\/2021\/08\/meherrem.jpg",800,450,false],"portraits":["https:\/\/arantv.az\/wp-content\/uploads\/2021\/08\/meherrem.jpg",800,450,false],"thumbnail":["https:\/\/arantv.az\/wp-content\/uploads\/2021\/08\/meherrem-500x280.jpg",500,280,true],"medium":["https:\/\/arantv.az\/wp-content\/uploads\/2021\/08\/meherrem-649x365.jpg",649,365,true],"large":["https:\/\/arantv.az\/wp-content\/uploads\/2021\/08\/meherrem.jpg",640,360,false],"1536x1536":["https:\/\/arantv.az\/wp-content\/uploads\/2021\/08\/meherrem.jpg",800,450,false],"2048x2048":["https:\/\/arantv.az\/wp-content\/uploads\/2021\/08\/meherrem.jpg",800,450,false],"post-thumbnail":["https:\/\/arantv.az\/wp-content\/uploads\/2021\/08\/meherrem-240x172.jpg",240,172,true],"advps-thumb-one":["https:\/\/arantv.az\/wp-content\/uploads\/2021\/08\/meherrem.jpg",800,450,false]},"rttpg_author":{"display_name":"V\u00fcsal Rafiqo\u011flu","author_link":"https:\/\/arantv.az\/?author=2"},"rttpg_comment":0,"rttpg_category":"<a href=\"https:\/\/arantv.az\/?cat=26\" rel=\"category\">Sosial<\/a>","rttpg_excerpt":"Sabahdan, avqustun 10-dan M\u0259h\u0259rr\u0259m ay\u0131 ba\u015flay\u0131r. ARANTV.AZ x\u0259b\u0259r verir ki, M\u0259h\u0259rr\u0259m ay\u0131n\u0131n ba\u015flamas\u0131ndan 10 g\u00fcn sonra, y\u0259ni avqustun 19-da A\u015fura g\u00fcn\u00fcd\u00fcr. Sentyabr\u0131n 8-d\u0259n ba\u015flayacaq S\u0259f\u0259r ay\u0131 oktyabr\u0131n 7-d\u0259 ba\u015fa \u00e7atacaq. Hicri t\u0259qviminin ilk iki ay\u0131nda (M\u0259h\u0259rr\u0259m v\u0259 S\u0259f\u0259r aylar\u0131) Az\u0259rbaycan\u0131n \u0259ks\u0259r b\u00f6lg\u0259l\u0259rind\u0259 toy m\u0259rasiml\u0259ri t\u0259xir\u0259 sal\u0131n\u0131r. Qeyd ed\u0259k ki, M\u0259h\u0259mm\u0259d pey\u011f\u0259mb\u0259rin (s) n\u0259v\u0259si imam H\u00fcseyn&hellip;","_links":{"self":[{"href":"https:\/\/arantv.az\/index.php?rest_route=\/wp\/v2\/posts\/364397"}],"collection":[{"href":"https:\/\/arantv.az\/index.php?rest_route=\/wp\/v2\/posts"}],"about":[{"href":"https:\/\/arantv.az\/index.php?rest_route=\/wp\/v2\/types\/post"}],"author":[{"embeddable":true,"href":"https:\/\/arantv.az\/index.php?rest_route=\/wp\/v2\/users\/2"}],"replies":[{"embeddable":true,"href":"https:\/\/arantv.az\/index.php?rest_route=%2Fwp%2Fv2%2Fcomments&post=364397"}],"version-history":[{"count":0,"href":"https:\/\/arantv.az\/index.php?rest_route=\/wp\/v2\/posts\/364397\/revisions"}],"wp:featuredmedia":[{"embeddable":true,"href":"https:\/\/arantv.az\/index.php?rest_route=\/wp\/v2\/media\/364398"}],"wp:attachment":[{"href":"https:\/\/arantv.az\/index.php?rest_route=%2Fwp%2Fv2%2Fmedia&parent=364397"}],"wp:term":[{"taxonomy":"category","embeddable":true,"href":"https:\/\/arantv.az\/index.php?rest_route=%2Fwp%2Fv2%2Fcategories&post=364397"},{"taxonomy":"post_tag","embeddable":true,"href":"https:\/\/arantv.az\/index.php?rest_route=%2Fwp%2Fv2%2Ftags&post=364397"}],"curies":[{"name":"wp","href":"https:\/\/api.w.org\/{rel}","templated":true}]}}