{"id":364403,"date":"2021-08-09T09:12:08","date_gmt":"2021-08-09T06:12:08","guid":{"rendered":"http:\/\/arantv.az\/?p=364403"},"modified":"2021-08-09T09:12:08","modified_gmt":"2021-08-09T06:12:08","slug":"jurnalistl%c9%99rimiz-ankarada-h%c9%99rbi-jurnalistika-t%c9%99limin%c9%99-qatilib","status":"publish","type":"post","link":"https:\/\/arantv.az\/?p=364403","title":{"rendered":"Jurnalistl\u0259rimiz Ankarada \u201cH\u0259rbi jurnalistika\u201d t\u0259limin\u0259 qat\u0131l\u0131b"},"content":{"rendered":"<p>Bug\u00fcn Ankarada \u201cH\u0259rbi jurnalistika\u201d t\u0259lim proqram\u0131na start verilib. Az\u0259rbaycan Respublikas\u0131n\u0131n Median\u0131n \u0130nki\u015faf Agentliyinin (MED\u0130A), Anadolu Agentliyinin, T\u00fcrkiy\u0259 Polis Akademiyas\u0131n\u0131n v\u0259 T\u00fcrk \u018fm\u0259kda\u015fl\u0131q, Koordinasiya Agentliyinin (T\u0130KA) t\u0259\u015fkilat\u00e7\u0131l\u0131\u011f\u0131 il\u0259 ke\u00e7iril\u0259n t\u0259liml\u0259r\u0259 Az\u0259rbaycandan 24 jurnalist qat\u0131l\u0131b.<\/p>\n<p><strong>ARANTV.AZ x\u0259b\u0259r verir ki,<\/strong>\u00a0avqustun 20-d\u0259k davam ed\u0259c\u0259k t\u0259liml\u0259rd\u0259 i\u015ftirak\u00e7\u0131lara jurnalistika, \u015f\u0259xsi t\u0259hl\u00fck\u0259sizlik, m\u00fcharib\u0259 h\u00fcququ, ilk yard\u0131m, m\u00fcharib\u0259 zaman\u0131 davran\u0131\u015f qaydalar\u0131, suda h\u0259yatda qalma, kimy\u0259vi v\u0259 bioloji silahlar\u0131n t\u0259tbiqi zaman\u0131 qorunma, f\u00f6vq\u0259lad\u0259 v\u0259ziyy\u0259tl\u0259rd\u0259 f\u0259aliyy\u0259t v\u0259 dig\u0259r m\u00f6vzularda m\u0259lumat veril\u0259c\u0259k. T\u0259xmin\u0259n 60 faizi praktiki hiss\u0259d\u0259n ibar\u0259t olacaq d\u0259rsl\u0259rd\u0259 jurnalistl\u0259r\u0259 b\u00f6hran, t\u0259bii f\u0259lak\u0259t v\u0259 m\u00fcharib\u0259 b\u00f6lg\u0259l\u0259rind\u0259 f\u0259aliyy\u0259t g\u00f6st\u0259r\u0259n media n\u00fcmay\u0259nd\u0259l\u0259rinin qar\u015f\u0131la\u015fa bil\u0259c\u0259yi \u00e7\u0259tinlikl\u0259r v\u0259 t\u0259hdidl\u0259rin d\u0259f olunmas\u0131 m\u00f6vzular\u0131nda da t\u0259liml\u0259r ke\u00e7iril\u0259c\u0259k. Bununla yana\u015f\u0131, media n\u00fcmay\u0259nd\u0259l\u0259ri riskli b\u00f6lg\u0259l\u0259rd\u0259 t\u0259\u015fkil olunacaq t\u0259liml\u0259rd\u0259 i\u015ftirak ed\u0259c\u0259kl\u0259r.<\/p>\n<p>T\u0259lim proqram\u0131n\u0131 u\u011furla ba\u015fa vuran jurnalistl\u0259r beyn\u0259lxalq s\u0259viyy\u0259d\u0259 tan\u0131nan &#8220;H\u0259rbi jurnalistika sertifikat\u0131&#8221; il\u0259 t\u0259ltif olunacaqlar.<\/p>\n","protected":false},"excerpt":{"rendered":"<p>Bug\u00fcn Ankarada \u201cH\u0259rbi jurnalistika\u201d t\u0259lim proqram\u0131na start verilib. Az\u0259rbaycan Respublikas\u0131n\u0131n Median\u0131n \u0130nki\u015faf Agentliyinin (MED\u0130A), Anadolu Agentliyinin, T\u00fcrkiy\u0259 Polis Akademiyas\u0131n\u0131n v\u0259 T\u00fcrk \u018fm\u0259kda\u015fl\u0131q, Koordinasiya Agentliyinin (T\u0130KA) t\u0259\u015fkilat\u00e7\u0131l\u0131\u011f\u0131 il\u0259 ke\u00e7iril\u0259n t\u0259liml\u0259r\u0259 Az\u0259rbaycandan 24 jurnalist qat\u0131l\u0131b. ARANTV.AZ x\u0259b\u0259r verir ki,\u00a0avqustun 20-d\u0259k davam ed\u0259c\u0259k t\u0259liml\u0259rd\u0259 i\u015ftirak\u00e7\u0131lara jurnalistika, \u015f\u0259xsi t\u0259hl\u00fck\u0259sizlik, m\u00fcharib\u0259 h\u00fcququ, ilk yard\u0131m, m\u00fcharib\u0259 zaman\u0131 davran\u0131\u015f qaydalar\u0131, suda h\u0259yatda qalma, kimy\u0259vi v\u0259 bioloji silahlar\u0131n t\u0259tbiqi zaman\u0131 qorunma, f\u00f6vq\u0259lad\u0259 v\u0259ziyy\u0259tl\u0259rd\u0259 f\u0259aliyy\u0259t v\u0259 dig\u0259r m\u00f6vzularda m\u0259lumat veril\u0259c\u0259k. T\u0259xmin\u0259n 60 faizi praktiki hiss\u0259d\u0259n ibar\u0259t olacaq d\u0259rsl\u0259rd\u0259 jurnalistl\u0259r\u0259 b\u00f6hran, t\u0259bii f\u0259lak\u0259t v\u0259 m\u00fcharib\u0259 b\u00f6lg\u0259l\u0259rind\u0259 f\u0259aliyy\u0259t g\u00f6st\u0259r\u0259n media n\u00fcmay\u0259nd\u0259l\u0259rinin&hellip;<\/p>\n","protected":false},"author":2,"featured_media":364404,"comment_status":"closed","ping_status":"closed","sticky":false,"template":"","format":"standard","meta":{"om_disable_all_campaigns":false,"_monsterinsights_skip_tracking":false,"_monsterinsights_sitenote_active":false,"_monsterinsights_sitenote_note":"","_monsterinsights_sitenote_category":0},"categories":[26],"tags":[],"aioseo_notices":[],"gutentor_comment":0,"rttpg_featured_image_url":{"full":["https:\/\/arantv.az\/wp-content\/uploads\/2021\/08\/f8e59f4b162848915170892136910421508.jpg",975,540,false],"landscape":["https:\/\/arantv.az\/wp-content\/uploads\/2021\/08\/f8e59f4b162848915170892136910421508.jpg",975,540,false],"portraits":["https:\/\/arantv.az\/wp-content\/uploads\/2021\/08\/f8e59f4b162848915170892136910421508.jpg",975,540,false],"thumbnail":["https:\/\/arantv.az\/wp-content\/uploads\/2021\/08\/f8e59f4b162848915170892136910421508-500x280.jpg",500,280,true],"medium":["https:\/\/arantv.az\/wp-content\/uploads\/2021\/08\/f8e59f4b162848915170892136910421508-660x365.jpg",660,365,true],"large":["https:\/\/arantv.az\/wp-content\/uploads\/2021\/08\/f8e59f4b162848915170892136910421508-840x465.jpg",640,354,true],"1536x1536":["https:\/\/arantv.az\/wp-content\/uploads\/2021\/08\/f8e59f4b162848915170892136910421508.jpg",975,540,false],"2048x2048":["https:\/\/arantv.az\/wp-content\/uploads\/2021\/08\/f8e59f4b162848915170892136910421508.jpg",975,540,false],"post-thumbnail":["https:\/\/arantv.az\/wp-content\/uploads\/2021\/08\/f8e59f4b162848915170892136910421508-240x172.jpg",240,172,true],"advps-thumb-one":["https:\/\/arantv.az\/wp-content\/uploads\/2021\/08\/f8e59f4b162848915170892136910421508.jpg",975,540,false]},"rttpg_author":{"display_name":"V\u00fcsal Rafiqo\u011flu","author_link":"https:\/\/arantv.az\/?author=2"},"rttpg_comment":0,"rttpg_category":"<a href=\"https:\/\/arantv.az\/?cat=26\" rel=\"category\">Sosial<\/a>","rttpg_excerpt":"Bug\u00fcn Ankarada \u201cH\u0259rbi jurnalistika\u201d t\u0259lim proqram\u0131na start verilib. Az\u0259rbaycan Respublikas\u0131n\u0131n Median\u0131n \u0130nki\u015faf Agentliyinin (MED\u0130A), Anadolu Agentliyinin, T\u00fcrkiy\u0259 Polis Akademiyas\u0131n\u0131n v\u0259 T\u00fcrk \u018fm\u0259kda\u015fl\u0131q, Koordinasiya Agentliyinin (T\u0130KA) t\u0259\u015fkilat\u00e7\u0131l\u0131\u011f\u0131 il\u0259 ke\u00e7iril\u0259n t\u0259liml\u0259r\u0259 Az\u0259rbaycandan 24 jurnalist qat\u0131l\u0131b. ARANTV.AZ x\u0259b\u0259r verir ki,\u00a0avqustun 20-d\u0259k davam ed\u0259c\u0259k t\u0259liml\u0259rd\u0259 i\u015ftirak\u00e7\u0131lara jurnalistika, \u015f\u0259xsi t\u0259hl\u00fck\u0259sizlik, m\u00fcharib\u0259 h\u00fcququ, ilk yard\u0131m, m\u00fcharib\u0259 zaman\u0131 davran\u0131\u015f qaydalar\u0131, suda h\u0259yatda&hellip;","_links":{"self":[{"href":"https:\/\/arantv.az\/index.php?rest_route=\/wp\/v2\/posts\/364403"}],"collection":[{"href":"https:\/\/arantv.az\/index.php?rest_route=\/wp\/v2\/posts"}],"about":[{"href":"https:\/\/arantv.az\/index.php?rest_route=\/wp\/v2\/types\/post"}],"author":[{"embeddable":true,"href":"https:\/\/arantv.az\/index.php?rest_route=\/wp\/v2\/users\/2"}],"replies":[{"embeddable":true,"href":"https:\/\/arantv.az\/index.php?rest_route=%2Fwp%2Fv2%2Fcomments&post=364403"}],"version-history":[{"count":0,"href":"https:\/\/arantv.az\/index.php?rest_route=\/wp\/v2\/posts\/364403\/revisions"}],"wp:featuredmedia":[{"embeddable":true,"href":"https:\/\/arantv.az\/index.php?rest_route=\/wp\/v2\/media\/364404"}],"wp:attachment":[{"href":"https:\/\/arantv.az\/index.php?rest_route=%2Fwp%2Fv2%2Fmedia&parent=364403"}],"wp:term":[{"taxonomy":"category","embeddable":true,"href":"https:\/\/arantv.az\/index.php?rest_route=%2Fwp%2Fv2%2Fcategories&post=364403"},{"taxonomy":"post_tag","embeddable":true,"href":"https:\/\/arantv.az\/index.php?rest_route=%2Fwp%2Fv2%2Ftags&post=364403"}],"curies":[{"name":"wp","href":"https:\/\/api.w.org\/{rel}","templated":true}]}}