{"id":364415,"date":"2021-08-09T09:21:24","date_gmt":"2021-08-09T06:21:24","guid":{"rendered":"http:\/\/arantv.az\/?p=364415"},"modified":"2021-08-09T09:21:24","modified_gmt":"2021-08-09T06:21:24","slug":"aptekd%c9%99n-ogurluq-etm%c9%99k-ist%c9%99y%c9%99n-s%c9%99xs-is-basinda-tutuldu-foto-video","status":"publish","type":"post","link":"https:\/\/arantv.az\/?p=364415","title":{"rendered":"Aptekd\u0259n o\u011furluq etm\u0259k ist\u0259y\u0259n \u015f\u0259xs \u201ci\u015f ba\u015f\u0131nda\u201d tutuldu &#8211; FOTO\/V\u0130DEO"},"content":{"rendered":"<p>Daxili \u0130\u015fl\u0259r Nazirliyinin (D\u0130N) Ba\u015f M\u00fchafiz\u0259 \u0130dar\u0259sinin Tovuz rayon regional M\u00fchafiz\u0259 \u015e\u00f6b\u0259sinin \u0259m\u0259kda\u015flar\u0131 o\u011furluq ed\u0259n \u015f\u0259xsi \u201ci\u015f ba\u015f\u0131nda\u201d saxlay\u0131blar.<\/p>\n<p>Nazirliyin G\u0259nc\u0259 regional qrupundan veril\u0259n m\u0259lumata g\u00f6r\u0259, gec\u0259 saatlar\u0131nda \u015f\u00f6b\u0259y\u0259 rayon \u0259razisind\u0259ki aptekl\u0259rd\u0259n birin\u0259 k\u0259nar \u015f\u0259xsin qeyri-qanuni yolla daxil olmas\u0131 bar\u0259d\u0259 \u201cH\u0259y\u0259can\u201d siqnal\u0131 daxil olub.<\/p>\n<p>M\u00fchafiz\u0259 Polisinin \u0259m\u0259kda\u015flar\u0131 hadis\u0259 yerin\u0259 g\u0259lib v\u0259 aptekin arxa p\u0259nc\u0259r\u0259sini s\u0131nd\u0131raraq i\u00e7\u0259ri daxil olan \u015f\u0259xsi saxlay\u0131b.<\/p>\n<div id=\"AdviadNativeVideo0\" class=\"AdviadNativeVideo\"><\/div>\n<p>Ara\u015fd\u0131rmalar n\u0259tic\u0259sind\u0259 m\u0259lum olub ki, cinay\u0259ti t\u00f6r\u0259d\u0259n \u015f\u0259xs \u0259vv\u0259ll\u0259r m\u0259hkum olunmu\u015f El\u00e7in Rzayev i\u00e7\u0259ri daxil olaraq oradan na\u011fd pul o\u011furlamaq ist\u0259yib.<\/p>\n<p>\u015e\u00fcbh\u0259li \u015f\u0259xs istintaqa t\u0259hvil verilib, faktla ba\u011fl\u0131 ara\u015fd\u0131rmalar davam etdirilir.<\/p>\n<div><iframe loading=\"lazy\" src=\"https:\/\/player.baku.tv\/embed\/42272\" width=\"560\" height=\"315\" frameborder=\"0\" allowfullscreen=\"allowfullscreen\" data-mce-fragment=\"1\"><\/iframe><\/div>\n<p>&nbsp;<\/p>\n<div class=\"gallery\">\n<div class=\"gallery-i\"><img src=\"https:\/\/cdn.oxu.az\/uploads\/W1siZiIsIjIwMjEvMDgvMDkvMDkvMzYvNTIvOTk4ZThiYjctMjkxMS00OTM5LTljNjYtNmUzM2RlMjEzMWYzLzIwMjEtMDgtMDhfMTIyNzIzLmpwZyJdLFsicCIsImVuY29kZSIsImpwZyIsIi1xdWFsaXR5IDgwIl0sWyJwIiwidGh1bWIiLCI1OTB4NTkwXHUwMDNlIl1d?sha=d21b8f4006eabe1c\" alt=\"\" \/><\/p>\n<div class=\"gallery-i-caption\"><\/div>\n<\/div>\n<div class=\"gallery-i\"><img src=\"https:\/\/cdn.oxu.az\/uploads\/W1siZiIsIjIwMjEvMDgvMDkvMDkvMzYvNTIvMmQxMDcwZjctNjYwZS00ZGE5LTkxOGEtMDQwMjcwNTkwMDMyLzIwMjEtMDgtMDhfMTIyNzQ5LmpwZyJdLFsicCIsImVuY29kZSIsImpwZyIsIi1xdWFsaXR5IDgwIl0sWyJwIiwidGh1bWIiLCI1OTB4NTkwXHUwMDNlIl1d?sha=e2eb4c8b0a3a0e01\" alt=\"\" \/><\/p>\n<div class=\"gallery-i-caption\"><\/div>\n<\/div>\n<div class=\"gallery-i\"><img src=\"https:\/\/cdn.oxu.az\/uploads\/W1siZiIsIjIwMjEvMDgvMDkvMDkvMzYvNTIvMTFkMzY0ZDItMjEzMS00N2U1LWFhNjgtOTljZmMwNzhjOTQ0LzIwMjEtMDgtMDhfMTIyNjUzLmpwZyJdLFsicCIsImVuY29kZSIsImpwZyIsIi1xdWFsaXR5IDgwIl0sWyJwIiwidGh1bWIiLCI1OTB4NTkwXHUwMDNlIl1d?sha=172e52dd3a8cd4dc\" alt=\"\" \/><\/p>\n<div class=\"gallery-i-caption\"><\/div>\n<\/div>\n<div class=\"gallery-i\"><img src=\"https:\/\/cdn.oxu.az\/uploads\/W1siZiIsIjIwMjEvMDgvMDkvMDkvMzYvNTIvOTliMDJkZTktMWZhNy00MDZhLWIzM2ItYjk2Mzc1MjRlMzJlLzIwMjEtMDgtMDhfMTIyNjM5LmpwZyJdLFsicCIsImVuY29kZSIsImpwZyIsIi1xdWFsaXR5IDgwIl0sWyJwIiwidGh1bWIiLCI1OTB4NTkwXHUwMDNlIl1d?sha=f49768225a3ccac9\" alt=\"\" \/><\/div>\n<\/div>\n","protected":false},"excerpt":{"rendered":"<p>Daxili \u0130\u015fl\u0259r Nazirliyinin (D\u0130N) Ba\u015f M\u00fchafiz\u0259 \u0130dar\u0259sinin Tovuz rayon regional M\u00fchafiz\u0259 \u015e\u00f6b\u0259sinin \u0259m\u0259kda\u015flar\u0131 o\u011furluq ed\u0259n \u015f\u0259xsi \u201ci\u015f ba\u015f\u0131nda\u201d saxlay\u0131blar. Nazirliyin G\u0259nc\u0259 regional qrupundan veril\u0259n m\u0259lumata g\u00f6r\u0259, gec\u0259 saatlar\u0131nda \u015f\u00f6b\u0259y\u0259 rayon \u0259razisind\u0259ki aptekl\u0259rd\u0259n birin\u0259 k\u0259nar \u015f\u0259xsin qeyri-qanuni yolla daxil olmas\u0131 bar\u0259d\u0259 \u201cH\u0259y\u0259can\u201d siqnal\u0131 daxil olub. M\u00fchafiz\u0259 Polisinin \u0259m\u0259kda\u015flar\u0131 hadis\u0259 yerin\u0259 g\u0259lib v\u0259 aptekin arxa p\u0259nc\u0259r\u0259sini s\u0131nd\u0131raraq i\u00e7\u0259ri daxil olan \u015f\u0259xsi saxlay\u0131b. Ara\u015fd\u0131rmalar n\u0259tic\u0259sind\u0259 m\u0259lum olub ki, cinay\u0259ti t\u00f6r\u0259d\u0259n \u015f\u0259xs \u0259vv\u0259ll\u0259r m\u0259hkum olunmu\u015f El\u00e7in Rzayev i\u00e7\u0259ri daxil olaraq oradan na\u011fd pul o\u011furlamaq ist\u0259yib. \u015e\u00fcbh\u0259li \u015f\u0259xs istintaqa t\u0259hvil verilib, faktla ba\u011fl\u0131 ara\u015fd\u0131rmalar davam&hellip;<\/p>\n","protected":false},"author":2,"featured_media":364416,"comment_status":"closed","ping_status":"closed","sticky":false,"template":"","format":"standard","meta":{"om_disable_all_campaigns":false,"_monsterinsights_skip_tracking":false,"_monsterinsights_sitenote_active":false,"_monsterinsights_sitenote_note":"","_monsterinsights_sitenote_category":0},"categories":[5],"tags":[],"aioseo_notices":[],"gutentor_comment":0,"rttpg_featured_image_url":{"full":["https:\/\/arantv.az\/wp-content\/uploads\/2021\/08\/2021-08-08_122738.jpg",620,349,false],"landscape":["https:\/\/arantv.az\/wp-content\/uploads\/2021\/08\/2021-08-08_122738.jpg",620,349,false],"portraits":["https:\/\/arantv.az\/wp-content\/uploads\/2021\/08\/2021-08-08_122738.jpg",620,349,false],"thumbnail":["https:\/\/arantv.az\/wp-content\/uploads\/2021\/08\/2021-08-08_122738-500x280.jpg",500,280,true],"medium":["https:\/\/arantv.az\/wp-content\/uploads\/2021\/08\/2021-08-08_122738.jpg",620,349,false],"large":["https:\/\/arantv.az\/wp-content\/uploads\/2021\/08\/2021-08-08_122738.jpg",620,349,false],"1536x1536":["https:\/\/arantv.az\/wp-content\/uploads\/2021\/08\/2021-08-08_122738.jpg",620,349,false],"2048x2048":["https:\/\/arantv.az\/wp-content\/uploads\/2021\/08\/2021-08-08_122738.jpg",620,349,false],"post-thumbnail":["https:\/\/arantv.az\/wp-content\/uploads\/2021\/08\/2021-08-08_122738-240x172.jpg",240,172,true],"advps-thumb-one":["https:\/\/arantv.az\/wp-content\/uploads\/2021\/08\/2021-08-08_122738.jpg",620,349,false]},"rttpg_author":{"display_name":"V\u00fcsal Rafiqo\u011flu","author_link":"https:\/\/arantv.az\/?author=2"},"rttpg_comment":0,"rttpg_category":"<a href=\"https:\/\/arantv.az\/?cat=5\" rel=\"category\">Hadis\u0259<\/a>","rttpg_excerpt":"Daxili \u0130\u015fl\u0259r Nazirliyinin (D\u0130N) Ba\u015f M\u00fchafiz\u0259 \u0130dar\u0259sinin Tovuz rayon regional M\u00fchafiz\u0259 \u015e\u00f6b\u0259sinin \u0259m\u0259kda\u015flar\u0131 o\u011furluq ed\u0259n \u015f\u0259xsi \u201ci\u015f ba\u015f\u0131nda\u201d saxlay\u0131blar. Nazirliyin G\u0259nc\u0259 regional qrupundan veril\u0259n m\u0259lumata g\u00f6r\u0259, gec\u0259 saatlar\u0131nda \u015f\u00f6b\u0259y\u0259 rayon \u0259razisind\u0259ki aptekl\u0259rd\u0259n birin\u0259 k\u0259nar \u015f\u0259xsin qeyri-qanuni yolla daxil olmas\u0131 bar\u0259d\u0259 \u201cH\u0259y\u0259can\u201d siqnal\u0131 daxil olub. M\u00fchafiz\u0259 Polisinin \u0259m\u0259kda\u015flar\u0131 hadis\u0259 yerin\u0259 g\u0259lib v\u0259 aptekin arxa p\u0259nc\u0259r\u0259sini s\u0131nd\u0131raraq&hellip;","_links":{"self":[{"href":"https:\/\/arantv.az\/index.php?rest_route=\/wp\/v2\/posts\/364415"}],"collection":[{"href":"https:\/\/arantv.az\/index.php?rest_route=\/wp\/v2\/posts"}],"about":[{"href":"https:\/\/arantv.az\/index.php?rest_route=\/wp\/v2\/types\/post"}],"author":[{"embeddable":true,"href":"https:\/\/arantv.az\/index.php?rest_route=\/wp\/v2\/users\/2"}],"replies":[{"embeddable":true,"href":"https:\/\/arantv.az\/index.php?rest_route=%2Fwp%2Fv2%2Fcomments&post=364415"}],"version-history":[{"count":0,"href":"https:\/\/arantv.az\/index.php?rest_route=\/wp\/v2\/posts\/364415\/revisions"}],"wp:featuredmedia":[{"embeddable":true,"href":"https:\/\/arantv.az\/index.php?rest_route=\/wp\/v2\/media\/364416"}],"wp:attachment":[{"href":"https:\/\/arantv.az\/index.php?rest_route=%2Fwp%2Fv2%2Fmedia&parent=364415"}],"wp:term":[{"taxonomy":"category","embeddable":true,"href":"https:\/\/arantv.az\/index.php?rest_route=%2Fwp%2Fv2%2Fcategories&post=364415"},{"taxonomy":"post_tag","embeddable":true,"href":"https:\/\/arantv.az\/index.php?rest_route=%2Fwp%2Fv2%2Ftags&post=364415"}],"curies":[{"name":"wp","href":"https:\/\/api.w.org\/{rel}","templated":true}]}}