{"id":364418,"date":"2021-08-09T09:27:50","date_gmt":"2021-08-09T06:27:50","guid":{"rendered":"http:\/\/arantv.az\/?p=364418"},"modified":"2021-08-09T09:27:50","modified_gmt":"2021-08-09T06:27:50","slug":"koc%c9%99ri-quslarin-ovlanmasina-qadaga-qoyulub","status":"publish","type":"post","link":"https:\/\/arantv.az\/?p=364418","title":{"rendered":"K\u00f6\u00e7\u0259ri qu\u015flar\u0131n ovlanmas\u0131na qada\u011fa qoyulub"},"content":{"rendered":"<p>G\u00fcrc\u00fcstanda Az\u0259rbaycanla s\u0259rh\u0259dd\u0259 yerl\u0259\u015f\u0259n Dedoplitskaro b\u0259l\u0259diyy\u0259sinin Samux vadisind\u0259 k\u00f6\u00e7\u0259ri qu\u015flar\u0131n ovlanmas\u0131na qada\u011fa qoyulub.<\/p>\n<p><strong>ARANTV.AZ<\/strong> x\u0259b\u0259r verir ki, bu bar\u0259d\u0259 G\u00fcrc\u00fcstan\u0131n \u018ftraf M\u00fchitin M\u00fchafiz\u0259si v\u0259 K\u0259nd T\u0259s\u0259rr\u00fcfat\u0131 Nazirliyi m\u0259lumat yay\u0131b.<\/p>\n<p>Bildirilib ki, vadid\u0259 ovun apar\u0131lmas\u0131 ceyranlar\u0131n b\u0259rpas\u0131 \u00fczr\u0259 layih\u0259nin realla\u015fd\u0131r\u0131lmas\u0131na ciddi t\u0259hl\u00fck\u0259 yarad\u0131r. At\u0259\u015f s\u0259sl\u0259ri ceyranlar\u0131 qorxudur v\u0259 onlar\u0131 davran\u0131\u015flar\u0131n\u0131 d\u0259yi\u015f\u0259r\u0259k a\u00e7\u0131q sah\u0259l\u0259rd\u0259n qa\u00e7araq me\u015f\u0259l\u0259rd\u0259 gizl\u0259nm\u0259y\u0259 m\u0259cbur edir. Bu s\u0259b\u0259bd\u0259n nadir heyvanlar\u0131n canavarlar v\u0259 dig\u0259r v\u0259h\u015fi heyvanlar t\u0259r\u0259find\u0259n m\u0259hvi asanla\u015f\u0131r.<\/p>\n<p>Qeyd olunur ki, 2022-ci il mart\u0131n 1-d\u0259k q\u00fcvv\u0259d\u0259 olacaq qada\u011fan\u0131n icras\u0131na Ekoloji N\u0259zar\u0259t Departamenti n\u0259zar\u0259t ed\u0259c\u0259k.<\/p>\n<p>Xat\u0131rladaq ki, 2013-c\u00fc ild\u0259n etibar\u0259n \u00dcmumd\u00fcnya T\u0259bi\u0259ti M\u00fchafiz\u0259 Fondunun (WWF) t\u0259\u015f\u0259bb\u00fcs\u00fc il\u0259 Qafqazda Az\u0259rbaycan\u0131n v\u0259 G\u00fcrc\u00fcstan\u0131n m\u00fcvafiq qurumlar\u0131n\u0131n i\u015ftirak\u0131 il\u0259 ceyranlar\u0131n populyasiyas\u0131n\u0131n b\u0259rpas\u0131 \u00fczr\u0259 layih\u0259 h\u0259yata ke\u00e7irilir.<\/p>\n<p>Az\u0259rbaycandan G\u00fcrc\u00fcstana 70-d\u0259n \u00e7ox ceyran apar\u0131laraq v\u0259h\u015fi t\u0259bi\u0259t\u0259 burax\u0131l\u0131b. 2013-c\u00fc ild\u0259 Samux vadisin\u0259 10 ceyran burax\u0131l\u0131b v\u0259 haz\u0131rda onlar\u0131n say\u0131 art\u0131q 150-y\u0259 \u00e7at\u0131b.AZ\u018fRTAC<\/p>\n","protected":false},"excerpt":{"rendered":"<p>G\u00fcrc\u00fcstanda Az\u0259rbaycanla s\u0259rh\u0259dd\u0259 yerl\u0259\u015f\u0259n Dedoplitskaro b\u0259l\u0259diyy\u0259sinin Samux vadisind\u0259 k\u00f6\u00e7\u0259ri qu\u015flar\u0131n ovlanmas\u0131na qada\u011fa qoyulub. ARANTV.AZ x\u0259b\u0259r verir ki, bu bar\u0259d\u0259 G\u00fcrc\u00fcstan\u0131n \u018ftraf M\u00fchitin M\u00fchafiz\u0259si v\u0259 K\u0259nd T\u0259s\u0259rr\u00fcfat\u0131 Nazirliyi m\u0259lumat yay\u0131b. Bildirilib ki, vadid\u0259 ovun apar\u0131lmas\u0131 ceyranlar\u0131n b\u0259rpas\u0131 \u00fczr\u0259 layih\u0259nin realla\u015fd\u0131r\u0131lmas\u0131na ciddi t\u0259hl\u00fck\u0259 yarad\u0131r. At\u0259\u015f s\u0259sl\u0259ri ceyranlar\u0131 qorxudur v\u0259 onlar\u0131 davran\u0131\u015flar\u0131n\u0131 d\u0259yi\u015f\u0259r\u0259k a\u00e7\u0131q sah\u0259l\u0259rd\u0259n qa\u00e7araq me\u015f\u0259l\u0259rd\u0259 gizl\u0259nm\u0259y\u0259 m\u0259cbur edir. Bu s\u0259b\u0259bd\u0259n nadir heyvanlar\u0131n canavarlar v\u0259 dig\u0259r v\u0259h\u015fi heyvanlar t\u0259r\u0259find\u0259n m\u0259hvi asanla\u015f\u0131r. Qeyd olunur ki, 2022-ci il mart\u0131n 1-d\u0259k q\u00fcvv\u0259d\u0259 olacaq qada\u011fan\u0131n icras\u0131na Ekoloji N\u0259zar\u0259t Departamenti n\u0259zar\u0259t ed\u0259c\u0259k. Xat\u0131rladaq ki, 2013-c\u00fc ild\u0259n etibar\u0259n&hellip;<\/p>\n","protected":false},"author":2,"featured_media":364419,"comment_status":"closed","ping_status":"closed","sticky":false,"template":"","format":"standard","meta":{"om_disable_all_campaigns":false,"_monsterinsights_skip_tracking":false,"_monsterinsights_sitenote_active":false,"_monsterinsights_sitenote_note":"","_monsterinsights_sitenote_category":0},"categories":[26],"tags":[],"aioseo_notices":[],"gutentor_comment":0,"rttpg_featured_image_url":{"full":["https:\/\/arantv.az\/wp-content\/uploads\/2021\/08\/50e207ab162841865190507592710047738.jpg",975,540,false],"landscape":["https:\/\/arantv.az\/wp-content\/uploads\/2021\/08\/50e207ab162841865190507592710047738.jpg",975,540,false],"portraits":["https:\/\/arantv.az\/wp-content\/uploads\/2021\/08\/50e207ab162841865190507592710047738.jpg",975,540,false],"thumbnail":["https:\/\/arantv.az\/wp-content\/uploads\/2021\/08\/50e207ab162841865190507592710047738-500x280.jpg",500,280,true],"medium":["https:\/\/arantv.az\/wp-content\/uploads\/2021\/08\/50e207ab162841865190507592710047738-660x365.jpg",660,365,true],"large":["https:\/\/arantv.az\/wp-content\/uploads\/2021\/08\/50e207ab162841865190507592710047738-840x465.jpg",640,354,true],"1536x1536":["https:\/\/arantv.az\/wp-content\/uploads\/2021\/08\/50e207ab162841865190507592710047738.jpg",975,540,false],"2048x2048":["https:\/\/arantv.az\/wp-content\/uploads\/2021\/08\/50e207ab162841865190507592710047738.jpg",975,540,false],"post-thumbnail":["https:\/\/arantv.az\/wp-content\/uploads\/2021\/08\/50e207ab162841865190507592710047738-240x172.jpg",240,172,true],"advps-thumb-one":["https:\/\/arantv.az\/wp-content\/uploads\/2021\/08\/50e207ab162841865190507592710047738.jpg",975,540,false]},"rttpg_author":{"display_name":"V\u00fcsal Rafiqo\u011flu","author_link":"https:\/\/arantv.az\/?author=2"},"rttpg_comment":0,"rttpg_category":"<a href=\"https:\/\/arantv.az\/?cat=26\" rel=\"category\">Sosial<\/a>","rttpg_excerpt":"G\u00fcrc\u00fcstanda Az\u0259rbaycanla s\u0259rh\u0259dd\u0259 yerl\u0259\u015f\u0259n Dedoplitskaro b\u0259l\u0259diyy\u0259sinin Samux vadisind\u0259 k\u00f6\u00e7\u0259ri qu\u015flar\u0131n ovlanmas\u0131na qada\u011fa qoyulub. ARANTV.AZ x\u0259b\u0259r verir ki, bu bar\u0259d\u0259 G\u00fcrc\u00fcstan\u0131n \u018ftraf M\u00fchitin M\u00fchafiz\u0259si v\u0259 K\u0259nd T\u0259s\u0259rr\u00fcfat\u0131 Nazirliyi m\u0259lumat yay\u0131b. Bildirilib ki, vadid\u0259 ovun apar\u0131lmas\u0131 ceyranlar\u0131n b\u0259rpas\u0131 \u00fczr\u0259 layih\u0259nin realla\u015fd\u0131r\u0131lmas\u0131na ciddi t\u0259hl\u00fck\u0259 yarad\u0131r. At\u0259\u015f s\u0259sl\u0259ri ceyranlar\u0131 qorxudur v\u0259 onlar\u0131 davran\u0131\u015flar\u0131n\u0131 d\u0259yi\u015f\u0259r\u0259k a\u00e7\u0131q sah\u0259l\u0259rd\u0259n qa\u00e7araq me\u015f\u0259l\u0259rd\u0259 gizl\u0259nm\u0259y\u0259&hellip;","_links":{"self":[{"href":"https:\/\/arantv.az\/index.php?rest_route=\/wp\/v2\/posts\/364418"}],"collection":[{"href":"https:\/\/arantv.az\/index.php?rest_route=\/wp\/v2\/posts"}],"about":[{"href":"https:\/\/arantv.az\/index.php?rest_route=\/wp\/v2\/types\/post"}],"author":[{"embeddable":true,"href":"https:\/\/arantv.az\/index.php?rest_route=\/wp\/v2\/users\/2"}],"replies":[{"embeddable":true,"href":"https:\/\/arantv.az\/index.php?rest_route=%2Fwp%2Fv2%2Fcomments&post=364418"}],"version-history":[{"count":0,"href":"https:\/\/arantv.az\/index.php?rest_route=\/wp\/v2\/posts\/364418\/revisions"}],"wp:featuredmedia":[{"embeddable":true,"href":"https:\/\/arantv.az\/index.php?rest_route=\/wp\/v2\/media\/364419"}],"wp:attachment":[{"href":"https:\/\/arantv.az\/index.php?rest_route=%2Fwp%2Fv2%2Fmedia&parent=364418"}],"wp:term":[{"taxonomy":"category","embeddable":true,"href":"https:\/\/arantv.az\/index.php?rest_route=%2Fwp%2Fv2%2Fcategories&post=364418"},{"taxonomy":"post_tag","embeddable":true,"href":"https:\/\/arantv.az\/index.php?rest_route=%2Fwp%2Fv2%2Ftags&post=364418"}],"curies":[{"name":"wp","href":"https:\/\/api.w.org\/{rel}","templated":true}]}}