{"id":364424,"date":"2021-08-09T09:31:17","date_gmt":"2021-08-09T06:31:17","guid":{"rendered":"http:\/\/arantv.az\/?p=364424"},"modified":"2021-08-09T09:31:17","modified_gmt":"2021-08-09T06:31:17","slug":"havani-cirkl%c9%99ndir%c9%99n-mu%c9%99ssis%c9%99l%c9%99r-c%c9%99zalandirildi","status":"publish","type":"post","link":"https:\/\/arantv.az\/?p=364424","title":{"rendered":"Havan\u0131 \u00e7irkl\u0259ndir\u0259n m\u00fc\u0259ssis\u0259l\u0259r c\u0259zaland\u0131r\u0131ld\u0131"},"content":{"rendered":"<p>Atmosfer havas\u0131n\u0131n keyfiyy\u0259tin\u0259 n\u0259zar\u0259t t\u0259dbirl\u0259ri \u00e7\u0259r\u00e7iv\u0259sind\u0259 Ekologiya v\u0259 T\u0259bii S\u0259rv\u0259tl\u0259r Nazirliyinin D\u00f6vl\u0259t Ekoloji T\u0259hl\u00fck\u0259sizlik Xidm\u0259tinin \u0259m\u0259kda\u015flar\u0131 t\u0259r\u0259find\u0259n Sumqay\u0131t \u015f\u0259h\u0259rind\u0259 t\u0259krar monitorinql\u0259r ke\u00e7irilib.<\/p>\n<p>Xidm\u0259t r\u0259isi Hikm\u0259t \u018flizad\u0259 bildirib ki, bir ne\u00e7\u0259 g\u00fcnd\u00fcr\u00a0Sumqay\u0131tda\u00a0apar\u0131lan monitorinql\u0259r zaman\u0131 b\u0259zi m\u00fc\u0259ssis\u0259l\u0259rd\u0259 g\u00fcnd\u00fcz saatlar\u0131nda havaya at\u0131lan tullant\u0131lar\u0131n norma daxilind\u0259 olmas\u0131na baxmayaraq, gec\u0259 saatlar\u0131nda havaya normadan art\u0131q tullant\u0131 at\u0131ld\u0131\u011f\u0131na \u015f\u00fcbh\u0259 yarand\u0131\u011f\u0131 \u00fc\u00e7\u00fcn \u00f6t\u0259n g\u00fcn gec\u0259 saatlar\u0131nda h\u0259min m\u00fc\u0259ssis\u0259l\u0259rin \u0259traf\u0131nda yenid\u0259n monitorinq apar\u0131l\u0131b v\u0259 \u201dAzMet\u201d QSC-nin qaz-toz tutucu qur\u011fusunda nasazl\u0131q yarand\u0131\u011f\u0131ndan t\u0259mizl\u0259yici filtrl\u0259rin i\u015fl\u0259m\u0259diyi, havaya normadan art\u0131q t\u00fcst\u00fcn\u00fcn at\u0131ld\u0131\u011f\u0131 m\u0259lum olub:<\/p>\n<p>\u201cFaktla ba\u011fl\u0131 akt v\u0259 protokol t\u0259rtib edilib, m\u00fc\u0259ssis\u0259nin direktoru Murad \u0130brahimov v\u0259zif\u0259li \u015f\u0259xs qismind\u0259 3 000 manat m\u0259bl\u0259\u011find\u0259 c\u0259rim\u0259l\u0259nib. N\u00f6qsanlar\u0131n q\u0131sa zamanda aradan qald\u0131r\u0131lmas\u0131 \u00fc\u00e7\u00fcn m\u00fc\u0259ssis\u0259 r\u0259hb\u0259rliyin\u0259 m\u0259cburi g\u00f6st\u0259ri\u015f verilib\u201d.<\/p>\n<div id=\"AdviadNativeVideo0\" class=\"AdviadNativeVideo\"><\/div>\n<p>Xidm\u0259t r\u0259smisi onu da qeyd edib ki, Sumqay\u0131tla yana\u015f\u0131, Quba v\u0259 G\u0259nc\u0259 regionlar\u0131nda yerl\u0259\u015f\u0259n m\u00fc\u0259ssis\u0259l\u0259rd\u0259 d\u0259 havan\u0131n t\u0259rkibi yoxlan\u0131l\u0131b:<\/p>\n<p>\u201cMonitorinql\u0259r zaman\u0131 G\u0259nc\u0259 \u015f\u0259h\u0259rind\u0259 gec\u0259 saatlar\u0131nda havada xo\u015fag\u0259lm\u0259z t\u00fcst\u00fc v\u0259 qoxu m\u00fc\u015fahid\u0259 edilib. Apar\u0131lan ara\u015fd\u0131rma zaman\u0131 G\u0259nc\u0259 m\u0259i\u015f\u0259t tullant\u0131lar\u0131 poliqonunda tullant\u0131lar\u0131n istid\u0259n \u00f6z-\u00f6z\u00fcn\u0259 al\u0131\u015fd\u0131\u011f\u0131 v\u0259 n\u0259tic\u0259d\u0259 havaya normadan art\u0131q t\u00fcst\u00fcn\u00fcn at\u0131ld\u0131\u011f\u0131 m\u0259lum olub. Bel\u0259 hallar\u0131n t\u0259krarlanmamas\u0131 \u00fc\u00e7\u00fcn poliqon r\u0259hb\u0259rliyin\u0259 m\u0259cburi g\u00f6st\u0259ri\u015f verilib.<\/p>\n<p>Quba rayonunda is\u0259 D\u0259v\u0259daban\u0131 ya\u015fay\u0131\u015f massivind\u0259 m\u0259i\u015f\u0259t tullant\u0131lar\u0131n\u0131n yand\u0131r\u0131ld\u0131\u011f\u0131, n\u0259tic\u0259d\u0259 \u0259trafa t\u00fcst\u00fc v\u0259 qoxunun yay\u0131ld\u0131\u011f\u0131 a\u015fkarlan\u0131b. Faktla ba\u011fl\u0131 \u201cT\u0259miz Quba\u201d M\u0259nzil Kommunal T\u0259s\u0259rr\u00fcfat\u0131 Birliyin\u0259 akt v\u0259 protokol t\u0259rtib edilib, h\u00fcquqi \u015f\u0259xs qismind\u0259 c\u0259rim\u0259 edilm\u0259si \u00fc\u00e7\u00fcn toplanm\u0131\u015f s\u0259n\u0259dl\u0259r Quba Rayon M\u0259hk\u0259m\u0259sin\u0259 g\u00f6nd\u0259rilib\u201d.<\/p>\n<p>H.\u018flizad\u0259 monitorinql\u0259rin b\u00fct\u00fcn regionlarda davam etdiyini bildirib v\u0259 \u0259traf m\u00fchiti, havan\u0131 \u00e7irkl\u0259ndir\u0259n subyektl\u0259r\u0259 bir daha x\u0259b\u0259rdarl\u0131q edib.<\/p>\n<p>\u201c\u0130stehsalat m\u00fc\u0259ssis\u0259l\u0259rinin sahibl\u0259rinin v\u0259 \u0259traf m\u00fchit\u0259 z\u0259r\u0259rli t\u0259sir g\u00f6st\u0259r\u0259n dig\u0259r t\u0259s\u0259rr\u00fcfat subyektl\u0259rinin n\u0259z\u0259rin\u0259 \u00e7atd\u0131r\u0131r\u0131q ki, f\u0259aliyy\u0259tl\u0259rini qanunam\u00fcvafiq h\u0259yata ke\u00e7irsinl\u0259r, \u0259traf m\u00fchitin \u00e7irkl\u0259ndirilm\u0259sin\u0259 \u015f\u0259rait yaratmas\u0131nlar\u201d.<\/p>\n","protected":false},"excerpt":{"rendered":"<p>Atmosfer havas\u0131n\u0131n keyfiyy\u0259tin\u0259 n\u0259zar\u0259t t\u0259dbirl\u0259ri \u00e7\u0259r\u00e7iv\u0259sind\u0259 Ekologiya v\u0259 T\u0259bii S\u0259rv\u0259tl\u0259r Nazirliyinin D\u00f6vl\u0259t Ekoloji T\u0259hl\u00fck\u0259sizlik Xidm\u0259tinin \u0259m\u0259kda\u015flar\u0131 t\u0259r\u0259find\u0259n Sumqay\u0131t \u015f\u0259h\u0259rind\u0259 t\u0259krar monitorinql\u0259r ke\u00e7irilib. Xidm\u0259t r\u0259isi Hikm\u0259t \u018flizad\u0259 bildirib ki, bir ne\u00e7\u0259 g\u00fcnd\u00fcr\u00a0Sumqay\u0131tda\u00a0apar\u0131lan monitorinql\u0259r zaman\u0131 b\u0259zi m\u00fc\u0259ssis\u0259l\u0259rd\u0259 g\u00fcnd\u00fcz saatlar\u0131nda havaya at\u0131lan tullant\u0131lar\u0131n norma daxilind\u0259 olmas\u0131na baxmayaraq, gec\u0259 saatlar\u0131nda havaya normadan art\u0131q tullant\u0131 at\u0131ld\u0131\u011f\u0131na \u015f\u00fcbh\u0259 yarand\u0131\u011f\u0131 \u00fc\u00e7\u00fcn \u00f6t\u0259n g\u00fcn gec\u0259 saatlar\u0131nda h\u0259min m\u00fc\u0259ssis\u0259l\u0259rin \u0259traf\u0131nda yenid\u0259n monitorinq apar\u0131l\u0131b v\u0259 \u201dAzMet\u201d QSC-nin qaz-toz tutucu qur\u011fusunda nasazl\u0131q yarand\u0131\u011f\u0131ndan t\u0259mizl\u0259yici filtrl\u0259rin i\u015fl\u0259m\u0259diyi, havaya normadan art\u0131q t\u00fcst\u00fcn\u00fcn at\u0131ld\u0131\u011f\u0131 m\u0259lum olub: \u201cFaktla ba\u011fl\u0131 akt v\u0259 protokol t\u0259rtib edilib, m\u00fc\u0259ssis\u0259nin&hellip;<\/p>\n","protected":false},"author":2,"featured_media":364425,"comment_status":"closed","ping_status":"closed","sticky":false,"template":"","format":"standard","meta":{"om_disable_all_campaigns":false,"_monsterinsights_skip_tracking":false,"_monsterinsights_sitenote_active":false,"_monsterinsights_sitenote_note":"","_monsterinsights_sitenote_category":0},"categories":[26],"tags":[],"aioseo_notices":[],"gutentor_comment":0,"rttpg_featured_image_url":{"full":["https:\/\/arantv.az\/wp-content\/uploads\/2021\/08\/istockphoto-121241972-612x612-1.jpg",612,407,false],"landscape":["https:\/\/arantv.az\/wp-content\/uploads\/2021\/08\/istockphoto-121241972-612x612-1.jpg",612,407,false],"portraits":["https:\/\/arantv.az\/wp-content\/uploads\/2021\/08\/istockphoto-121241972-612x612-1.jpg",612,407,false],"thumbnail":["https:\/\/arantv.az\/wp-content\/uploads\/2021\/08\/istockphoto-121241972-612x612-1-500x280.jpg",500,280,true],"medium":["https:\/\/arantv.az\/wp-content\/uploads\/2021\/08\/istockphoto-121241972-612x612-1-549x365.jpg",549,365,true],"large":["https:\/\/arantv.az\/wp-content\/uploads\/2021\/08\/istockphoto-121241972-612x612-1.jpg",612,407,false],"1536x1536":["https:\/\/arantv.az\/wp-content\/uploads\/2021\/08\/istockphoto-121241972-612x612-1.jpg",612,407,false],"2048x2048":["https:\/\/arantv.az\/wp-content\/uploads\/2021\/08\/istockphoto-121241972-612x612-1.jpg",612,407,false],"post-thumbnail":["https:\/\/arantv.az\/wp-content\/uploads\/2021\/08\/istockphoto-121241972-612x612-1-240x172.jpg",240,172,true],"advps-thumb-one":["https:\/\/arantv.az\/wp-content\/uploads\/2021\/08\/istockphoto-121241972-612x612-1.jpg",612,407,false]},"rttpg_author":{"display_name":"V\u00fcsal Rafiqo\u011flu","author_link":"https:\/\/arantv.az\/?author=2"},"rttpg_comment":0,"rttpg_category":"<a href=\"https:\/\/arantv.az\/?cat=26\" rel=\"category\">Sosial<\/a>","rttpg_excerpt":"Atmosfer havas\u0131n\u0131n keyfiyy\u0259tin\u0259 n\u0259zar\u0259t t\u0259dbirl\u0259ri \u00e7\u0259r\u00e7iv\u0259sind\u0259 Ekologiya v\u0259 T\u0259bii S\u0259rv\u0259tl\u0259r Nazirliyinin D\u00f6vl\u0259t Ekoloji T\u0259hl\u00fck\u0259sizlik Xidm\u0259tinin \u0259m\u0259kda\u015flar\u0131 t\u0259r\u0259find\u0259n Sumqay\u0131t \u015f\u0259h\u0259rind\u0259 t\u0259krar monitorinql\u0259r ke\u00e7irilib. Xidm\u0259t r\u0259isi Hikm\u0259t \u018flizad\u0259 bildirib ki, bir ne\u00e7\u0259 g\u00fcnd\u00fcr\u00a0Sumqay\u0131tda\u00a0apar\u0131lan monitorinql\u0259r zaman\u0131 b\u0259zi m\u00fc\u0259ssis\u0259l\u0259rd\u0259 g\u00fcnd\u00fcz saatlar\u0131nda havaya at\u0131lan tullant\u0131lar\u0131n norma daxilind\u0259 olmas\u0131na baxmayaraq, gec\u0259 saatlar\u0131nda havaya normadan art\u0131q tullant\u0131 at\u0131ld\u0131\u011f\u0131na \u015f\u00fcbh\u0259 yarand\u0131\u011f\u0131 \u00fc\u00e7\u00fcn \u00f6t\u0259n&hellip;","_links":{"self":[{"href":"https:\/\/arantv.az\/index.php?rest_route=\/wp\/v2\/posts\/364424"}],"collection":[{"href":"https:\/\/arantv.az\/index.php?rest_route=\/wp\/v2\/posts"}],"about":[{"href":"https:\/\/arantv.az\/index.php?rest_route=\/wp\/v2\/types\/post"}],"author":[{"embeddable":true,"href":"https:\/\/arantv.az\/index.php?rest_route=\/wp\/v2\/users\/2"}],"replies":[{"embeddable":true,"href":"https:\/\/arantv.az\/index.php?rest_route=%2Fwp%2Fv2%2Fcomments&post=364424"}],"version-history":[{"count":0,"href":"https:\/\/arantv.az\/index.php?rest_route=\/wp\/v2\/posts\/364424\/revisions"}],"wp:featuredmedia":[{"embeddable":true,"href":"https:\/\/arantv.az\/index.php?rest_route=\/wp\/v2\/media\/364425"}],"wp:attachment":[{"href":"https:\/\/arantv.az\/index.php?rest_route=%2Fwp%2Fv2%2Fmedia&parent=364424"}],"wp:term":[{"taxonomy":"category","embeddable":true,"href":"https:\/\/arantv.az\/index.php?rest_route=%2Fwp%2Fv2%2Fcategories&post=364424"},{"taxonomy":"post_tag","embeddable":true,"href":"https:\/\/arantv.az\/index.php?rest_route=%2Fwp%2Fv2%2Ftags&post=364424"}],"curies":[{"name":"wp","href":"https:\/\/api.w.org\/{rel}","templated":true}]}}