{"id":364427,"date":"2021-08-09T09:37:55","date_gmt":"2021-08-09T06:37:55","guid":{"rendered":"http:\/\/arantv.az\/?p=364427"},"modified":"2021-08-09T09:37:55","modified_gmt":"2021-08-09T06:37:55","slug":"erm%c9%99ni-silahli-quvv%c9%99l%c9%99ri-naxcivan-istiqam%c9%99tind%c9%99-movqel%c9%99rimizi-at%c9%99s%c9%99-tutub-r%c9%99smi","status":"publish","type":"post","link":"https:\/\/arantv.az\/?p=364427","title":{"rendered":"Erm\u0259ni silahl\u0131 q\u00fcvv\u0259l\u0259ri Nax\u00e7\u0131van istiqam\u0259tind\u0259 m\u00f6vqel\u0259rimizi at\u0259\u015f\u0259 tutub &#8211; R\u018fSM\u0130"},"content":{"rendered":"<p>Avqustun 9-u saat 00:10-dan 00:50-d\u0259k Erm\u0259nistan silahl\u0131 q\u00fcvv\u0259l\u0259rinin b\u00f6lm\u0259l\u0259ri Vedi rayonunun Arazd\u0259y\u0259n ya\u015fay\u0131\u015f m\u0259nt\u0259q\u0259sind\u0259 yerl\u0259\u015f\u0259n m\u00f6vqel\u0259rind\u0259n Nax\u00e7\u0131van Muxtar Respublikas\u0131n\u0131n S\u0259d\u0259r\u0259k rayonu Heyd\u0259rabad ya\u015fay\u0131\u015f m\u0259nt\u0259q\u0259si istiqam\u0259tind\u0259 yerl\u0259\u015f\u0259n Az\u0259rbaycan Ordusunun m\u00f6vqel\u0259rini fasil\u0259l\u0259rl\u0259 at\u0131c\u0131 silahlardan at\u0259\u015f\u0259 tutub.<\/p>\n<p>Bununla ba\u011fl\u0131 Az\u0259rbaycan M\u00fcdafi\u0259 Nazirliyi m\u0259lumat yay\u0131b.<\/p>\n<div id=\"AdviadNativeVideo0\" class=\"AdviadNativeVideo\"><\/div>\n<p>Az\u0259rbaycan Ordusunun \u015f\u0259xsi hey\u0259ti aras\u0131nda h\u0259lak olan v\u0259 yaralanan yoxdur.<\/p>\n<p>Qar\u015f\u0131 t\u0259r\u0259f cavab at\u0259\u015fi il\u0259 susdurulub.<\/p>\n<p>\u018fm\u0259liyyat \u015f\u0259raiti b\u00f6lm\u0259l\u0259rimizin n\u0259zar\u0259ti alt\u0131ndad\u0131r.<\/p>\n","protected":false},"excerpt":{"rendered":"<p>Avqustun 9-u saat 00:10-dan 00:50-d\u0259k Erm\u0259nistan silahl\u0131 q\u00fcvv\u0259l\u0259rinin b\u00f6lm\u0259l\u0259ri Vedi rayonunun Arazd\u0259y\u0259n ya\u015fay\u0131\u015f m\u0259nt\u0259q\u0259sind\u0259 yerl\u0259\u015f\u0259n m\u00f6vqel\u0259rind\u0259n Nax\u00e7\u0131van Muxtar Respublikas\u0131n\u0131n S\u0259d\u0259r\u0259k rayonu Heyd\u0259rabad ya\u015fay\u0131\u015f m\u0259nt\u0259q\u0259si istiqam\u0259tind\u0259 yerl\u0259\u015f\u0259n Az\u0259rbaycan Ordusunun m\u00f6vqel\u0259rini fasil\u0259l\u0259rl\u0259 at\u0131c\u0131 silahlardan at\u0259\u015f\u0259 tutub. Bununla ba\u011fl\u0131 Az\u0259rbaycan M\u00fcdafi\u0259 Nazirliyi m\u0259lumat yay\u0131b. Az\u0259rbaycan Ordusunun \u015f\u0259xsi hey\u0259ti aras\u0131nda h\u0259lak olan v\u0259 yaralanan yoxdur. Qar\u015f\u0131 t\u0259r\u0259f cavab at\u0259\u015fi il\u0259 susdurulub. \u018fm\u0259liyyat \u015f\u0259raiti b\u00f6lm\u0259l\u0259rimizin n\u0259zar\u0259ti alt\u0131ndad\u0131r.<\/p>\n","protected":false},"author":2,"featured_media":363966,"comment_status":"closed","ping_status":"closed","sticky":false,"template":"","format":"standard","meta":{"om_disable_all_campaigns":false,"_monsterinsights_skip_tracking":false,"_monsterinsights_sitenote_active":false,"_monsterinsights_sitenote_note":"","_monsterinsights_sitenote_category":0},"categories":[10],"tags":[],"aioseo_notices":[],"gutentor_comment":0,"rttpg_featured_image_url":{"full":["https:\/\/arantv.az\/wp-content\/uploads\/2021\/08\/ateskes_0584-1.jpg",800,600,false],"landscape":["https:\/\/arantv.az\/wp-content\/uploads\/2021\/08\/ateskes_0584-1.jpg",800,600,false],"portraits":["https:\/\/arantv.az\/wp-content\/uploads\/2021\/08\/ateskes_0584-1.jpg",800,600,false],"thumbnail":["https:\/\/arantv.az\/wp-content\/uploads\/2021\/08\/ateskes_0584-1-500x280.jpg",500,280,true],"medium":["https:\/\/arantv.az\/wp-content\/uploads\/2021\/08\/ateskes_0584-1-487x365.jpg",487,365,true],"large":["https:\/\/arantv.az\/wp-content\/uploads\/2021\/08\/ateskes_0584-1.jpg",640,480,false],"1536x1536":["https:\/\/arantv.az\/wp-content\/uploads\/2021\/08\/ateskes_0584-1.jpg",800,600,false],"2048x2048":["https:\/\/arantv.az\/wp-content\/uploads\/2021\/08\/ateskes_0584-1.jpg",800,600,false],"post-thumbnail":["https:\/\/arantv.az\/wp-content\/uploads\/2021\/08\/ateskes_0584-1-240x172.jpg",240,172,true],"advps-thumb-one":["https:\/\/arantv.az\/wp-content\/uploads\/2021\/08\/ateskes_0584-1.jpg",800,600,false]},"rttpg_author":{"display_name":"V\u00fcsal Rafiqo\u011flu","author_link":"https:\/\/arantv.az\/?author=2"},"rttpg_comment":0,"rttpg_category":"<a href=\"https:\/\/arantv.az\/?cat=10\" rel=\"category\">C\u0259bh\u0259d\u0259n X\u0259b\u0259r<\/a>","rttpg_excerpt":"Avqustun 9-u saat 00:10-dan 00:50-d\u0259k Erm\u0259nistan silahl\u0131 q\u00fcvv\u0259l\u0259rinin b\u00f6lm\u0259l\u0259ri Vedi rayonunun Arazd\u0259y\u0259n ya\u015fay\u0131\u015f m\u0259nt\u0259q\u0259sind\u0259 yerl\u0259\u015f\u0259n m\u00f6vqel\u0259rind\u0259n Nax\u00e7\u0131van Muxtar Respublikas\u0131n\u0131n S\u0259d\u0259r\u0259k rayonu Heyd\u0259rabad ya\u015fay\u0131\u015f m\u0259nt\u0259q\u0259si istiqam\u0259tind\u0259 yerl\u0259\u015f\u0259n Az\u0259rbaycan Ordusunun m\u00f6vqel\u0259rini fasil\u0259l\u0259rl\u0259 at\u0131c\u0131 silahlardan at\u0259\u015f\u0259 tutub. Bununla ba\u011fl\u0131 Az\u0259rbaycan M\u00fcdafi\u0259 Nazirliyi m\u0259lumat yay\u0131b. Az\u0259rbaycan Ordusunun \u015f\u0259xsi hey\u0259ti aras\u0131nda h\u0259lak olan v\u0259 yaralanan yoxdur. Qar\u015f\u0131 t\u0259r\u0259f cavab at\u0259\u015fi&hellip;","_links":{"self":[{"href":"https:\/\/arantv.az\/index.php?rest_route=\/wp\/v2\/posts\/364427"}],"collection":[{"href":"https:\/\/arantv.az\/index.php?rest_route=\/wp\/v2\/posts"}],"about":[{"href":"https:\/\/arantv.az\/index.php?rest_route=\/wp\/v2\/types\/post"}],"author":[{"embeddable":true,"href":"https:\/\/arantv.az\/index.php?rest_route=\/wp\/v2\/users\/2"}],"replies":[{"embeddable":true,"href":"https:\/\/arantv.az\/index.php?rest_route=%2Fwp%2Fv2%2Fcomments&post=364427"}],"version-history":[{"count":0,"href":"https:\/\/arantv.az\/index.php?rest_route=\/wp\/v2\/posts\/364427\/revisions"}],"wp:featuredmedia":[{"embeddable":true,"href":"https:\/\/arantv.az\/index.php?rest_route=\/wp\/v2\/media\/363966"}],"wp:attachment":[{"href":"https:\/\/arantv.az\/index.php?rest_route=%2Fwp%2Fv2%2Fmedia&parent=364427"}],"wp:term":[{"taxonomy":"category","embeddable":true,"href":"https:\/\/arantv.az\/index.php?rest_route=%2Fwp%2Fv2%2Fcategories&post=364427"},{"taxonomy":"post_tag","embeddable":true,"href":"https:\/\/arantv.az\/index.php?rest_route=%2Fwp%2Fv2%2Ftags&post=364427"}],"curies":[{"name":"wp","href":"https:\/\/api.w.org\/{rel}","templated":true}]}}