{"id":364436,"date":"2021-08-09T09:51:17","date_gmt":"2021-08-09T06:51:17","guid":{"rendered":"http:\/\/arantv.az\/?p=364436"},"modified":"2021-08-09T09:51:17","modified_gmt":"2021-08-09T06:51:17","slug":"ir%c9%99vanda-terror-h%c9%99y%c9%99cani-pasinyani-parlamentd%c9%99-oldur%c9%99-bil%c9%99rl%c9%99r","status":"publish","type":"post","link":"https:\/\/arantv.az\/?p=364436","title":{"rendered":"\u0130r\u0259vanda terror h\u0259y\u0259can\u0131: Pa\u015finyan\u0131 parlamentd\u0259 \u00f6ld\u00fcr\u0259 bil\u0259rl\u0259r"},"content":{"rendered":"<p>Erm\u0259nistanda yeni parlament formala\u015fandan sonra jurnalistl\u0259rin qanunverici orqan\u0131n binas\u0131nda f\u0259aliyy\u0259ti \u00fc\u00e7\u00fcn bir s\u0131ra m\u0259hdudiyy\u0259tl\u0259r v\u0259 s\u0259rt qaydalar t\u0259tbiq olunub. Art\u0131q yerli saytlarda parlament r\u0259hb\u0259rliyinin media \u00fc\u00e7\u00fcn qoydu\u011fu yeni m\u0259hdudiyy\u0259tl\u0259r\u0259 g\u00f6r\u0259, t\u0259nqidi yaz\u0131lar da d\u0259rc olunur.<\/p>\n<p><strong>ARANTV.AZ x\u0259b\u0259r verir ki,<\/strong>\u00a0m\u00f6vzu il\u0259 ba\u011fl\u0131 &#8220;Hraparak&#8221;\u0131n m\u0259qal\u0259si daha \u00e7ox diqq\u0259t \u00e7\u0259kib.<\/p>\n<p>&#8220;Sentyabr ay\u0131ndan etibar\u0259n r\u0259hb\u0259rlik parlamentin giri\u015find\u0259 jurnalistl\u0259r \u00fc\u00e7\u00fcn ayr\u0131ca bir ota\u011f\u0131n yarad\u0131lmas\u0131n\u0131 planla\u015fd\u0131r\u0131r. Bu da media n\u00fcmay\u0259nd\u0259l\u0259rinin parlament binas\u0131 daxilind\u0259 s\u0259rb\u0259st h\u0259r\u0259k\u0259t ed\u0259 v\u0259 ist\u0259dikl\u0259ri adamla m\u00fcsahib\u0259 apara bilm\u0259m\u0259sin\u0259 hesablan\u0131b. Bundan \u0259lav\u0259 parlamentd\u0259 yeni t\u0259hl\u00fck\u0259sizlik t\u0259dbirl\u0259ri d\u0259 n\u0259z\u0259rd\u0259 tutulur. X\u00fcsus\u0259n d\u0259 salonun giri\u015f foyesi h\u0259r iki t\u0259r\u0259fd\u0259n \u015f\u00fc\u015f\u0259l\u0259rl\u0259 \u00f6rt\u00fcl\u0259c\u0259k, xsusi ke\u00e7id m\u0259nt\u0259q\u0259l\u0259ri qura\u015fd\u0131r\u0131lacaq. Deputatlara m\u0259hz bu qorunan \u0259razil\u0259rd\u0259n zala daxil olmalar\u0131 \u00fc\u00e7\u00fcn \u00e7ipli burax\u0131l\u0131\u015f kartlar\u0131 paylanacaq.<\/p>\n<p>B\u00fct\u00fcn bu f\u00f6vq\u0259lad\u0259 t\u0259dbirl\u0259rin izah\u0131na g\u0259linc\u0259, hakimiyy\u0259t daxilind\u0259 bel\u0259 bir \u015faiy\u0259 dola\u015f\u0131r ki,\u00a0Milli T\u0259hl\u00fck\u0259sizlik Xidm\u0259tin\u0259 ba\u015f nazir Nikol Pa\u015finyana qar\u015f\u0131 terror akt\u0131n\u0131n haz\u0131rlanmas\u0131 bar\u0259d\u0259 m\u0259lumat daxil olub\u00a0. Parlamentd\u0259 bel\u0259 s\u0259rt t\u0259hl\u00fck\u0259sizlik t\u0259dbirl\u0259rinin h\u0259yata ke\u00e7irilm\u0259si is\u0259 terror riskinin qar\u015f\u0131s\u0131n\u0131 almaq m\u0259qs\u0259di da\u015f\u0131y\u0131r&#8221;,-&#8220;Hraparak&#8221; yaz\u0131b.<\/p>\n","protected":false},"excerpt":{"rendered":"<p>Erm\u0259nistanda yeni parlament formala\u015fandan sonra jurnalistl\u0259rin qanunverici orqan\u0131n binas\u0131nda f\u0259aliyy\u0259ti \u00fc\u00e7\u00fcn bir s\u0131ra m\u0259hdudiyy\u0259tl\u0259r v\u0259 s\u0259rt qaydalar t\u0259tbiq olunub. Art\u0131q yerli saytlarda parlament r\u0259hb\u0259rliyinin media \u00fc\u00e7\u00fcn qoydu\u011fu yeni m\u0259hdudiyy\u0259tl\u0259r\u0259 g\u00f6r\u0259, t\u0259nqidi yaz\u0131lar da d\u0259rc olunur. ARANTV.AZ x\u0259b\u0259r verir ki,\u00a0m\u00f6vzu il\u0259 ba\u011fl\u0131 &#8220;Hraparak&#8221;\u0131n m\u0259qal\u0259si daha \u00e7ox diqq\u0259t \u00e7\u0259kib. &#8220;Sentyabr ay\u0131ndan etibar\u0259n r\u0259hb\u0259rlik parlamentin giri\u015find\u0259 jurnalistl\u0259r \u00fc\u00e7\u00fcn ayr\u0131ca bir ota\u011f\u0131n yarad\u0131lmas\u0131n\u0131 planla\u015fd\u0131r\u0131r. Bu da media n\u00fcmay\u0259nd\u0259l\u0259rinin parlament binas\u0131 daxilind\u0259 s\u0259rb\u0259st h\u0259r\u0259k\u0259t ed\u0259 v\u0259 ist\u0259dikl\u0259ri adamla m\u00fcsahib\u0259 apara bilm\u0259m\u0259sin\u0259 hesablan\u0131b. Bundan \u0259lav\u0259 parlamentd\u0259 yeni t\u0259hl\u00fck\u0259sizlik t\u0259dbirl\u0259ri d\u0259 n\u0259z\u0259rd\u0259 tutulur. X\u00fcsus\u0259n d\u0259 salonun giri\u015f&hellip;<\/p>\n","protected":false},"author":2,"featured_media":364437,"comment_status":"closed","ping_status":"closed","sticky":false,"template":"","format":"standard","meta":{"om_disable_all_campaigns":false,"_monsterinsights_skip_tracking":false,"_monsterinsights_sitenote_active":false,"_monsterinsights_sitenote_note":"","_monsterinsights_sitenote_category":0},"categories":[7],"tags":[],"aioseo_notices":[],"gutentor_comment":0,"rttpg_featured_image_url":{"full":["https:\/\/arantv.az\/wp-content\/uploads\/2021\/08\/1545909647_9042633.jpg",975,540,false],"landscape":["https:\/\/arantv.az\/wp-content\/uploads\/2021\/08\/1545909647_9042633.jpg",975,540,false],"portraits":["https:\/\/arantv.az\/wp-content\/uploads\/2021\/08\/1545909647_9042633.jpg",975,540,false],"thumbnail":["https:\/\/arantv.az\/wp-content\/uploads\/2021\/08\/1545909647_9042633-500x280.jpg",500,280,true],"medium":["https:\/\/arantv.az\/wp-content\/uploads\/2021\/08\/1545909647_9042633-660x365.jpg",660,365,true],"large":["https:\/\/arantv.az\/wp-content\/uploads\/2021\/08\/1545909647_9042633-840x465.jpg",640,354,true],"1536x1536":["https:\/\/arantv.az\/wp-content\/uploads\/2021\/08\/1545909647_9042633.jpg",975,540,false],"2048x2048":["https:\/\/arantv.az\/wp-content\/uploads\/2021\/08\/1545909647_9042633.jpg",975,540,false],"post-thumbnail":["https:\/\/arantv.az\/wp-content\/uploads\/2021\/08\/1545909647_9042633-240x172.jpg",240,172,true],"advps-thumb-one":["https:\/\/arantv.az\/wp-content\/uploads\/2021\/08\/1545909647_9042633.jpg",975,540,false]},"rttpg_author":{"display_name":"V\u00fcsal Rafiqo\u011flu","author_link":"https:\/\/arantv.az\/?author=2"},"rttpg_comment":0,"rttpg_category":"<a href=\"https:\/\/arantv.az\/?cat=7\" rel=\"category\">D\u00fcnya<\/a>","rttpg_excerpt":"Erm\u0259nistanda yeni parlament formala\u015fandan sonra jurnalistl\u0259rin qanunverici orqan\u0131n binas\u0131nda f\u0259aliyy\u0259ti \u00fc\u00e7\u00fcn bir s\u0131ra m\u0259hdudiyy\u0259tl\u0259r v\u0259 s\u0259rt qaydalar t\u0259tbiq olunub. Art\u0131q yerli saytlarda parlament r\u0259hb\u0259rliyinin media \u00fc\u00e7\u00fcn qoydu\u011fu yeni m\u0259hdudiyy\u0259tl\u0259r\u0259 g\u00f6r\u0259, t\u0259nqidi yaz\u0131lar da d\u0259rc olunur. ARANTV.AZ x\u0259b\u0259r verir ki,\u00a0m\u00f6vzu il\u0259 ba\u011fl\u0131 &#8220;Hraparak&#8221;\u0131n m\u0259qal\u0259si daha \u00e7ox diqq\u0259t \u00e7\u0259kib. &#8220;Sentyabr ay\u0131ndan etibar\u0259n r\u0259hb\u0259rlik parlamentin giri\u015find\u0259 jurnalistl\u0259r \u00fc\u00e7\u00fcn&hellip;","_links":{"self":[{"href":"https:\/\/arantv.az\/index.php?rest_route=\/wp\/v2\/posts\/364436"}],"collection":[{"href":"https:\/\/arantv.az\/index.php?rest_route=\/wp\/v2\/posts"}],"about":[{"href":"https:\/\/arantv.az\/index.php?rest_route=\/wp\/v2\/types\/post"}],"author":[{"embeddable":true,"href":"https:\/\/arantv.az\/index.php?rest_route=\/wp\/v2\/users\/2"}],"replies":[{"embeddable":true,"href":"https:\/\/arantv.az\/index.php?rest_route=%2Fwp%2Fv2%2Fcomments&post=364436"}],"version-history":[{"count":0,"href":"https:\/\/arantv.az\/index.php?rest_route=\/wp\/v2\/posts\/364436\/revisions"}],"wp:featuredmedia":[{"embeddable":true,"href":"https:\/\/arantv.az\/index.php?rest_route=\/wp\/v2\/media\/364437"}],"wp:attachment":[{"href":"https:\/\/arantv.az\/index.php?rest_route=%2Fwp%2Fv2%2Fmedia&parent=364436"}],"wp:term":[{"taxonomy":"category","embeddable":true,"href":"https:\/\/arantv.az\/index.php?rest_route=%2Fwp%2Fv2%2Fcategories&post=364436"},{"taxonomy":"post_tag","embeddable":true,"href":"https:\/\/arantv.az\/index.php?rest_route=%2Fwp%2Fv2%2Ftags&post=364436"}],"curies":[{"name":"wp","href":"https:\/\/api.w.org\/{rel}","templated":true}]}}