{"id":364445,"date":"2021-08-09T10:09:04","date_gmt":"2021-08-09T07:09:04","guid":{"rendered":"http:\/\/arantv.az\/?p=364445"},"modified":"2021-08-09T10:09:04","modified_gmt":"2021-08-09T07:09:04","slug":"nazirl%c9%99r-kabinetinin-q%c9%99rarini-hec%c9%99-sayan-sadliq-saraylarinin-sahibl%c9%99ri-c%c9%99zalandirildi","status":"publish","type":"post","link":"https:\/\/arantv.az\/?p=364445","title":{"rendered":"Nazirl\u0259r Kabinetinin q\u0259rar\u0131n\u0131 he\u00e7\u0259 sayan \u015fadl\u0131q saraylar\u0131n\u0131n sahibl\u0259ri C\u018fZALANDIRILDI"},"content":{"rendered":"<p>Salyan Rayon Polis \u015e\u00f6b\u0259sinin \u0259m\u0259kda\u015flar\u0131 t\u0259r\u0259find\u0259n rayon \u0259razisind\u0259 yerl\u0259\u015f\u0259n \u201cSamir\u201d v\u0259 \u201cQarda\u015flar\u201d \u015fadl\u0131q saraylar\u0131nda t\u0259\u015fkil olunan toy m\u0259clisl\u0259rinin karantin qaydalar\u0131n\u0131n pozulmas\u0131 hallar\u0131 m\u00fc\u0259yy\u0259n edilib.<\/p>\n<p>Daxili \u0130\u015fl\u0259r Nazirliyinin m\u0259tbuat xidm\u0259tinin \u015eirvan regional qrupundan veril\u0259n m\u0259lumata g\u00f6r\u0259, ad\u0131 \u00e7\u0259kil\u0259n saraylar\u0131n sahibl\u0259ri toy m\u0259rasiml\u0259rind\u0259 normadan art\u0131q qona\u011f\u0131n i\u015ftirak etm\u0259sin\u0259 \u015f\u0259rait yarad\u0131blar.Yol veril\u0259n qayda pozuntusu il\u0259 ba\u011fl\u0131 h\u0259r iki obyektin sahibi 4000 manat m\u0259bl\u0259\u011find\u0259 c\u0259rim\u0259 olunub.<\/p>\n","protected":false},"excerpt":{"rendered":"<p>Salyan Rayon Polis \u015e\u00f6b\u0259sinin \u0259m\u0259kda\u015flar\u0131 t\u0259r\u0259find\u0259n rayon \u0259razisind\u0259 yerl\u0259\u015f\u0259n \u201cSamir\u201d v\u0259 \u201cQarda\u015flar\u201d \u015fadl\u0131q saraylar\u0131nda t\u0259\u015fkil olunan toy m\u0259clisl\u0259rinin karantin qaydalar\u0131n\u0131n pozulmas\u0131 hallar\u0131 m\u00fc\u0259yy\u0259n edilib. Daxili \u0130\u015fl\u0259r Nazirliyinin m\u0259tbuat xidm\u0259tinin \u015eirvan regional qrupundan veril\u0259n m\u0259lumata g\u00f6r\u0259, ad\u0131 \u00e7\u0259kil\u0259n saraylar\u0131n sahibl\u0259ri toy m\u0259rasiml\u0259rind\u0259 normadan art\u0131q qona\u011f\u0131n i\u015ftirak etm\u0259sin\u0259 \u015f\u0259rait yarad\u0131blar.Yol veril\u0259n qayda pozuntusu il\u0259 ba\u011fl\u0131 h\u0259r iki obyektin sahibi 4000 manat m\u0259bl\u0259\u011find\u0259 c\u0259rim\u0259 olunub.<\/p>\n","protected":false},"author":2,"featured_media":254323,"comment_status":"closed","ping_status":"closed","sticky":false,"template":"","format":"standard","meta":{"om_disable_all_campaigns":false,"_monsterinsights_skip_tracking":false,"_monsterinsights_sitenote_active":false,"_monsterinsights_sitenote_note":"","_monsterinsights_sitenote_category":0},"categories":[26],"tags":[],"aioseo_notices":[],"gutentor_comment":0,"rttpg_featured_image_url":{"full":["https:\/\/arantv.az\/wp-content\/uploads\/2020\/12\/toy-620x403-1.jpg",620,403,false],"landscape":["https:\/\/arantv.az\/wp-content\/uploads\/2020\/12\/toy-620x403-1.jpg",620,403,false],"portraits":["https:\/\/arantv.az\/wp-content\/uploads\/2020\/12\/toy-620x403-1.jpg",620,403,false],"thumbnail":["https:\/\/arantv.az\/wp-content\/uploads\/2020\/12\/toy-620x403-1-150x150.jpg",150,150,true],"medium":["https:\/\/arantv.az\/wp-content\/uploads\/2020\/12\/toy-620x403-1-300x195.jpg",300,195,true],"large":["https:\/\/arantv.az\/wp-content\/uploads\/2020\/12\/toy-620x403-1.jpg",620,403,false],"1536x1536":["https:\/\/arantv.az\/wp-content\/uploads\/2020\/12\/toy-620x403-1.jpg",620,403,false],"2048x2048":["https:\/\/arantv.az\/wp-content\/uploads\/2020\/12\/toy-620x403-1.jpg",620,403,false],"post-thumbnail":["https:\/\/arantv.az\/wp-content\/uploads\/2020\/12\/toy-620x403-1-240x172.jpg",240,172,true],"advps-thumb-one":["https:\/\/arantv.az\/wp-content\/uploads\/2020\/12\/toy-620x403-1.jpg",620,403,false]},"rttpg_author":{"display_name":"V\u00fcsal Rafiqo\u011flu","author_link":"https:\/\/arantv.az\/?author=2"},"rttpg_comment":0,"rttpg_category":"<a href=\"https:\/\/arantv.az\/?cat=26\" rel=\"category\">Sosial<\/a>","rttpg_excerpt":"Salyan Rayon Polis \u015e\u00f6b\u0259sinin \u0259m\u0259kda\u015flar\u0131 t\u0259r\u0259find\u0259n rayon \u0259razisind\u0259 yerl\u0259\u015f\u0259n \u201cSamir\u201d v\u0259 \u201cQarda\u015flar\u201d \u015fadl\u0131q saraylar\u0131nda t\u0259\u015fkil olunan toy m\u0259clisl\u0259rinin karantin qaydalar\u0131n\u0131n pozulmas\u0131 hallar\u0131 m\u00fc\u0259yy\u0259n edilib. Daxili \u0130\u015fl\u0259r Nazirliyinin m\u0259tbuat xidm\u0259tinin \u015eirvan regional qrupundan veril\u0259n m\u0259lumata g\u00f6r\u0259, ad\u0131 \u00e7\u0259kil\u0259n saraylar\u0131n sahibl\u0259ri toy m\u0259rasiml\u0259rind\u0259 normadan art\u0131q qona\u011f\u0131n i\u015ftirak etm\u0259sin\u0259 \u015f\u0259rait yarad\u0131blar.Yol veril\u0259n qayda pozuntusu il\u0259 ba\u011fl\u0131 h\u0259r iki&hellip;","_links":{"self":[{"href":"https:\/\/arantv.az\/index.php?rest_route=\/wp\/v2\/posts\/364445"}],"collection":[{"href":"https:\/\/arantv.az\/index.php?rest_route=\/wp\/v2\/posts"}],"about":[{"href":"https:\/\/arantv.az\/index.php?rest_route=\/wp\/v2\/types\/post"}],"author":[{"embeddable":true,"href":"https:\/\/arantv.az\/index.php?rest_route=\/wp\/v2\/users\/2"}],"replies":[{"embeddable":true,"href":"https:\/\/arantv.az\/index.php?rest_route=%2Fwp%2Fv2%2Fcomments&post=364445"}],"version-history":[{"count":0,"href":"https:\/\/arantv.az\/index.php?rest_route=\/wp\/v2\/posts\/364445\/revisions"}],"wp:featuredmedia":[{"embeddable":true,"href":"https:\/\/arantv.az\/index.php?rest_route=\/wp\/v2\/media\/254323"}],"wp:attachment":[{"href":"https:\/\/arantv.az\/index.php?rest_route=%2Fwp%2Fv2%2Fmedia&parent=364445"}],"wp:term":[{"taxonomy":"category","embeddable":true,"href":"https:\/\/arantv.az\/index.php?rest_route=%2Fwp%2Fv2%2Fcategories&post=364445"},{"taxonomy":"post_tag","embeddable":true,"href":"https:\/\/arantv.az\/index.php?rest_route=%2Fwp%2Fv2%2Ftags&post=364445"}],"curies":[{"name":"wp","href":"https:\/\/api.w.org\/{rel}","templated":true}]}}