{"id":364447,"date":"2021-08-09T10:10:05","date_gmt":"2021-08-09T07:10:05","guid":{"rendered":"http:\/\/arantv.az\/?p=364447"},"modified":"2021-08-09T10:10:05","modified_gmt":"2021-08-09T07:10:05","slug":"turkiy%c9%99li-polis-az%c9%99rbaycan-ucun-mahni-oxudu-video","status":"publish","type":"post","link":"https:\/\/arantv.az\/?p=364447","title":{"rendered":"T\u00fcrkiy\u0259li polis Az\u0259rbaycan \u00fc\u00e7\u00fcn mahn\u0131 oxudu &#8211; V\u0130DEO"},"content":{"rendered":"<p>T\u00fcrkiy\u0259li polisin Az\u0259rbaycana t\u0259\u015f\u0259kk\u00fcr videosu sosial \u015f\u0259b\u0259k\u0259nin g\u00fcnd\u0259min\u0259 \u00e7evrilib.<\/p>\n<p><strong>ARANTV.AZ<\/strong> <a title=\"xeberler son xeberler 2021\" href=\"https:\/\/big.az\/\" target=\"_blank\" rel=\"noopener\">x\u0259b\u0259r<\/a>\u00a0verir ki, t\u00fcrkiy\u0259li polis az\u0259rbaycanl\u0131 yan\u011f\u0131ns\u00f6nd\u00fcr\u0259nl\u0259rin qarda\u015f \u00f6lk\u0259y\u0259 k\u00f6m\u0259yin\u0259 t\u0259\u015f\u0259kk\u00fcr \u0259lam\u0259ti olaraq mahn\u0131 oxuyub. Onun bu ifas\u0131 sosial \u015f\u0259b\u0259k\u0259d\u0259 geni\u015f payla\u015f\u0131laraq izl\u0259yicil\u0259rin mara\u011f\u0131na s\u0259b\u0259b olub.<\/p>\n<div id=\"AdviadNativeVideo0\" class=\"AdviadNativeVideo\"><\/div>\n<p>H\u0259min g\u00f6r\u00fcnt\u00fcl\u0259ri t\u0259qdim edirik:<\/p>\n<div class=\"embed-responsive embed-responsive-16by9\"><iframe loading=\"lazy\" id=\"nmqembedid\" class=\"embed-responsive-item\" title=\"video player\" src=\"https:\/\/izle.az\/embed\/BcGxEYAgDADAiUwkSCBDeOcKGqCCYIEN0_uPqKP3Ye_X2hpW4Nk0G1iZ2IpNuBdWFlKt6km8RA47ZUdOkufIKbgA53X8\" width=\"600\" height=\"340\" frameborder=\"0\" scrolling=\"no\" allowfullscreen=\"allowfullscreen\" data-mce-fragment=\"1\"><\/iframe><\/div>\n","protected":false},"excerpt":{"rendered":"<p>T\u00fcrkiy\u0259li polisin Az\u0259rbaycana t\u0259\u015f\u0259kk\u00fcr videosu sosial \u015f\u0259b\u0259k\u0259nin g\u00fcnd\u0259min\u0259 \u00e7evrilib. ARANTV.AZ x\u0259b\u0259r\u00a0verir ki, t\u00fcrkiy\u0259li polis az\u0259rbaycanl\u0131 yan\u011f\u0131ns\u00f6nd\u00fcr\u0259nl\u0259rin qarda\u015f \u00f6lk\u0259y\u0259 k\u00f6m\u0259yin\u0259 t\u0259\u015f\u0259kk\u00fcr \u0259lam\u0259ti olaraq mahn\u0131 oxuyub. Onun bu ifas\u0131 sosial \u015f\u0259b\u0259k\u0259d\u0259 geni\u015f payla\u015f\u0131laraq izl\u0259yicil\u0259rin mara\u011f\u0131na s\u0259b\u0259b olub. H\u0259min g\u00f6r\u00fcnt\u00fcl\u0259ri t\u0259qdim edirik:<\/p>\n","protected":false},"author":2,"featured_media":364448,"comment_status":"closed","ping_status":"closed","sticky":false,"template":"","format":"standard","meta":{"om_disable_all_campaigns":false,"_monsterinsights_skip_tracking":false,"_monsterinsights_sitenote_active":false,"_monsterinsights_sitenote_note":"","_monsterinsights_sitenote_category":0},"categories":[26],"tags":[],"aioseo_notices":[],"gutentor_comment":0,"rttpg_featured_image_url":{"full":["https:\/\/arantv.az\/wp-content\/uploads\/2021\/08\/polis_91628492338.jpg",650,433,false],"landscape":["https:\/\/arantv.az\/wp-content\/uploads\/2021\/08\/polis_91628492338.jpg",650,433,false],"portraits":["https:\/\/arantv.az\/wp-content\/uploads\/2021\/08\/polis_91628492338.jpg",650,433,false],"thumbnail":["https:\/\/arantv.az\/wp-content\/uploads\/2021\/08\/polis_91628492338-500x280.jpg",500,280,true],"medium":["https:\/\/arantv.az\/wp-content\/uploads\/2021\/08\/polis_91628492338-548x365.jpg",548,365,true],"large":["https:\/\/arantv.az\/wp-content\/uploads\/2021\/08\/polis_91628492338.jpg",640,426,false],"1536x1536":["https:\/\/arantv.az\/wp-content\/uploads\/2021\/08\/polis_91628492338.jpg",650,433,false],"2048x2048":["https:\/\/arantv.az\/wp-content\/uploads\/2021\/08\/polis_91628492338.jpg",650,433,false],"post-thumbnail":["https:\/\/arantv.az\/wp-content\/uploads\/2021\/08\/polis_91628492338-240x172.jpg",240,172,true],"advps-thumb-one":["https:\/\/arantv.az\/wp-content\/uploads\/2021\/08\/polis_91628492338.jpg",650,433,false]},"rttpg_author":{"display_name":"V\u00fcsal Rafiqo\u011flu","author_link":"https:\/\/arantv.az\/?author=2"},"rttpg_comment":0,"rttpg_category":"<a href=\"https:\/\/arantv.az\/?cat=26\" rel=\"category\">Sosial<\/a>","rttpg_excerpt":"T\u00fcrkiy\u0259li polisin Az\u0259rbaycana t\u0259\u015f\u0259kk\u00fcr videosu sosial \u015f\u0259b\u0259k\u0259nin g\u00fcnd\u0259min\u0259 \u00e7evrilib. ARANTV.AZ x\u0259b\u0259r\u00a0verir ki, t\u00fcrkiy\u0259li polis az\u0259rbaycanl\u0131 yan\u011f\u0131ns\u00f6nd\u00fcr\u0259nl\u0259rin qarda\u015f \u00f6lk\u0259y\u0259 k\u00f6m\u0259yin\u0259 t\u0259\u015f\u0259kk\u00fcr \u0259lam\u0259ti olaraq mahn\u0131 oxuyub. Onun bu ifas\u0131 sosial \u015f\u0259b\u0259k\u0259d\u0259 geni\u015f payla\u015f\u0131laraq izl\u0259yicil\u0259rin mara\u011f\u0131na s\u0259b\u0259b olub. H\u0259min g\u00f6r\u00fcnt\u00fcl\u0259ri t\u0259qdim edirik:","_links":{"self":[{"href":"https:\/\/arantv.az\/index.php?rest_route=\/wp\/v2\/posts\/364447"}],"collection":[{"href":"https:\/\/arantv.az\/index.php?rest_route=\/wp\/v2\/posts"}],"about":[{"href":"https:\/\/arantv.az\/index.php?rest_route=\/wp\/v2\/types\/post"}],"author":[{"embeddable":true,"href":"https:\/\/arantv.az\/index.php?rest_route=\/wp\/v2\/users\/2"}],"replies":[{"embeddable":true,"href":"https:\/\/arantv.az\/index.php?rest_route=%2Fwp%2Fv2%2Fcomments&post=364447"}],"version-history":[{"count":0,"href":"https:\/\/arantv.az\/index.php?rest_route=\/wp\/v2\/posts\/364447\/revisions"}],"wp:featuredmedia":[{"embeddable":true,"href":"https:\/\/arantv.az\/index.php?rest_route=\/wp\/v2\/media\/364448"}],"wp:attachment":[{"href":"https:\/\/arantv.az\/index.php?rest_route=%2Fwp%2Fv2%2Fmedia&parent=364447"}],"wp:term":[{"taxonomy":"category","embeddable":true,"href":"https:\/\/arantv.az\/index.php?rest_route=%2Fwp%2Fv2%2Fcategories&post=364447"},{"taxonomy":"post_tag","embeddable":true,"href":"https:\/\/arantv.az\/index.php?rest_route=%2Fwp%2Fv2%2Ftags&post=364447"}],"curies":[{"name":"wp","href":"https:\/\/api.w.org\/{rel}","templated":true}]}}