{"id":364459,"date":"2021-08-09T10:28:51","date_gmt":"2021-08-09T07:28:51","guid":{"rendered":"http:\/\/arantv.az\/?p=364459"},"modified":"2021-08-09T10:28:51","modified_gmt":"2021-08-09T07:28:51","slug":"erm%c9%99nistanda-%c9%99lill%c9%99ri-d%c9%99-orduya-cagirirlar","status":"publish","type":"post","link":"https:\/\/arantv.az\/?p=364459","title":{"rendered":"Erm\u0259nistanda \u0259lill\u0259ri d\u0259 orduya \u00e7a\u011f\u0131r\u0131rlar"},"content":{"rendered":"<p>&#8220;O\u011flumun ba\u015f\u0131na g\u0259tiril\u0259n m\u00fcsib\u0259ti anlam\u0131ram. Ba\u015fa d\u00fc\u015f\u00fcr\u0259m, yiy\u0259sizlikdir, \u00f6zba\u015f\u0131nal\u0131qd\u0131r. Amma bu q\u0259d\u0259r yox da.<\/p>\n<p>Erm\u0259nistan\u0131n Me\u011fri \u015f\u0259h\u0259rinin sakini Jora Xa\u00e7atryan\u0131n dediyin\u0259 g\u00f6r\u0259, o\u011flu Movses anadang\u0259lm\u0259 \u0259lildir. Onda &#8220;q\u0131sa ayaq&#8221; sindromu var.<\/p>\n<p>&#8220;O\u011flumun sol aya\u011f\u0131 sa\u011f aya\u011f\u0131ndan 4 sm q\u0131sad\u0131r. Amma Me\u011fri h\u0259rbi komissarl\u0131\u011f\u0131n\u0131n \u00e7a\u011f\u0131r\u0131\u015f xidm\u0259tind\u0259 o\u011flumu &#8220;h\u0259rbi xidm\u0259t\u0259 tam yararl\u0131, sa\u011flam&#8221; sayd\u0131lar. D\u00f6vl\u0259t qurumlar\u0131na \u00fcz tutdum, m\u00fcraci\u0259t etdim, \u015fikay\u0259tl\u0259ndim, he\u00e7 bir m\u0259nas\u0131 olmad\u0131&#8221;, &#8211; Jora Xa\u00e7atryan s\u00f6yl\u0259yib.<\/p>\n<p>48 ya\u015fl\u0131 Liya Baqdasaryan da o\u011flu Hovanesin h\u0259rbi xidm\u0259t\u0259 \u00e7a\u011f\u0131r\u0131ld\u0131\u011f\u0131n\u0131 deyib. Halbuki Hovanesin sol g\u00f6z\u00fc \u00e7ox z\u0259if g\u00f6r\u00fcr.<\/p>\n<p><img src=\"https:\/\/img.milli.az\/2021\/08\/09\/zt3ml7sonna.jpg\" alt=\"\" \/><\/p>\n<p>&#8220;O\u011flumun sol g\u00f6z\u00fc faktiki olaraq g\u00f6rm\u00fcr. X\u0259st\u0259xanalardan ka\u011f\u0131zlar, aray\u0131\u015flar verdim, xeyri olmad\u0131&#8221;, &#8211; L.Baqdasaryan bildirib.<\/p>\n<p>Erm\u0259nistandak\u0131 h\u00fcquq m\u00fcdafi\u0259\u00e7il\u0259rinin dedikl\u0259rin\u0259 g\u00f6r\u0259, silahl\u0131 q\u00fcvv\u0259l\u0259r\u0259 \u00e7a\u011f\u0131r\u0131\u015fda s\u0259hh\u0259tind\u0259 ciddi probleml\u0259r olan g\u0259ncl\u0259r bel\u0259, ordu s\u0131ralar\u0131na c\u0259lb olunurlar.<\/p>\n<p>Erm\u0259nistan M\u00fcdafi\u0259 Nazirliyi bu iddialar\u0131 q\u0259tiyy\u0259tl\u0259 t\u0259kzib ets\u0259 d\u0259, m\u00f6vcud situasiya tam t\u0259rsini g\u00f6st\u0259rir.<\/p>\n<p>\u00d6lk\u0259nin \u0259n m\u00fcxt\u0259lif yerl\u0259rind\u0259 s\u0259hh\u0259tind\u0259 ciddi probleml\u0259r olan, h\u0259tta \u0259lil say\u0131la bil\u0259c\u0259k g\u0259ncl\u0259rin h\u0259rbi xidm\u0259t\u0259 \u00e7a\u011f\u0131r\u0131\u015f\u0131 il\u0259 ba\u011fl\u0131 faktlar\u0131n say\u0131 durmadan art\u0131r.<\/p>\n","protected":false},"excerpt":{"rendered":"<p>&#8220;O\u011flumun ba\u015f\u0131na g\u0259tiril\u0259n m\u00fcsib\u0259ti anlam\u0131ram. Ba\u015fa d\u00fc\u015f\u00fcr\u0259m, yiy\u0259sizlikdir, \u00f6zba\u015f\u0131nal\u0131qd\u0131r. Amma bu q\u0259d\u0259r yox da. Erm\u0259nistan\u0131n Me\u011fri \u015f\u0259h\u0259rinin sakini Jora Xa\u00e7atryan\u0131n dediyin\u0259 g\u00f6r\u0259, o\u011flu Movses anadang\u0259lm\u0259 \u0259lildir. Onda &#8220;q\u0131sa ayaq&#8221; sindromu var. &#8220;O\u011flumun sol aya\u011f\u0131 sa\u011f aya\u011f\u0131ndan 4 sm q\u0131sad\u0131r. Amma Me\u011fri h\u0259rbi komissarl\u0131\u011f\u0131n\u0131n \u00e7a\u011f\u0131r\u0131\u015f xidm\u0259tind\u0259 o\u011flumu &#8220;h\u0259rbi xidm\u0259t\u0259 tam yararl\u0131, sa\u011flam&#8221; sayd\u0131lar. D\u00f6vl\u0259t qurumlar\u0131na \u00fcz tutdum, m\u00fcraci\u0259t etdim, \u015fikay\u0259tl\u0259ndim, he\u00e7 bir m\u0259nas\u0131 olmad\u0131&#8221;, &#8211; Jora Xa\u00e7atryan s\u00f6yl\u0259yib. 48 ya\u015fl\u0131 Liya Baqdasaryan da o\u011flu Hovanesin h\u0259rbi xidm\u0259t\u0259 \u00e7a\u011f\u0131r\u0131ld\u0131\u011f\u0131n\u0131 deyib. Halbuki Hovanesin sol g\u00f6z\u00fc \u00e7ox z\u0259if g\u00f6r\u00fcr. &#8220;O\u011flumun sol g\u00f6z\u00fc faktiki olaraq&hellip;<\/p>\n","protected":false},"author":2,"featured_media":364460,"comment_status":"closed","ping_status":"closed","sticky":false,"template":"","format":"standard","meta":{"om_disable_all_campaigns":false,"_monsterinsights_skip_tracking":false,"_monsterinsights_sitenote_active":false,"_monsterinsights_sitenote_note":"","_monsterinsights_sitenote_category":0},"categories":[4],"tags":[],"aioseo_notices":[],"gutentor_comment":0,"rttpg_featured_image_url":{"full":["https:\/\/arantv.az\/wp-content\/uploads\/2021\/08\/ermeni_274765766.jpg",750,499,false],"landscape":["https:\/\/arantv.az\/wp-content\/uploads\/2021\/08\/ermeni_274765766.jpg",750,499,false],"portraits":["https:\/\/arantv.az\/wp-content\/uploads\/2021\/08\/ermeni_274765766.jpg",750,499,false],"thumbnail":["https:\/\/arantv.az\/wp-content\/uploads\/2021\/08\/ermeni_274765766-500x280.jpg",500,280,true],"medium":["https:\/\/arantv.az\/wp-content\/uploads\/2021\/08\/ermeni_274765766-549x365.jpg",549,365,true],"large":["https:\/\/arantv.az\/wp-content\/uploads\/2021\/08\/ermeni_274765766.jpg",640,426,false],"1536x1536":["https:\/\/arantv.az\/wp-content\/uploads\/2021\/08\/ermeni_274765766.jpg",750,499,false],"2048x2048":["https:\/\/arantv.az\/wp-content\/uploads\/2021\/08\/ermeni_274765766.jpg",750,499,false],"post-thumbnail":["https:\/\/arantv.az\/wp-content\/uploads\/2021\/08\/ermeni_274765766-240x172.jpg",240,172,true],"advps-thumb-one":["https:\/\/arantv.az\/wp-content\/uploads\/2021\/08\/ermeni_274765766.jpg",750,499,false]},"rttpg_author":{"display_name":"V\u00fcsal Rafiqo\u011flu","author_link":"https:\/\/arantv.az\/?author=2"},"rttpg_comment":0,"rttpg_category":"<a href=\"https:\/\/arantv.az\/?cat=4\" rel=\"category\">Siyas\u0259t<\/a>","rttpg_excerpt":"&#8220;O\u011flumun ba\u015f\u0131na g\u0259tiril\u0259n m\u00fcsib\u0259ti anlam\u0131ram. Ba\u015fa d\u00fc\u015f\u00fcr\u0259m, yiy\u0259sizlikdir, \u00f6zba\u015f\u0131nal\u0131qd\u0131r. Amma bu q\u0259d\u0259r yox da. Erm\u0259nistan\u0131n Me\u011fri \u015f\u0259h\u0259rinin sakini Jora Xa\u00e7atryan\u0131n dediyin\u0259 g\u00f6r\u0259, o\u011flu Movses anadang\u0259lm\u0259 \u0259lildir. Onda &#8220;q\u0131sa ayaq&#8221; sindromu var. &#8220;O\u011flumun sol aya\u011f\u0131 sa\u011f aya\u011f\u0131ndan 4 sm q\u0131sad\u0131r. Amma Me\u011fri h\u0259rbi komissarl\u0131\u011f\u0131n\u0131n \u00e7a\u011f\u0131r\u0131\u015f xidm\u0259tind\u0259 o\u011flumu &#8220;h\u0259rbi xidm\u0259t\u0259 tam yararl\u0131, sa\u011flam&#8221; sayd\u0131lar. D\u00f6vl\u0259t qurumlar\u0131na \u00fcz&hellip;","_links":{"self":[{"href":"https:\/\/arantv.az\/index.php?rest_route=\/wp\/v2\/posts\/364459"}],"collection":[{"href":"https:\/\/arantv.az\/index.php?rest_route=\/wp\/v2\/posts"}],"about":[{"href":"https:\/\/arantv.az\/index.php?rest_route=\/wp\/v2\/types\/post"}],"author":[{"embeddable":true,"href":"https:\/\/arantv.az\/index.php?rest_route=\/wp\/v2\/users\/2"}],"replies":[{"embeddable":true,"href":"https:\/\/arantv.az\/index.php?rest_route=%2Fwp%2Fv2%2Fcomments&post=364459"}],"version-history":[{"count":0,"href":"https:\/\/arantv.az\/index.php?rest_route=\/wp\/v2\/posts\/364459\/revisions"}],"wp:featuredmedia":[{"embeddable":true,"href":"https:\/\/arantv.az\/index.php?rest_route=\/wp\/v2\/media\/364460"}],"wp:attachment":[{"href":"https:\/\/arantv.az\/index.php?rest_route=%2Fwp%2Fv2%2Fmedia&parent=364459"}],"wp:term":[{"taxonomy":"category","embeddable":true,"href":"https:\/\/arantv.az\/index.php?rest_route=%2Fwp%2Fv2%2Fcategories&post=364459"},{"taxonomy":"post_tag","embeddable":true,"href":"https:\/\/arantv.az\/index.php?rest_route=%2Fwp%2Fv2%2Ftags&post=364459"}],"curies":[{"name":"wp","href":"https:\/\/api.w.org\/{rel}","templated":true}]}}