{"id":364462,"date":"2021-08-09T10:31:16","date_gmt":"2021-08-09T07:31:16","guid":{"rendered":"http:\/\/arantv.az\/?p=364462"},"modified":"2021-08-09T10:31:16","modified_gmt":"2021-08-09T07:31:16","slug":"din-d%c9%99n-h%c9%99r%c9%99k%c9%99td%c9%99-olan-masindan-atilan-qadinla-bagli-aciqlama","status":"publish","type":"post","link":"https:\/\/arantv.az\/?p=364462","title":{"rendered":"D\u0130N-d\u0259n h\u0259r\u0259k\u0259td\u0259 olan ma\u015f\u0131ndan at\u0131lan qad\u0131nla ba\u011fl\u0131 A\u00c7IQLAMA"},"content":{"rendered":"<p>Daxili \u0130\u015fl\u0259r Nazirliyi h\u0259r\u0259k\u0259td\u0259 olan avtomobild\u0259n yola at\u0131lan qad\u0131nla ba\u011fl\u0131 yay\u0131lan x\u0259b\u0259r\u0259 m\u00fcnasib\u0259t bildirib.<\/p>\n<p>D\u0130N-in m\u0259tbuat xidm\u0259tinin Quba regional qrupunun ba\u015f inspektoru, polis leytenant\u0131 X\u0259yal Tal\u0131bov Oxu.Az-a a\u00e7\u0131qlamas\u0131nda bildirib ki, avqustun 7-d\u0259 \u015eabran rayon sakini Heyy\u0259t Heyb\u0259tov il\u0259 tan\u0131\u015f\u0131, Qusar rayon sakini Nat\u0259van Sarxanova aras\u0131nda m\u00fcbahis\u0259 yaran\u0131b:<\/p>\n<p>\u201cN\u0259tic\u0259d\u0259 H.Heyb\u0259tov qad\u0131n\u0131 h\u0259r\u0259k\u0259td\u0259 olan avtomobild\u0259n yola at\u0131b. Hadis\u0259 Quba rayonu \u0259razisind\u0259 ba\u015f verib. N.Sarxanova x\u0259sar\u0259tl\u0259rl\u0259 \u015eabran Rayon M\u0259rk\u0259zi X\u0259st\u0259xanas\u0131na yerl\u0259\u015fdirilib. Hadis\u0259y\u0259 h\u00fcquqi qiym\u0259t veril\u0259c\u0259k\u201d.<\/p>\n","protected":false},"excerpt":{"rendered":"<p>Daxili \u0130\u015fl\u0259r Nazirliyi h\u0259r\u0259k\u0259td\u0259 olan avtomobild\u0259n yola at\u0131lan qad\u0131nla ba\u011fl\u0131 yay\u0131lan x\u0259b\u0259r\u0259 m\u00fcnasib\u0259t bildirib. D\u0130N-in m\u0259tbuat xidm\u0259tinin Quba regional qrupunun ba\u015f inspektoru, polis leytenant\u0131 X\u0259yal Tal\u0131bov Oxu.Az-a a\u00e7\u0131qlamas\u0131nda bildirib ki, avqustun 7-d\u0259 \u015eabran rayon sakini Heyy\u0259t Heyb\u0259tov il\u0259 tan\u0131\u015f\u0131, Qusar rayon sakini Nat\u0259van Sarxanova aras\u0131nda m\u00fcbahis\u0259 yaran\u0131b: \u201cN\u0259tic\u0259d\u0259 H.Heyb\u0259tov qad\u0131n\u0131 h\u0259r\u0259k\u0259td\u0259 olan avtomobild\u0259n yola at\u0131b. Hadis\u0259 Quba rayonu \u0259razisind\u0259 ba\u015f verib. N.Sarxanova x\u0259sar\u0259tl\u0259rl\u0259 \u015eabran Rayon M\u0259rk\u0259zi X\u0259st\u0259xanas\u0131na yerl\u0259\u015fdirilib. Hadis\u0259y\u0259 h\u00fcquqi qiym\u0259t veril\u0259c\u0259k\u201d.<\/p>\n","protected":false},"author":2,"featured_media":364463,"comment_status":"closed","ping_status":"closed","sticky":false,"template":"","format":"standard","meta":{"om_disable_all_campaigns":false,"_monsterinsights_skip_tracking":false,"_monsterinsights_sitenote_active":false,"_monsterinsights_sitenote_note":"","_monsterinsights_sitenote_category":0},"categories":[26],"tags":[],"aioseo_notices":[],"gutentor_comment":0,"rttpg_featured_image_url":{"full":["https:\/\/arantv.az\/wp-content\/uploads\/2021\/08\/FotoJet-2-2.jpg",620,405,false],"landscape":["https:\/\/arantv.az\/wp-content\/uploads\/2021\/08\/FotoJet-2-2.jpg",620,405,false],"portraits":["https:\/\/arantv.az\/wp-content\/uploads\/2021\/08\/FotoJet-2-2.jpg",620,405,false],"thumbnail":["https:\/\/arantv.az\/wp-content\/uploads\/2021\/08\/FotoJet-2-2-500x280.jpg",500,280,true],"medium":["https:\/\/arantv.az\/wp-content\/uploads\/2021\/08\/FotoJet-2-2-559x365.jpg",559,365,true],"large":["https:\/\/arantv.az\/wp-content\/uploads\/2021\/08\/FotoJet-2-2.jpg",620,405,false],"1536x1536":["https:\/\/arantv.az\/wp-content\/uploads\/2021\/08\/FotoJet-2-2.jpg",620,405,false],"2048x2048":["https:\/\/arantv.az\/wp-content\/uploads\/2021\/08\/FotoJet-2-2.jpg",620,405,false],"post-thumbnail":["https:\/\/arantv.az\/wp-content\/uploads\/2021\/08\/FotoJet-2-2-240x172.jpg",240,172,true],"advps-thumb-one":["https:\/\/arantv.az\/wp-content\/uploads\/2021\/08\/FotoJet-2-2.jpg",620,405,false]},"rttpg_author":{"display_name":"V\u00fcsal Rafiqo\u011flu","author_link":"https:\/\/arantv.az\/?author=2"},"rttpg_comment":0,"rttpg_category":"<a href=\"https:\/\/arantv.az\/?cat=26\" rel=\"category\">Sosial<\/a>","rttpg_excerpt":"Daxili \u0130\u015fl\u0259r Nazirliyi h\u0259r\u0259k\u0259td\u0259 olan avtomobild\u0259n yola at\u0131lan qad\u0131nla ba\u011fl\u0131 yay\u0131lan x\u0259b\u0259r\u0259 m\u00fcnasib\u0259t bildirib. D\u0130N-in m\u0259tbuat xidm\u0259tinin Quba regional qrupunun ba\u015f inspektoru, polis leytenant\u0131 X\u0259yal Tal\u0131bov Oxu.Az-a a\u00e7\u0131qlamas\u0131nda bildirib ki, avqustun 7-d\u0259 \u015eabran rayon sakini Heyy\u0259t Heyb\u0259tov il\u0259 tan\u0131\u015f\u0131, Qusar rayon sakini Nat\u0259van Sarxanova aras\u0131nda m\u00fcbahis\u0259 yaran\u0131b: \u201cN\u0259tic\u0259d\u0259 H.Heyb\u0259tov qad\u0131n\u0131 h\u0259r\u0259k\u0259td\u0259 olan avtomobild\u0259n yola at\u0131b.&hellip;","_links":{"self":[{"href":"https:\/\/arantv.az\/index.php?rest_route=\/wp\/v2\/posts\/364462"}],"collection":[{"href":"https:\/\/arantv.az\/index.php?rest_route=\/wp\/v2\/posts"}],"about":[{"href":"https:\/\/arantv.az\/index.php?rest_route=\/wp\/v2\/types\/post"}],"author":[{"embeddable":true,"href":"https:\/\/arantv.az\/index.php?rest_route=\/wp\/v2\/users\/2"}],"replies":[{"embeddable":true,"href":"https:\/\/arantv.az\/index.php?rest_route=%2Fwp%2Fv2%2Fcomments&post=364462"}],"version-history":[{"count":0,"href":"https:\/\/arantv.az\/index.php?rest_route=\/wp\/v2\/posts\/364462\/revisions"}],"wp:featuredmedia":[{"embeddable":true,"href":"https:\/\/arantv.az\/index.php?rest_route=\/wp\/v2\/media\/364463"}],"wp:attachment":[{"href":"https:\/\/arantv.az\/index.php?rest_route=%2Fwp%2Fv2%2Fmedia&parent=364462"}],"wp:term":[{"taxonomy":"category","embeddable":true,"href":"https:\/\/arantv.az\/index.php?rest_route=%2Fwp%2Fv2%2Fcategories&post=364462"},{"taxonomy":"post_tag","embeddable":true,"href":"https:\/\/arantv.az\/index.php?rest_route=%2Fwp%2Fv2%2Ftags&post=364462"}],"curies":[{"name":"wp","href":"https:\/\/api.w.org\/{rel}","templated":true}]}}