{"id":364479,"date":"2021-08-09T11:13:40","date_gmt":"2021-08-09T08:13:40","guid":{"rendered":"http:\/\/arantv.az\/?p=364479"},"modified":"2021-08-09T11:13:40","modified_gmt":"2021-08-09T08:13:40","slug":"qmi-m%c9%99h%c9%99rr%c9%99m-ayinin-baslamasi-il%c9%99-bagli-v%c9%99t%c9%99ndaslara-muraci%c9%99t-edib","status":"publish","type":"post","link":"https:\/\/arantv.az\/?p=364479","title":{"rendered":"QM\u0130 M\u0259h\u0259rr\u0259m ay\u0131n\u0131n ba\u015flamas\u0131 il\u0259 ba\u011fl\u0131 v\u0259t\u0259nda\u015flara m\u00fcraci\u0259t edib"},"content":{"rendered":"<p>Qafqaz M\u00fcs\u0259lmanlar\u0131 \u0130dar\u0259si Qaz\u0131lar \u015euras\u0131 v\u0259 s\u0259lahiyy\u0259tli n\u00fcmay\u0259nd\u0259l\u0259ri M\u0259h\u0259rr\u0259m ay\u0131n\u0131n ba\u015flamas\u0131 il\u0259 \u0259laq\u0259dar m\u00fcraci\u0259t edib.<\/p>\n<p>QM\u0130-d\u0259n\u00a0<strong>&#8220;\u0130ki sahil&#8221;<\/strong>\u0259 veril\u0259n m\u0259lumata g\u00f6r\u0259, m\u00fcraci\u0259td\u0259 deyilir:<\/p>\n<div>\n<p>&#8220;Qafqaz M\u00fcs\u0259lmanlar\u0131 \u0130dar\u0259sinin Qaz\u0131lar \u015euras\u0131 v\u0259 s\u0259lahiyy\u0259tli n\u00fcmay\u0259nd\u0259l\u0259ri n\u0259z\u0259riniz\u0259 \u00e7atd\u0131r\u0131r ki, Hicri-q\u0259m\u0259ri t\u0259qvimi il\u0259 1442-ci il ba\u015fa \u00e7at\u0131r, yeni 1443-c\u00fc ilin ba\u015flan\u011f\u0131c\u0131 \u2013 M\u0259h\u0259rr\u0259m ay\u0131n\u0131n 1-i Miladi t\u0259qviml\u0259 2021-ci il avqust ay\u0131n\u0131n 10-na, M\u0259h\u0259rr\u0259m ay\u0131n\u0131n 10-u &#8211; A\u015fura g\u00fcn\u00fc is\u0259 2021-ci il avqust ay\u0131n\u0131n 19-na t\u0259sad\u00fcf edir.<br \/>\nM\u0259h\u0259rr\u0259m ay\u0131n\u0131n A\u015fura g\u00fcn\u00fc \u0130mam H\u00fcseyn \u0259leyhiss\u0259lam\u0131n ail\u0259si v\u0259 s\u0259hab\u0259l\u0259ri il\u0259 birlikd\u0259 Haqq u\u011frunda \u015f\u0259had\u0259t\u0259 yeti\u015fdiyi g\u00fcn kimi \u0130slam tarixin\u0259 faci\u0259vi, eyni zamanda, q\u00fcrurverici hadis\u0259 kimi daxil olmu\u015fdur. \u0130mam H\u00fcseyn \u0259leyhissalam\u0131n xatir\u0259sinin, K\u0259rb\u0259la m\u00fcsib\u0259tinin n\u0259sill\u0259rin yadda\u015f\u0131nda ya\u015fad\u0131lmas\u0131 iman\u0131n, \u0259qid\u0259y\u0259 sadiqliyin, V\u0259t\u0259n, torpaq namin\u0259 \u015f\u0259hidlik m\u0259kt\u0259binin \u0259n bariz n\u00fcmun\u0259si v\u0259 \u0259b\u0259di t\u0259c\u0259ss\u00fcm\u00fcd\u00fcr. H\u0259md olsun Allaha ki, bu ilki M\u0259h\u0259rr\u0259m ay\u0131n\u0131 30 illik Qaraba\u011f h\u0259sr\u0259tinin sonu, ill\u0259r boyu dua etdiyimiz z\u0259f\u0259r s\u0259ad\u0259ti il\u0259 qar\u015f\u0131lay\u0131r\u0131q. M\u00fcz\u0259ff\u0259r Ali Ba\u015f Komandan, Prezident \u0130lham \u018fliyevin r\u0259hb\u0259rliyi il\u0259 44 g\u00fcnl\u00fck V\u0259t\u0259n m\u00fcharib\u0259sind\u0259 \u015fanl\u0131 Ordumuzun bizl\u0259r\u0259 ya\u015fatd\u0131\u011f\u0131 q\u00fcrur v\u0259 sevinc\u0259 g\u00f6r\u0259 Uca Yaradana h\u0259md-s\u0259nalar, d\u00f6vl\u0259timiz\u0259 dualar edirik.<br \/>\nAllah yan\u0131nda iman\u0131n, m\u0259n\u0259viyyat\u0131n \u0259n y\u00fcks\u0259k m\u0259qam\u0131 torpaq v\u0259 v\u0259t\u0259n u\u011frunda \u015f\u0259hidlikdir. M\u0259h\u0259rr\u0259mlik d\u00f6n\u0259mind\u0259 ibad\u0259t v\u0259 dualar\u0131m\u0131zda K\u0259rb\u0259la \u015f\u0259hidl\u0259ri il\u0259 yana\u015f\u0131 Az\u0259rbaycan\u0131n \u0259razi b\u00fct\u00f6vl\u00fcy\u00fc u\u011frunda canlar\u0131n\u0131 f\u0259da etmi\u015f q\u0259hr\u0259man \u00f6vladlar\u0131m\u0131z\u0131n, erm\u0259ni terrorunun v\u0259 Qaraba\u011f \u015f\u0259hidl\u0259rinin, 20 yanvar v\u0259 Xocal\u0131 soyq\u0131r\u0131m\u0131 qurbanlar\u0131n\u0131n \u0259ziz xatir\u0259sini yad etm\u0259kl\u0259 \u015f\u0259hidl\u0259rimiz\u0259 r\u0259hm\u0259t, qazil\u0259rimiz\u0259 \u015f\u0259falar dil\u0259m\u0259k bizim v\u0259fa borcumuzdur.<br \/>\nM\u0259h\u0259rr\u0259mlik bu il d\u0259 d\u00fcnyada davam ed\u0259n koronavirus b\u0259las\u0131 il\u0259 \u0259laq\u0259dar m\u00fcv\u0259qq\u0259ti m\u0259hdudiyy\u0259tl\u0259r \u015f\u0259raitind\u0259 ke\u00e7\u0259c\u0259kdir. M\u0259cburi karantin t\u0259dbirl\u0259ri virus t\u0259hl\u00fck\u0259sinin \u00e7oxalmamas\u0131 \u00fc\u00e7\u00fcn insanlar\u0131n s\u0131x topla\u015fmamas\u0131 qaydalar\u0131n\u0131 n\u0259z\u0259rd\u0259 tutur. Nazirl\u0259r Kabineti yan\u0131nda Operativ Q\u0259rargah\u0131n q\u0259rar\u0131na \u0259sas\u0259n, sosial m\u0259saf\u0259nin t\u0259mini m\u00fcmk\u00fcn olmayan k\u00fctl\u0259vi m\u0259rasiml\u0259rd\u0259 virusa yoluxma say\u0131n\u0131n artma t\u0259hl\u00fck\u0259sini n\u0259z\u0259r\u0259 alaraq, Qafqaz M\u00fcs\u0259lmanlar\u0131 \u0130dar\u0259sinin Qaz\u0131lar \u015euras\u0131 v\u0259 s\u0259lahiyy\u0259tli n\u00fcmay\u0259nd\u0259l\u0259ri t\u00f6vsiy\u0259 edirl\u0259r ki, bu il M\u0259h\u0259rr\u0259mlik d\u00f6n\u0259mind\u0259 m\u0259scid v\u0259 ziyar\u0259tgahlarda ibad\u0259tl\u0259rin v\u0259 m\u0259rasiml\u0259rinin karantin qaydalar\u0131na uy\u011fun olaraq ke\u00e7irilm\u0259si vacibdir.<\/p>\n<p>QM\u0130 Qaz\u0131lar \u015euras\u0131 v\u0259 s\u0259lahiyy\u0259tli n\u00fcmay\u0259nd\u0259l\u0259ri bildirirl\u0259r ki, Uca Allah\u0131n buyurduqlar\u0131na, m\u00fcq\u0259dd\u0259s h\u0259disl\u0259r\u0259 istinad\u0259n \u00f6z\u00fcn\u00fcn, yax\u0131nlar\u0131n\u0131n v\u0259 \u0259traf\u0131ndak\u0131lar\u0131n h\u0259yat v\u0259 sa\u011flaml\u0131\u011f\u0131n\u0131 t\u0259hl\u00fck\u0259d\u0259n uzaq tutmaq h\u0259r bir insan\u0131n borcudur. Zaman\u0131nda v\u0259ba epidemiyas\u0131 haqq\u0131nda Pey\u011f\u0259mb\u0259rimiz Hz. M\u0259h\u0259mm\u0259d (s) bel\u0259 buyurmu\u015fdur: \u201cV\u0259ban\u0131n oldu\u011fu yer\u0259 getm\u0259yin, \u0259g\u0259r v\u0259ban\u0131n oldu\u011fu yerd\u0259sinizs\u0259, oradan \u00e7\u0131xmay\u0131n\u201d. \u0130manl\u0131 insan t\u0259kc\u0259 \u00f6z can\u0131n\u0131n deyil, ba\u015fqalar\u0131n\u0131n da can\u0131n\u0131n qorunmas\u0131nda Allah yan\u0131nda m\u0259sul v\u0259 m\u00fck\u0259ll\u0259fdir. Dinimiz m\u00fcxt\u0259lif x\u0259st\u0259likl\u0259r\u0259 qar\u015f\u0131 \u00f6nl\u0259yici t\u0259dbirl\u0259rin al\u0131nmas\u0131na, x\u00fcsusil\u0259 yoluxucu x\u0259st\u0259likl\u0259r\u0259 qar\u015f\u0131 son d\u0259r\u0259c\u0259 diqq\u0259tli olma\u011fa \u00e7a\u011f\u0131r\u0131r. H\u0259r bir insan bel\u0259 bir t\u0259hl\u00fck\u0259d\u0259n \u00f6z\u00fcn\u00fc g\u00f6zl\u0259m\u0259lidir, \u00e7\u00fcnki m\u00fcq\u0259dd\u0259s Qurani-K\u0259rimd\u0259 buyuruldu\u011fu kimi: \u201c\u00d6z \u0259linizl\u0259 \u00f6z\u00fcn\u00fcz\u00fc t\u0259hl\u00fck\u0259y\u0259 atmay\u0131n\u201d (B\u0259q\u0259r\u0259, 195). Bu ilahi h\u00f6km\u00fc v\u0259 m\u00fcasir \u015f\u0259ri\u0259t aliml\u0259rinin COV\u0130D-19 il\u0259 ba\u011fl\u0131 m\u00fcvafiq f\u0259tvalar\u0131n\u0131 n\u0259z\u0259r\u0259 alaraq, dindarlar\u0131m\u0131za t\u00f6vsiy\u0259 edirik ki, m\u0259h\u0259rr\u0259mlik ay\u0131n\u0131n ayinl\u0259ri karantin qaydalar\u0131na uy\u011fun ke\u00e7irilsin. Eyni zamanda, c\u0259miyy\u0259timiz pandemiya il\u0259 m\u00fcbariz\u0259d\u0259 \u0259n t\u0259sirli vasit\u0259 say\u0131lan peyv\u0259ndl\u0259rin vurulmas\u0131n\u0131n t\u0259bli\u011find\u0259 aktiv m\u00f6vqe tutaraq bu a\u011f\u0131r b\u0259ladan Allah\u0131n k\u00f6m\u0259yi il\u0259 hifz olunsun.<br \/>\nSon ill\u0259r M\u0259h\u0259rr\u0259mlik d\u00f6n\u0259mind\u0259 Qafqaz M\u00fcs\u0259lmanlar\u0131 \u0130dar\u0259sinin t\u0259\u015f\u0259bb\u00fcs\u00fc il\u0259 ger\u00e7\u0259kl\u0259\u015f\u0259n v\u0259 xalq\u0131m\u0131z t\u0259r\u0259find\u0259n t\u0259qdir edil\u0259n tibbi ehtiyaclar \u00fc\u00e7\u00fcn K\u0259rb\u0259la \u015f\u0259hidl\u0259rinin xatir\u0259sin\u0259 qan verilm\u0259si \u0259n m\u00fcnasib \u0259zadarl\u0131q n\u00fcmun\u0259sidir. \u00dcmidvar\u0131q ki, in\u015fAllah, dindarlar\u0131m\u0131z bu il d\u0259 humanist \u0259n\u0259n\u0259ni davam etdir\u0259r\u0259k, pandemiya s\u0259b\u0259bind\u0259n qan bank\u0131n\u0131n paytaxtda v\u0259 b\u00f6lg\u0259l\u0259rd\u0259ki filiallar\u0131nda, habel\u0259 dig\u0259r s\u0259hiyy\u0259 ocaqlar\u0131nda \u0130mam H\u00fcseyn xatirin\u0259 ehsan niyy\u0259ti il\u0259 qan ver\u0259c\u0259kl\u0259r. H\u0259min m\u0259kanlar\u0131n \u00fcnvanlar\u0131 Qafqaz M\u00fcs\u0259lmanlar\u0131 \u0130dar\u0259sinin r\u0259smi veb s\u0259hif\u0259sind\u0259 (www.qafqazislam.com) yerl\u0259\u015fdirilmi\u015fdir.<br \/>\nQM\u0130-nin yerl\u0259rd\u0259ki qaz\u0131lar\u0131, s\u0259lahiyy\u0259tli n\u00fcmay\u0259nd\u0259l\u0259ri v\u0259 imamlar\u0131 bu M\u00fcraci\u0259tin m\u00fcdd\u0259alar\u0131n\u0131 dindarlar\u0131n n\u0259z\u0259rin\u0259 \u00e7atd\u0131rmal\u0131, m\u00fcvafiq d\u00f6vl\u0259t qurumlar\u0131 il\u0259 \u0259m\u0259kda\u015fl\u0131q v\u0259 koordinasiya ed\u0259r\u0259k, dini ayinl\u0259rin operativ q\u0259rargah\u0131n qayda v\u0259 t\u00f6vsiy\u0259l\u0259rin\u0259 riay\u0259t olunmas\u0131 \u015f\u0259rti il\u0259 yerin\u0259 yetirilm\u0259sini t\u0259min etm\u0259lidirl\u0259r.<br \/>\nUca Allah xalq\u0131m\u0131z\u0131, d\u00f6vl\u0259timizi hifz etsin, d\u00f6vl\u0259t r\u0259hb\u0259rimizin v\u0259 Ali Ba\u015f Komandan\u0131m\u0131z\u0131n Az\u0259rbaycan namin\u0259 f\u0259aliyy\u0259tin\u0259 daima r\u0259vac versin! Amin!&#8221;<\/p>\n<\/div>\n","protected":false},"excerpt":{"rendered":"<p>Qafqaz M\u00fcs\u0259lmanlar\u0131 \u0130dar\u0259si Qaz\u0131lar \u015euras\u0131 v\u0259 s\u0259lahiyy\u0259tli n\u00fcmay\u0259nd\u0259l\u0259ri M\u0259h\u0259rr\u0259m ay\u0131n\u0131n ba\u015flamas\u0131 il\u0259 \u0259laq\u0259dar m\u00fcraci\u0259t edib. QM\u0130-d\u0259n\u00a0&#8220;\u0130ki sahil&#8221;\u0259 veril\u0259n m\u0259lumata g\u00f6r\u0259, m\u00fcraci\u0259td\u0259 deyilir: &#8220;Qafqaz M\u00fcs\u0259lmanlar\u0131 \u0130dar\u0259sinin Qaz\u0131lar \u015euras\u0131 v\u0259 s\u0259lahiyy\u0259tli n\u00fcmay\u0259nd\u0259l\u0259ri n\u0259z\u0259riniz\u0259 \u00e7atd\u0131r\u0131r ki, Hicri-q\u0259m\u0259ri t\u0259qvimi il\u0259 1442-ci il ba\u015fa \u00e7at\u0131r, yeni 1443-c\u00fc ilin ba\u015flan\u011f\u0131c\u0131 \u2013 M\u0259h\u0259rr\u0259m ay\u0131n\u0131n 1-i Miladi t\u0259qviml\u0259 2021-ci il avqust ay\u0131n\u0131n 10-na, M\u0259h\u0259rr\u0259m ay\u0131n\u0131n 10-u &#8211; A\u015fura g\u00fcn\u00fc is\u0259 2021-ci il avqust ay\u0131n\u0131n 19-na t\u0259sad\u00fcf edir. M\u0259h\u0259rr\u0259m ay\u0131n\u0131n A\u015fura g\u00fcn\u00fc \u0130mam H\u00fcseyn \u0259leyhiss\u0259lam\u0131n ail\u0259si v\u0259 s\u0259hab\u0259l\u0259ri il\u0259 birlikd\u0259 Haqq u\u011frunda \u015f\u0259had\u0259t\u0259 yeti\u015fdiyi g\u00fcn kimi \u0130slam tarixin\u0259 faci\u0259vi,&hellip;<\/p>\n","protected":false},"author":2,"featured_media":364480,"comment_status":"closed","ping_status":"closed","sticky":false,"template":"","format":"standard","meta":{"om_disable_all_campaigns":false,"_monsterinsights_skip_tracking":false,"_monsterinsights_sitenote_active":false,"_monsterinsights_sitenote_note":"","_monsterinsights_sitenote_category":0},"categories":[26],"tags":[],"aioseo_notices":[],"gutentor_comment":0,"rttpg_featured_image_url":{"full":["https:\/\/arantv.az\/wp-content\/uploads\/2021\/08\/040d45cc162736963248483868810056865.jpg",975,540,false],"landscape":["https:\/\/arantv.az\/wp-content\/uploads\/2021\/08\/040d45cc162736963248483868810056865.jpg",975,540,false],"portraits":["https:\/\/arantv.az\/wp-content\/uploads\/2021\/08\/040d45cc162736963248483868810056865.jpg",975,540,false],"thumbnail":["https:\/\/arantv.az\/wp-content\/uploads\/2021\/08\/040d45cc162736963248483868810056865-500x280.jpg",500,280,true],"medium":["https:\/\/arantv.az\/wp-content\/uploads\/2021\/08\/040d45cc162736963248483868810056865-660x365.jpg",660,365,true],"large":["https:\/\/arantv.az\/wp-content\/uploads\/2021\/08\/040d45cc162736963248483868810056865-840x465.jpg",640,354,true],"1536x1536":["https:\/\/arantv.az\/wp-content\/uploads\/2021\/08\/040d45cc162736963248483868810056865.jpg",975,540,false],"2048x2048":["https:\/\/arantv.az\/wp-content\/uploads\/2021\/08\/040d45cc162736963248483868810056865.jpg",975,540,false],"post-thumbnail":["https:\/\/arantv.az\/wp-content\/uploads\/2021\/08\/040d45cc162736963248483868810056865-240x172.jpg",240,172,true],"advps-thumb-one":["https:\/\/arantv.az\/wp-content\/uploads\/2021\/08\/040d45cc162736963248483868810056865.jpg",975,540,false]},"rttpg_author":{"display_name":"V\u00fcsal Rafiqo\u011flu","author_link":"https:\/\/arantv.az\/?author=2"},"rttpg_comment":0,"rttpg_category":"<a href=\"https:\/\/arantv.az\/?cat=26\" rel=\"category\">Sosial<\/a>","rttpg_excerpt":"Qafqaz M\u00fcs\u0259lmanlar\u0131 \u0130dar\u0259si Qaz\u0131lar \u015euras\u0131 v\u0259 s\u0259lahiyy\u0259tli n\u00fcmay\u0259nd\u0259l\u0259ri M\u0259h\u0259rr\u0259m ay\u0131n\u0131n ba\u015flamas\u0131 il\u0259 \u0259laq\u0259dar m\u00fcraci\u0259t edib. QM\u0130-d\u0259n\u00a0&#8220;\u0130ki sahil&#8221;\u0259 veril\u0259n m\u0259lumata g\u00f6r\u0259, m\u00fcraci\u0259td\u0259 deyilir: &#8220;Qafqaz M\u00fcs\u0259lmanlar\u0131 \u0130dar\u0259sinin Qaz\u0131lar \u015euras\u0131 v\u0259 s\u0259lahiyy\u0259tli n\u00fcmay\u0259nd\u0259l\u0259ri n\u0259z\u0259riniz\u0259 \u00e7atd\u0131r\u0131r ki, Hicri-q\u0259m\u0259ri t\u0259qvimi il\u0259 1442-ci il ba\u015fa \u00e7at\u0131r, yeni 1443-c\u00fc ilin ba\u015flan\u011f\u0131c\u0131 \u2013 M\u0259h\u0259rr\u0259m ay\u0131n\u0131n 1-i Miladi t\u0259qviml\u0259 2021-ci il avqust ay\u0131n\u0131n 10-na,&hellip;","_links":{"self":[{"href":"https:\/\/arantv.az\/index.php?rest_route=\/wp\/v2\/posts\/364479"}],"collection":[{"href":"https:\/\/arantv.az\/index.php?rest_route=\/wp\/v2\/posts"}],"about":[{"href":"https:\/\/arantv.az\/index.php?rest_route=\/wp\/v2\/types\/post"}],"author":[{"embeddable":true,"href":"https:\/\/arantv.az\/index.php?rest_route=\/wp\/v2\/users\/2"}],"replies":[{"embeddable":true,"href":"https:\/\/arantv.az\/index.php?rest_route=%2Fwp%2Fv2%2Fcomments&post=364479"}],"version-history":[{"count":0,"href":"https:\/\/arantv.az\/index.php?rest_route=\/wp\/v2\/posts\/364479\/revisions"}],"wp:featuredmedia":[{"embeddable":true,"href":"https:\/\/arantv.az\/index.php?rest_route=\/wp\/v2\/media\/364480"}],"wp:attachment":[{"href":"https:\/\/arantv.az\/index.php?rest_route=%2Fwp%2Fv2%2Fmedia&parent=364479"}],"wp:term":[{"taxonomy":"category","embeddable":true,"href":"https:\/\/arantv.az\/index.php?rest_route=%2Fwp%2Fv2%2Fcategories&post=364479"},{"taxonomy":"post_tag","embeddable":true,"href":"https:\/\/arantv.az\/index.php?rest_route=%2Fwp%2Fv2%2Ftags&post=364479"}],"curies":[{"name":"wp","href":"https:\/\/api.w.org\/{rel}","templated":true}]}}