{"id":364485,"date":"2021-08-09T11:21:16","date_gmt":"2021-08-09T08:21:16","guid":{"rendered":"http:\/\/arantv.az\/?p=364485"},"modified":"2021-08-09T11:21:16","modified_gmt":"2021-08-09T08:21:16","slug":"az%c9%99rbaycanda-covid-19-a-yoluxanlarin-sayinin-artmasi-il%c9%99-bagli-vacib-aciqlama","status":"publish","type":"post","link":"https:\/\/arantv.az\/?p=364485","title":{"rendered":"Az\u0259rbaycanda COVID-19-a yoluxanlar\u0131n say\u0131n\u0131n artmas\u0131 il\u0259 ba\u011fl\u0131 &#8211; VAC\u0130B A\u00c7IQLAMA"},"content":{"rendered":"<p>&#8220;Soyuq aylarda respirator virus infeksiyalar\u0131na yoluxma hallar\u0131nda art\u0131m qeyd\u0259 al\u0131n\u0131r. Buna da infeksiyan\u0131n f\u0259silliyi deyilir. COVID-19 infeksiyas\u0131n\u0131n f\u0259silliyi haqq\u0131nda dan\u0131\u015fmaq h\u0259l\u0259 tezdir. \u00c7\u00fcnki pandemiyan\u0131n ba\u015flanmas\u0131ndan c\u0259mi bir il yar\u0131m ke\u00e7ib. Bunu zaman g\u00f6st\u0259r\u0259c\u0259k ki, h\u0259min infeksiya h\u0259qiq\u0259t\u0259n f\u0259sillik xarakterlidir, yoxsa yox&#8221;.<\/p>\n<p><strong>ARANTV.AZ<\/strong> &#8220;modern.az&#8221;-a istinad\u0259n <a title=\"xeberler son xeberler 2021\" href=\"https:\/\/big.az\/\" target=\"_blank\" rel=\"noopener\">x\u0259b\u0259r<\/a>\u00a0verir ki, bunu S\u0259hiyy\u0259 Nazirliyinin ba\u015f infeksionisti T\u0259yyar Eyvazov deyib.<\/p>\n<div id=\"AdviadNativeVideo0\" class=\"AdviadNativeVideo\"><\/div>\n<p>O bildirib ki, soyuq aylarda insanlar\u0131n h\u0259yat t\u0259rzind\u0259 d\u0259yi\u015fiklik m\u00fc\u015fahid\u0259 edilir. \u0130nsanlar daha \u00e7ox qapal\u0131 m\u0259kanlara \u00fcz tuturlar v\u0259 t\u0259maslar s\u0131x olur. N\u0259tic\u0259d\u0259 yoluxma \u015fans\u0131 daha \u00e7ox art\u0131r:<\/p>\n<p>&#8220;Buna g\u00f6r\u0259 d\u0259 pay\u0131z aylar\u0131nda yoluxma hallar\u0131n\u0131n art\u0131m\u0131n\u0131 proqnozla\u015fd\u0131ra bil\u0259rik. N\u0259z\u0259r\u0259 almaq laz\u0131md\u0131r ki, burada \u0259ng\u0259ll\u0259yici faktor vaksinasiya prosesidir. \u018fg\u0259r \u0259halinin vaksinasiyas\u0131 yet\u0259rli sayda olsa, m\u00fc\u0259yy\u0259n q\u0259d\u0259r art\u0131m\u0131n qar\u015f\u0131s\u0131 al\u0131na bil\u0259r. N\u0259tic\u0259d\u0259 koronavirusa yoluxma hallar\u0131 \u00f6t\u0259n ilin noyabr-dekabr aylar\u0131nda qeyd\u0259 al\u0131nan saylar q\u0259d\u0259r olmaz. Yoluxma o h\u0259dd\u0259 \u00e7atarsa bel\u0259 peyv\u0259ndl\u0259m\u0259nin hesab\u0131na x\u0259st\u0259xanalara yerl\u0259\u015fdiril\u0259nl\u0259rin, a\u011f\u0131r hallar\u0131n v\u0259 \u00f6l\u00fcm\u00fcn say\u0131 az olar&#8221;.<\/p>\n<p>T\u0259yyar Eyvazovun s\u00f6zl\u0259rin\u0259 g\u00f6r\u0259, haz\u0131rda yoluxma say\u0131n\u0131n art\u0131m\u0131 \u0259sas deyil. Burada \u0259sas olan hospitalizasiya olunanlar\u0131n, x\u0259st\u0259liyi a\u011f\u0131r ke\u00e7ir\u0259nl\u0259rin v\u0259 letal hallar\u0131n say\u0131d\u0131r.<\/p>\n<p>&#8220;Vaksinasiyan\u0131n \u0259hat\u0259 dair\u0259si artd\u0131qca h\u0259min g\u00f6st\u0259ricil\u0259rd\u0259 d\u0259 d\u0259yi\u015fiklik olacaq. Ona g\u00f6r\u0259 d\u0259 vaksinasiyada aktiv i\u015ftiraka \u00e7al\u0131\u015fmal\u0131y\u0131q. Daha yoluxucu \u015ftamlar\u0131 n\u0259z\u0259r\u0259 alsaq, epidemioloji z\u0259nciri q\u0131rmaq \u00fc\u00e7\u00fcn \u0259halinin t\u0259xmin\u0259n 70-80 faizind\u0259 immunitet olmal\u0131d\u0131r. \u00d6lk\u0259mizd\u0259 COVID-19-la x\u0259st\u0259l\u0259n\u0259nl\u0259rin say\u0131 \u00e7oxluq t\u0259\u015fkil etmir. Bel\u0259 ki, koronavirusa yolxunlar\u0131n say\u0131 352 min\u0259 yax\u0131nd\u0131r. Bir doza vaksin alanlar\u0131n say\u0131 is\u0259 3 milyonu \u00f6t\u00fcb. G\u00fcn \u0259rzind\u0259 t\u0259xmin\u0259n 60 min n\u0259f\u0259r peyv\u0259nd olunur. Bu da o dem\u0259kdir ki, iki aydan sonra \u00f6lk\u0259mizd\u0259 kifay\u0259t q\u0259d\u0259r insan vaksinasiyadan ke\u00e7mi\u015f olacaq. T\u0259bii ki, bunlar ham\u0131s\u0131 son n\u0259tic\u0259d\u0259 \u00f6z s\u00f6z\u00fcn\u00fc dem\u0259lidir. Y\u0259ni, yoluxma hallar\u0131n\u0131n say\u0131nda, x\u0259st\u0259xanalar\u0131n dolulu\u011funda, a\u011f\u0131r hallar\u0131n v\u0259 \u00f6l\u00fcm faizl\u0259rinin azalmas\u0131nda \u00f6z effektini g\u00f6st\u0259rm\u0259lidir&#8221;, &#8211; dey\u0259 ba\u015f infeksionist qeyd edib.<\/p>\n","protected":false},"excerpt":{"rendered":"<p>&#8220;Soyuq aylarda respirator virus infeksiyalar\u0131na yoluxma hallar\u0131nda art\u0131m qeyd\u0259 al\u0131n\u0131r. Buna da infeksiyan\u0131n f\u0259silliyi deyilir. COVID-19 infeksiyas\u0131n\u0131n f\u0259silliyi haqq\u0131nda dan\u0131\u015fmaq h\u0259l\u0259 tezdir. \u00c7\u00fcnki pandemiyan\u0131n ba\u015flanmas\u0131ndan c\u0259mi bir il yar\u0131m ke\u00e7ib. Bunu zaman g\u00f6st\u0259r\u0259c\u0259k ki, h\u0259min infeksiya h\u0259qiq\u0259t\u0259n f\u0259sillik xarakterlidir, yoxsa yox&#8221;. ARANTV.AZ &#8220;modern.az&#8221;-a istinad\u0259n x\u0259b\u0259r\u00a0verir ki, bunu S\u0259hiyy\u0259 Nazirliyinin ba\u015f infeksionisti T\u0259yyar Eyvazov deyib. O bildirib ki, soyuq aylarda insanlar\u0131n h\u0259yat t\u0259rzind\u0259 d\u0259yi\u015fiklik m\u00fc\u015fahid\u0259 edilir. \u0130nsanlar daha \u00e7ox qapal\u0131 m\u0259kanlara \u00fcz tuturlar v\u0259 t\u0259maslar s\u0131x olur. N\u0259tic\u0259d\u0259 yoluxma \u015fans\u0131 daha \u00e7ox art\u0131r: &#8220;Buna g\u00f6r\u0259 d\u0259 pay\u0131z aylar\u0131nda yoluxma hallar\u0131n\u0131n art\u0131m\u0131n\u0131&hellip;<\/p>\n","protected":false},"author":2,"featured_media":364486,"comment_status":"closed","ping_status":"closed","sticky":false,"template":"","format":"standard","meta":{"om_disable_all_campaigns":false,"_monsterinsights_skip_tracking":false,"_monsterinsights_sitenote_active":false,"_monsterinsights_sitenote_note":"","_monsterinsights_sitenote_category":0},"categories":[26],"tags":[],"aioseo_notices":[],"gutentor_comment":0,"rttpg_featured_image_url":{"full":["https:\/\/arantv.az\/wp-content\/uploads\/2021\/08\/covid_11628496815.jpg",649,384,false],"landscape":["https:\/\/arantv.az\/wp-content\/uploads\/2021\/08\/covid_11628496815.jpg",649,384,false],"portraits":["https:\/\/arantv.az\/wp-content\/uploads\/2021\/08\/covid_11628496815.jpg",649,384,false],"thumbnail":["https:\/\/arantv.az\/wp-content\/uploads\/2021\/08\/covid_11628496815-500x280.jpg",500,280,true],"medium":["https:\/\/arantv.az\/wp-content\/uploads\/2021\/08\/covid_11628496815-617x365.jpg",617,365,true],"large":["https:\/\/arantv.az\/wp-content\/uploads\/2021\/08\/covid_11628496815.jpg",640,379,false],"1536x1536":["https:\/\/arantv.az\/wp-content\/uploads\/2021\/08\/covid_11628496815.jpg",649,384,false],"2048x2048":["https:\/\/arantv.az\/wp-content\/uploads\/2021\/08\/covid_11628496815.jpg",649,384,false],"post-thumbnail":["https:\/\/arantv.az\/wp-content\/uploads\/2021\/08\/covid_11628496815-240x172.jpg",240,172,true],"advps-thumb-one":["https:\/\/arantv.az\/wp-content\/uploads\/2021\/08\/covid_11628496815.jpg",649,384,false]},"rttpg_author":{"display_name":"V\u00fcsal Rafiqo\u011flu","author_link":"https:\/\/arantv.az\/?author=2"},"rttpg_comment":0,"rttpg_category":"<a href=\"https:\/\/arantv.az\/?cat=26\" rel=\"category\">Sosial<\/a>","rttpg_excerpt":"&#8220;Soyuq aylarda respirator virus infeksiyalar\u0131na yoluxma hallar\u0131nda art\u0131m qeyd\u0259 al\u0131n\u0131r. Buna da infeksiyan\u0131n f\u0259silliyi deyilir. COVID-19 infeksiyas\u0131n\u0131n f\u0259silliyi haqq\u0131nda dan\u0131\u015fmaq h\u0259l\u0259 tezdir. \u00c7\u00fcnki pandemiyan\u0131n ba\u015flanmas\u0131ndan c\u0259mi bir il yar\u0131m ke\u00e7ib. Bunu zaman g\u00f6st\u0259r\u0259c\u0259k ki, h\u0259min infeksiya h\u0259qiq\u0259t\u0259n f\u0259sillik xarakterlidir, yoxsa yox&#8221;. ARANTV.AZ &#8220;modern.az&#8221;-a istinad\u0259n x\u0259b\u0259r\u00a0verir ki, bunu S\u0259hiyy\u0259 Nazirliyinin ba\u015f infeksionisti T\u0259yyar Eyvazov deyib. O&hellip;","_links":{"self":[{"href":"https:\/\/arantv.az\/index.php?rest_route=\/wp\/v2\/posts\/364485"}],"collection":[{"href":"https:\/\/arantv.az\/index.php?rest_route=\/wp\/v2\/posts"}],"about":[{"href":"https:\/\/arantv.az\/index.php?rest_route=\/wp\/v2\/types\/post"}],"author":[{"embeddable":true,"href":"https:\/\/arantv.az\/index.php?rest_route=\/wp\/v2\/users\/2"}],"replies":[{"embeddable":true,"href":"https:\/\/arantv.az\/index.php?rest_route=%2Fwp%2Fv2%2Fcomments&post=364485"}],"version-history":[{"count":0,"href":"https:\/\/arantv.az\/index.php?rest_route=\/wp\/v2\/posts\/364485\/revisions"}],"wp:featuredmedia":[{"embeddable":true,"href":"https:\/\/arantv.az\/index.php?rest_route=\/wp\/v2\/media\/364486"}],"wp:attachment":[{"href":"https:\/\/arantv.az\/index.php?rest_route=%2Fwp%2Fv2%2Fmedia&parent=364485"}],"wp:term":[{"taxonomy":"category","embeddable":true,"href":"https:\/\/arantv.az\/index.php?rest_route=%2Fwp%2Fv2%2Fcategories&post=364485"},{"taxonomy":"post_tag","embeddable":true,"href":"https:\/\/arantv.az\/index.php?rest_route=%2Fwp%2Fv2%2Ftags&post=364485"}],"curies":[{"name":"wp","href":"https:\/\/api.w.org\/{rel}","templated":true}]}}