{"id":364488,"date":"2021-08-09T11:22:15","date_gmt":"2021-08-09T08:22:15","guid":{"rendered":"http:\/\/arantv.az\/?p=364488"},"modified":"2021-08-09T11:22:15","modified_gmt":"2021-08-09T08:22:15","slug":"qazagin-yeddi-k%c9%99ndi-v%c9%99-k%c9%99rki-qaytarilacaq-mill%c9%99t-v%c9%99kili","status":"publish","type":"post","link":"https:\/\/arantv.az\/?p=364488","title":{"rendered":"\u201cQaza\u011f\u0131n yeddi k\u0259ndi v\u0259 K\u0259rki qaytar\u0131lacaq\u201d &#8211; Mill\u0259t v\u0259kili"},"content":{"rendered":"<p>Qazax\u0131n 7 k\u0259ndinin Az\u0259rbaycana geri qaytar\u0131lmas\u0131 il\u0259 ba\u011fl\u0131 Erm\u0259nistan parlamentind\u0259 qapal\u0131 m\u00fczakir\u0259 apar\u0131l\u0131b. Erm\u0259ni deputat Anna Qriqoryan iclas zaman\u0131 r\u0259smi \u0130r\u0259van\u0131 bu m\u00f6vz\u00fc il\u0259 ba\u011fl\u0131 ictimay\u0259ti aldatmama\u011fa \u00e7a\u011f\u0131r\u0131b. Bu bar\u0259d\u0259 Erm\u0259nistan m\u0259tbuat\u0131 parlamentd\u0259ki m\u00f6t\u0259b\u0259r m\u0259nb\u0259y\u0259 istinad\u0259n x\u0259b\u0259r yay\u0131b. Anna Qriqoryan \u00f6z \u00e7\u0131x\u0131\u015f\u0131 zaman\u0131 Erm\u0259nistan hakimiyy\u0259tinin Nax\u00e7\u0131van\u0131n K\u0259rki, Qaza\u011f\u0131n Yuxar\u0131 v\u0259 A\u015fa\u011f\u0131 \u018fskipara da daxil olmaqla, 7 k\u0259ndi, o c\u00fcml\u0259d\u0259n Xinzir\u0259k k\u0259ndl\u0259rinin Az\u0259rbaycan\u0131n n\u0259zar\u0259ti alt\u0131na verm\u0259k ist\u0259yini a\u00e7\u0131qlay\u0131b.<\/p>\n<p>&#8220;Bel\u0259 bir s\u0259n\u0259din art\u0131q imzaland\u0131\u011f\u0131 bildirilir. G\u0259l\u0259c\u0259kd\u0259 \u0130r\u0259van\u0131n b\u00fct\u00fcn Qaraba\u011f\u0131 Az\u0259rbaycan\u0131n ayr\u0131lmaz hiss\u0259si kimi tan\u0131yaca\u011f\u0131 da istisna olunmur. Erm\u0259nistan ictimaiyy\u0259ti \u018fskipara m\u0259s\u0259l\u0259si il\u0259 ba\u011fl\u0131 suallar i\u00e7ind\u0259dir. Xalqa art\u0131q h\u0259r \u015feyi d\u00fcz dan\u0131\u015fma\u011f\u0131n vaxt\u0131d\u0131r&#8221;, &#8211; dey\u0259r\u0259k o bildirib. K\u0259rki il\u0259 b\u0259rab\u0259r, Qaza\u011f\u0131n Sofulu, Barxudarl\u0131, Ba\u011fanis Ayr\u0131m, Q\u0131z\u0131l Hac\u0131l\u0131, Yuxar\u0131 \u018fskipara, A\u015fa\u011f\u0131 \u018fskipara v\u0259 Xeyrimli k\u0259ndl\u0259ri Az\u0259rbaycan\u0131n eksklavlar\u0131d\u0131r.<\/p>\n<p><strong>ARANTV.AZ<\/strong> x\u0259b\u0259r verir ki, mill\u0259t v\u0259kili, A\u015ePA-da Az\u0259rbaycan n\u00fcmay\u0259nd\u0259 hey\u0259tinin r\u0259hb\u0259ri S\u0259m\u0259d Seyidov &#8220;sherg.az&#8221;a a\u00e7\u0131qlamas\u0131nda m\u0259s\u0259l\u0259y\u0259 m\u00fcnasib\u0259t bildirdi: &#8220;Son hadis\u0259l\u0259r onu dem\u0259y\u0259 \u0259sas verir ki, n\u0259inki Qaza\u011f\u0131n yeddi k\u0259ndi v\u0259 K\u0259rki qaytar\u0131lacaq, h\u0259tta dig\u0259r m\u0259s\u0259l\u0259l\u0259r d\u0259 h\u0259llini tapacaq. \u00c7\u00fcnki yeni geosiyasi v\u0259ziyy\u0259t yaran\u0131b. D\u00fczd\u00fcr, Erm\u0259nistan hakimiyy\u0259ti, ola bilsin, bunu q\u0259bul etm\u0259k ist\u0259mir. Zaman-zaman t\u0259xribatlar t\u00f6r\u0259dir, b\u0259yanatlar verir. Lakin art\u0131q &#8220;sular durulur&#8221;. Daxild\u0259 d\u0259 reall\u0131qlar\u0131 g\u00f6r\u00fcr v\u0259 ba\u015fqa variantlar\u0131n\u0131n olmad\u0131\u011f\u0131n\u0131 anlay\u0131rlar. Erm\u0259nistan\u0131n g\u0259l\u0259c\u0259yi Az\u0259rbaycanla normal m\u00fcnasib\u0259tl\u0259rd\u0259n as\u0131l\u0131d\u0131r&#8221;.<\/p>\n","protected":false},"excerpt":{"rendered":"<p>Qazax\u0131n 7 k\u0259ndinin Az\u0259rbaycana geri qaytar\u0131lmas\u0131 il\u0259 ba\u011fl\u0131 Erm\u0259nistan parlamentind\u0259 qapal\u0131 m\u00fczakir\u0259 apar\u0131l\u0131b. Erm\u0259ni deputat Anna Qriqoryan iclas zaman\u0131 r\u0259smi \u0130r\u0259van\u0131 bu m\u00f6vz\u00fc il\u0259 ba\u011fl\u0131 ictimay\u0259ti aldatmama\u011fa \u00e7a\u011f\u0131r\u0131b. Bu bar\u0259d\u0259 Erm\u0259nistan m\u0259tbuat\u0131 parlamentd\u0259ki m\u00f6t\u0259b\u0259r m\u0259nb\u0259y\u0259 istinad\u0259n x\u0259b\u0259r yay\u0131b. Anna Qriqoryan \u00f6z \u00e7\u0131x\u0131\u015f\u0131 zaman\u0131 Erm\u0259nistan hakimiyy\u0259tinin Nax\u00e7\u0131van\u0131n K\u0259rki, Qaza\u011f\u0131n Yuxar\u0131 v\u0259 A\u015fa\u011f\u0131 \u018fskipara da daxil olmaqla, 7 k\u0259ndi, o c\u00fcml\u0259d\u0259n Xinzir\u0259k k\u0259ndl\u0259rinin Az\u0259rbaycan\u0131n n\u0259zar\u0259ti alt\u0131na verm\u0259k ist\u0259yini a\u00e7\u0131qlay\u0131b. &#8220;Bel\u0259 bir s\u0259n\u0259din art\u0131q imzaland\u0131\u011f\u0131 bildirilir. G\u0259l\u0259c\u0259kd\u0259 \u0130r\u0259van\u0131n b\u00fct\u00fcn Qaraba\u011f\u0131 Az\u0259rbaycan\u0131n ayr\u0131lmaz hiss\u0259si kimi tan\u0131yaca\u011f\u0131 da istisna olunmur. Erm\u0259nistan ictimaiyy\u0259ti \u018fskipara m\u0259s\u0259l\u0259si il\u0259&hellip;<\/p>\n","protected":false},"author":2,"featured_media":364489,"comment_status":"closed","ping_status":"closed","sticky":false,"template":"","format":"standard","meta":{"om_disable_all_campaigns":false,"_monsterinsights_skip_tracking":false,"_monsterinsights_sitenote_active":false,"_monsterinsights_sitenote_note":"","_monsterinsights_sitenote_category":0},"categories":[4],"tags":[],"aioseo_notices":[],"gutentor_comment":0,"rttpg_featured_image_url":{"full":["https:\/\/arantv.az\/wp-content\/uploads\/2021\/08\/970840.jpg",800,600,false],"landscape":["https:\/\/arantv.az\/wp-content\/uploads\/2021\/08\/970840.jpg",800,600,false],"portraits":["https:\/\/arantv.az\/wp-content\/uploads\/2021\/08\/970840.jpg",800,600,false],"thumbnail":["https:\/\/arantv.az\/wp-content\/uploads\/2021\/08\/970840-500x280.jpg",500,280,true],"medium":["https:\/\/arantv.az\/wp-content\/uploads\/2021\/08\/970840-487x365.jpg",487,365,true],"large":["https:\/\/arantv.az\/wp-content\/uploads\/2021\/08\/970840.jpg",640,480,false],"1536x1536":["https:\/\/arantv.az\/wp-content\/uploads\/2021\/08\/970840.jpg",800,600,false],"2048x2048":["https:\/\/arantv.az\/wp-content\/uploads\/2021\/08\/970840.jpg",800,600,false],"post-thumbnail":["https:\/\/arantv.az\/wp-content\/uploads\/2021\/08\/970840-240x172.jpg",240,172,true],"advps-thumb-one":["https:\/\/arantv.az\/wp-content\/uploads\/2021\/08\/970840.jpg",800,600,false]},"rttpg_author":{"display_name":"V\u00fcsal Rafiqo\u011flu","author_link":"https:\/\/arantv.az\/?author=2"},"rttpg_comment":0,"rttpg_category":"<a href=\"https:\/\/arantv.az\/?cat=4\" rel=\"category\">Siyas\u0259t<\/a>","rttpg_excerpt":"Qazax\u0131n 7 k\u0259ndinin Az\u0259rbaycana geri qaytar\u0131lmas\u0131 il\u0259 ba\u011fl\u0131 Erm\u0259nistan parlamentind\u0259 qapal\u0131 m\u00fczakir\u0259 apar\u0131l\u0131b. Erm\u0259ni deputat Anna Qriqoryan iclas zaman\u0131 r\u0259smi \u0130r\u0259van\u0131 bu m\u00f6vz\u00fc il\u0259 ba\u011fl\u0131 ictimay\u0259ti aldatmama\u011fa \u00e7a\u011f\u0131r\u0131b. Bu bar\u0259d\u0259 Erm\u0259nistan m\u0259tbuat\u0131 parlamentd\u0259ki m\u00f6t\u0259b\u0259r m\u0259nb\u0259y\u0259 istinad\u0259n x\u0259b\u0259r yay\u0131b. Anna Qriqoryan \u00f6z \u00e7\u0131x\u0131\u015f\u0131 zaman\u0131 Erm\u0259nistan hakimiyy\u0259tinin Nax\u00e7\u0131van\u0131n K\u0259rki, Qaza\u011f\u0131n Yuxar\u0131 v\u0259 A\u015fa\u011f\u0131 \u018fskipara da daxil olmaqla,&hellip;","_links":{"self":[{"href":"https:\/\/arantv.az\/index.php?rest_route=\/wp\/v2\/posts\/364488"}],"collection":[{"href":"https:\/\/arantv.az\/index.php?rest_route=\/wp\/v2\/posts"}],"about":[{"href":"https:\/\/arantv.az\/index.php?rest_route=\/wp\/v2\/types\/post"}],"author":[{"embeddable":true,"href":"https:\/\/arantv.az\/index.php?rest_route=\/wp\/v2\/users\/2"}],"replies":[{"embeddable":true,"href":"https:\/\/arantv.az\/index.php?rest_route=%2Fwp%2Fv2%2Fcomments&post=364488"}],"version-history":[{"count":0,"href":"https:\/\/arantv.az\/index.php?rest_route=\/wp\/v2\/posts\/364488\/revisions"}],"wp:featuredmedia":[{"embeddable":true,"href":"https:\/\/arantv.az\/index.php?rest_route=\/wp\/v2\/media\/364489"}],"wp:attachment":[{"href":"https:\/\/arantv.az\/index.php?rest_route=%2Fwp%2Fv2%2Fmedia&parent=364488"}],"wp:term":[{"taxonomy":"category","embeddable":true,"href":"https:\/\/arantv.az\/index.php?rest_route=%2Fwp%2Fv2%2Fcategories&post=364488"},{"taxonomy":"post_tag","embeddable":true,"href":"https:\/\/arantv.az\/index.php?rest_route=%2Fwp%2Fv2%2Ftags&post=364488"}],"curies":[{"name":"wp","href":"https:\/\/api.w.org\/{rel}","templated":true}]}}