{"id":364491,"date":"2021-08-09T11:24:27","date_gmt":"2021-08-09T08:24:27","guid":{"rendered":"http:\/\/arantv.az\/?p=364491"},"modified":"2021-08-09T11:24:27","modified_gmt":"2021-08-09T08:24:27","slug":"fulya-ozturk-yanginsondur%c9%99nl%c9%99rimiz%c9%99-soz-atan-h%c9%99kimin-cavabini-verdi-video-video","status":"publish","type":"post","link":"https:\/\/arantv.az\/?p=364491","title":{"rendered":"Fulya \u00d6zt\u00fcrk yan\u011f\u0131ns\u00f6nd\u00fcr\u0259nl\u0259rimiz\u0259 s\u00f6z atan h\u0259kimin cavab\u0131n\u0131 verdi &#8211; Video V\u0130DEO"},"content":{"rendered":"<div class=\"news-content\">\n<div>\n<p><strong>44 g\u00fcnl\u00fck V\u0259t\u0259n M\u00fcharib\u0259si zaman\u0131 az\u0259rbaycanl\u0131lar\u0131n b\u00f6y\u00fck sevgisini qazanan tan\u0131nm\u0131\u015f jurnalist Fulya \u00d6zt\u00fcrk sosial \u015f\u0259b\u0259k\u0259l\u0259rd\u0259 T\u00fcrkiy\u0259y\u0259 ged\u0259n az\u0259rbaycanl\u0131 yan\u011f\u0131ns\u00f6nd\u00fcr\u0259nl\u0259r haqq\u0131nda xo\u015fag\u0259lm\u0259z ifad\u0259l\u0259r i\u015fl\u0259d\u0259n h\u0259kimin cavab\u0131n\u0131 verib.<\/strong><\/p>\n<p><b>ARANTV.AZ <\/b>x\u0259b\u0259r verir ki, jurnalist bu bar\u0259d\u0259 apar\u0131c\u0131s\u0131 oldu\u011fu verili\u015fd\u0259 dan\u0131\u015f\u0131b. Fulya \u00d6zt\u00fcrk Az\u0259rbaycan \u0259sg\u0259rinin \u0259leyhin\u0259 dan\u0131\u015fan h\u0259kimin videosunu g\u00f6r\u0259nd\u0259 \u0259s\u0259bil\u0259\u015fdiyini deyib:<\/p>\n<p><iframe src=\"https:\/\/www.youtube.com\/embed\/JErLRm7AQdI\" allowfullscreen=\"allowfullscreen\" data-mce-fragment=\"1\"><\/iframe><\/p>\n<\/div>\n<\/div>\n<div class=\"banner banner-9872ed9fc22fc182d371c3e9ed316094\" data-banner=\"MTg2\">\n<div>\n<div id=\"kivprod3\">\n<div id=\"76979-28\"><\/div>\n<\/div>\n<\/div>\n<\/div>\n","protected":false},"excerpt":{"rendered":"<p>44 g\u00fcnl\u00fck V\u0259t\u0259n M\u00fcharib\u0259si zaman\u0131 az\u0259rbaycanl\u0131lar\u0131n b\u00f6y\u00fck sevgisini qazanan tan\u0131nm\u0131\u015f jurnalist Fulya \u00d6zt\u00fcrk sosial \u015f\u0259b\u0259k\u0259l\u0259rd\u0259 T\u00fcrkiy\u0259y\u0259 ged\u0259n az\u0259rbaycanl\u0131 yan\u011f\u0131ns\u00f6nd\u00fcr\u0259nl\u0259r haqq\u0131nda xo\u015fag\u0259lm\u0259z ifad\u0259l\u0259r i\u015fl\u0259d\u0259n h\u0259kimin cavab\u0131n\u0131 verib. ARANTV.AZ x\u0259b\u0259r verir ki, jurnalist bu bar\u0259d\u0259 apar\u0131c\u0131s\u0131 oldu\u011fu verili\u015fd\u0259 dan\u0131\u015f\u0131b. Fulya \u00d6zt\u00fcrk Az\u0259rbaycan \u0259sg\u0259rinin \u0259leyhin\u0259 dan\u0131\u015fan h\u0259kimin videosunu g\u00f6r\u0259nd\u0259 \u0259s\u0259bil\u0259\u015fdiyini deyib:<\/p>\n","protected":false},"author":2,"featured_media":364492,"comment_status":"closed","ping_status":"closed","sticky":false,"template":"","format":"standard","meta":{"om_disable_all_campaigns":false,"_monsterinsights_skip_tracking":false,"_monsterinsights_sitenote_active":false,"_monsterinsights_sitenote_note":"","_monsterinsights_sitenote_category":0},"categories":[19],"tags":[],"aioseo_notices":[],"gutentor_comment":0,"rttpg_featured_image_url":{"full":["https:\/\/arantv.az\/wp-content\/uploads\/2021\/08\/cbf8de271d72edbf96ac7fb376c8a892.jpg",450,300,false],"landscape":["https:\/\/arantv.az\/wp-content\/uploads\/2021\/08\/cbf8de271d72edbf96ac7fb376c8a892.jpg",450,300,false],"portraits":["https:\/\/arantv.az\/wp-content\/uploads\/2021\/08\/cbf8de271d72edbf96ac7fb376c8a892.jpg",450,300,false],"thumbnail":["https:\/\/arantv.az\/wp-content\/uploads\/2021\/08\/cbf8de271d72edbf96ac7fb376c8a892-450x280.jpg",450,280,true],"medium":["https:\/\/arantv.az\/wp-content\/uploads\/2021\/08\/cbf8de271d72edbf96ac7fb376c8a892.jpg",450,300,false],"large":["https:\/\/arantv.az\/wp-content\/uploads\/2021\/08\/cbf8de271d72edbf96ac7fb376c8a892.jpg",450,300,false],"1536x1536":["https:\/\/arantv.az\/wp-content\/uploads\/2021\/08\/cbf8de271d72edbf96ac7fb376c8a892.jpg",450,300,false],"2048x2048":["https:\/\/arantv.az\/wp-content\/uploads\/2021\/08\/cbf8de271d72edbf96ac7fb376c8a892.jpg",450,300,false],"post-thumbnail":["https:\/\/arantv.az\/wp-content\/uploads\/2021\/08\/cbf8de271d72edbf96ac7fb376c8a892-240x172.jpg",240,172,true],"advps-thumb-one":["https:\/\/arantv.az\/wp-content\/uploads\/2021\/08\/cbf8de271d72edbf96ac7fb376c8a892.jpg",450,300,false]},"rttpg_author":{"display_name":"V\u00fcsal Rafiqo\u011flu","author_link":"https:\/\/arantv.az\/?author=2"},"rttpg_comment":0,"rttpg_category":"<a href=\"https:\/\/arantv.az\/?cat=19\" rel=\"category\">G\u00fcnd\u0259m<\/a>","rttpg_excerpt":"44 g\u00fcnl\u00fck V\u0259t\u0259n M\u00fcharib\u0259si zaman\u0131 az\u0259rbaycanl\u0131lar\u0131n b\u00f6y\u00fck sevgisini qazanan tan\u0131nm\u0131\u015f jurnalist Fulya \u00d6zt\u00fcrk sosial \u015f\u0259b\u0259k\u0259l\u0259rd\u0259 T\u00fcrkiy\u0259y\u0259 ged\u0259n az\u0259rbaycanl\u0131 yan\u011f\u0131ns\u00f6nd\u00fcr\u0259nl\u0259r haqq\u0131nda xo\u015fag\u0259lm\u0259z ifad\u0259l\u0259r i\u015fl\u0259d\u0259n h\u0259kimin cavab\u0131n\u0131 verib. ARANTV.AZ x\u0259b\u0259r verir ki, jurnalist bu bar\u0259d\u0259 apar\u0131c\u0131s\u0131 oldu\u011fu verili\u015fd\u0259 dan\u0131\u015f\u0131b. Fulya \u00d6zt\u00fcrk Az\u0259rbaycan \u0259sg\u0259rinin \u0259leyhin\u0259 dan\u0131\u015fan h\u0259kimin videosunu g\u00f6r\u0259nd\u0259 \u0259s\u0259bil\u0259\u015fdiyini deyib:","_links":{"self":[{"href":"https:\/\/arantv.az\/index.php?rest_route=\/wp\/v2\/posts\/364491"}],"collection":[{"href":"https:\/\/arantv.az\/index.php?rest_route=\/wp\/v2\/posts"}],"about":[{"href":"https:\/\/arantv.az\/index.php?rest_route=\/wp\/v2\/types\/post"}],"author":[{"embeddable":true,"href":"https:\/\/arantv.az\/index.php?rest_route=\/wp\/v2\/users\/2"}],"replies":[{"embeddable":true,"href":"https:\/\/arantv.az\/index.php?rest_route=%2Fwp%2Fv2%2Fcomments&post=364491"}],"version-history":[{"count":0,"href":"https:\/\/arantv.az\/index.php?rest_route=\/wp\/v2\/posts\/364491\/revisions"}],"wp:featuredmedia":[{"embeddable":true,"href":"https:\/\/arantv.az\/index.php?rest_route=\/wp\/v2\/media\/364492"}],"wp:attachment":[{"href":"https:\/\/arantv.az\/index.php?rest_route=%2Fwp%2Fv2%2Fmedia&parent=364491"}],"wp:term":[{"taxonomy":"category","embeddable":true,"href":"https:\/\/arantv.az\/index.php?rest_route=%2Fwp%2Fv2%2Fcategories&post=364491"},{"taxonomy":"post_tag","embeddable":true,"href":"https:\/\/arantv.az\/index.php?rest_route=%2Fwp%2Fv2%2Ftags&post=364491"}],"curies":[{"name":"wp","href":"https:\/\/api.w.org\/{rel}","templated":true}]}}