{"id":364494,"date":"2021-08-09T11:42:43","date_gmt":"2021-08-09T08:42:43","guid":{"rendered":"http:\/\/arantv.az\/?p=364494"},"modified":"2021-08-09T11:42:43","modified_gmt":"2021-08-09T08:42:43","slug":"c%c9%99nn%c9%99td%c9%99-ilk-ad-gunu-video","status":"publish","type":"post","link":"https:\/\/arantv.az\/?p=364494","title":{"rendered":"C\u0259nn\u0259td\u0259 ilk ad g\u00fcn\u00fc &#8211; V\u0130DEO"},"content":{"rendered":"<div class=\"article_text\">\n<blockquote><p><strong>\u015e\u0259hid M\u0259h\u0259mm\u0259d \u015e\u0259biyevin xatir\u0259si \u0259b\u0259dil\u0259\u015fdirildi<\/strong><\/p><\/blockquote>\n<p><strong>ARANTV.AZ<\/strong> Real TV-\u0259 istinad\u0259n bildirir ki, v\u0259t\u0259n m\u00fcharib\u0259si q\u0259hr\u0259man\u0131, \u015f\u0259hid leytenant M\u0259h\u0259mm\u0259d \u015e\u0259biyevin d\u00fcn\u0259n do\u011fum g\u00fcn\u00fc idi. Bu m\u00fcnasib\u0259tl\u0259 do\u011fuldu\u011fu S\u0259bail rayonunda \u015f\u0259hidin ad\u0131na in\u015fa olunan bula\u011f\u0131n a\u00e7\u0131l\u0131\u015f\u0131 ke\u00e7irildi. T\u0259dbird\u0259 \u015f\u0259hidin ail\u0259 \u00fczvl\u0259ri, icra n\u00fcmay\u0259nd\u0259liyi, qazil\u0259r v\u0259 rayon sakinl\u0259ri i\u015ftirak etdil\u0259r. \u018fvv\u0259lc\u0259 d\u00f6vl\u0259t himni s\u0259sl\u0259ndirildi. Daha sonra \u015f\u0259hidl\u0259 ba\u011fl\u0131 xatir\u0259l\u0259r dinl\u0259nildi, \u015feirl\u0259r s\u00f6yl\u0259ndi. M\u00fcdafi\u0259 nazirlinin hey\u0259ti ad\u0131ndan \u015fahid bula\u011f\u0131n\u0131n qar\u015f\u0131s\u0131na \u0259klil qoyuldu. \u015e\u0259hidin ad\u0131na bi\u015firil\u0259n tort k\u0259sildi.<\/p>\n<p>Bulaqda \u015f\u0259hidin xatir\u0259 l\u00f6vh\u0259si il\u0259 yana\u015f\u0131 rayonun dig\u0259r q\u0259hr\u0259man \u015f\u0259hidl\u0259rin\u0259 h\u0259sr olunan l\u00f6vh\u0259 d\u0259 as\u0131l\u0131b. \u015e\u0259hid Atas\u0131 deyir ki, o\u011flu 2016-ci ild\u0259 C\u0259m\u015fid Nax\u00e7\u0131vanski ad\u0131na h\u0259rbi lisseyi t\u0259hsil ald\u0131\u011f\u0131 d\u00f6vrd\u0259 x\u00fcsusi f\u0259rql\u0259nib. M\u0259h\u0259mm\u0259d \u015e\u0259biyev h\u0259m d\u0259 Heyd\u0259r \u018fliyev ad\u0131na ali h\u0259rbi m\u0259kt\u0259bdi leytenant r\u00fctb\u0259si il\u0259 bitirib.<\/p>\n<p>Qeyd ed\u0259k ki, \u015e\u0259hid Leytenant M\u0259h\u0259mm\u0259d \u015e\u0259biyev avqustun 6-s\u0131 1998 ci ild\u0259 Bak\u0131 \u015f\u0259h\u0259rind\u0259 do\u011fulub. Leytenant sa\u011fl\u0131\u011f\u0131nda &#8220;Az\u0259rbaycan Ordusunun 100 illiyi yubleyi&#8221;, \u00f6l\u00fcm\u00fcnd\u0259n sonra is\u0259 &#8220;V\u0259t\u0259n u\u011frunda &#8221; &#8220;suqovu\u015fan\u0131n azad olmas\u0131 u\u011frunda &#8221; medal\u0131 il\u0259 t\u0259ltif olunub.<\/p>\n<div>\n<div id=\"AdviadNativeVideo0\" class=\"AdviadNativeVideo\"><\/div>\n<\/div>\n<p>O, oktyabr\u0131n 4-d\u0259 Suqovu\u015fan\u0131n azad olunmas\u0131 u\u011frunda ged\u0259n d\u00f6y\u00fc\u015fl\u0259rd\u0259 q\u0259hramancas\u0131na \u015f\u0259hid olub.<\/p>\n<p>&nbsp;<\/p>\n<p><iframe loading=\"lazy\" src=\"https:\/\/daytube.az\/az\/embed\/111879\" width=\"670\" height=\"400\" frameborder=\"0\" allowfullscreen=\"allowfullscreen\" data-mce-fragment=\"1\"><\/iframe><\/div>\n<div class=\"social-banner\"><\/div>\n","protected":false},"excerpt":{"rendered":"<p>\u015e\u0259hid M\u0259h\u0259mm\u0259d \u015e\u0259biyevin xatir\u0259si \u0259b\u0259dil\u0259\u015fdirildi ARANTV.AZ Real TV-\u0259 istinad\u0259n bildirir ki, v\u0259t\u0259n m\u00fcharib\u0259si q\u0259hr\u0259man\u0131, \u015f\u0259hid leytenant M\u0259h\u0259mm\u0259d \u015e\u0259biyevin d\u00fcn\u0259n do\u011fum g\u00fcn\u00fc idi. Bu m\u00fcnasib\u0259tl\u0259 do\u011fuldu\u011fu S\u0259bail rayonunda \u015f\u0259hidin ad\u0131na in\u015fa olunan bula\u011f\u0131n a\u00e7\u0131l\u0131\u015f\u0131 ke\u00e7irildi. T\u0259dbird\u0259 \u015f\u0259hidin ail\u0259 \u00fczvl\u0259ri, icra n\u00fcmay\u0259nd\u0259liyi, qazil\u0259r v\u0259 rayon sakinl\u0259ri i\u015ftirak etdil\u0259r. \u018fvv\u0259lc\u0259 d\u00f6vl\u0259t himni s\u0259sl\u0259ndirildi. Daha sonra \u015f\u0259hidl\u0259 ba\u011fl\u0131 xatir\u0259l\u0259r dinl\u0259nildi, \u015feirl\u0259r s\u00f6yl\u0259ndi. M\u00fcdafi\u0259 nazirlinin hey\u0259ti ad\u0131ndan \u015fahid bula\u011f\u0131n\u0131n qar\u015f\u0131s\u0131na \u0259klil qoyuldu. \u015e\u0259hidin ad\u0131na bi\u015firil\u0259n tort k\u0259sildi. Bulaqda \u015f\u0259hidin xatir\u0259 l\u00f6vh\u0259si il\u0259 yana\u015f\u0131 rayonun dig\u0259r q\u0259hr\u0259man \u015f\u0259hidl\u0259rin\u0259 h\u0259sr olunan l\u00f6vh\u0259 d\u0259 as\u0131l\u0131b. \u015e\u0259hid Atas\u0131 deyir&hellip;<\/p>\n","protected":false},"author":2,"featured_media":364495,"comment_status":"closed","ping_status":"closed","sticky":false,"template":"","format":"standard","meta":{"om_disable_all_campaigns":false,"_monsterinsights_skip_tracking":false,"_monsterinsights_sitenote_active":false,"_monsterinsights_sitenote_note":"","_monsterinsights_sitenote_category":0},"categories":[26],"tags":[],"aioseo_notices":[],"gutentor_comment":0,"rttpg_featured_image_url":{"full":["https:\/\/arantv.az\/wp-content\/uploads\/2021\/08\/970799.jpg",800,600,false],"landscape":["https:\/\/arantv.az\/wp-content\/uploads\/2021\/08\/970799.jpg",800,600,false],"portraits":["https:\/\/arantv.az\/wp-content\/uploads\/2021\/08\/970799.jpg",800,600,false],"thumbnail":["https:\/\/arantv.az\/wp-content\/uploads\/2021\/08\/970799-500x280.jpg",500,280,true],"medium":["https:\/\/arantv.az\/wp-content\/uploads\/2021\/08\/970799-487x365.jpg",487,365,true],"large":["https:\/\/arantv.az\/wp-content\/uploads\/2021\/08\/970799.jpg",640,480,false],"1536x1536":["https:\/\/arantv.az\/wp-content\/uploads\/2021\/08\/970799.jpg",800,600,false],"2048x2048":["https:\/\/arantv.az\/wp-content\/uploads\/2021\/08\/970799.jpg",800,600,false],"post-thumbnail":["https:\/\/arantv.az\/wp-content\/uploads\/2021\/08\/970799-240x172.jpg",240,172,true],"advps-thumb-one":["https:\/\/arantv.az\/wp-content\/uploads\/2021\/08\/970799.jpg",800,600,false]},"rttpg_author":{"display_name":"V\u00fcsal Rafiqo\u011flu","author_link":"https:\/\/arantv.az\/?author=2"},"rttpg_comment":0,"rttpg_category":"<a href=\"https:\/\/arantv.az\/?cat=26\" rel=\"category\">Sosial<\/a>","rttpg_excerpt":"\u015e\u0259hid M\u0259h\u0259mm\u0259d \u015e\u0259biyevin xatir\u0259si \u0259b\u0259dil\u0259\u015fdirildi ARANTV.AZ Real TV-\u0259 istinad\u0259n bildirir ki, v\u0259t\u0259n m\u00fcharib\u0259si q\u0259hr\u0259man\u0131, \u015f\u0259hid leytenant M\u0259h\u0259mm\u0259d \u015e\u0259biyevin d\u00fcn\u0259n do\u011fum g\u00fcn\u00fc idi. Bu m\u00fcnasib\u0259tl\u0259 do\u011fuldu\u011fu S\u0259bail rayonunda \u015f\u0259hidin ad\u0131na in\u015fa olunan bula\u011f\u0131n a\u00e7\u0131l\u0131\u015f\u0131 ke\u00e7irildi. T\u0259dbird\u0259 \u015f\u0259hidin ail\u0259 \u00fczvl\u0259ri, icra n\u00fcmay\u0259nd\u0259liyi, qazil\u0259r v\u0259 rayon sakinl\u0259ri i\u015ftirak etdil\u0259r. \u018fvv\u0259lc\u0259 d\u00f6vl\u0259t himni s\u0259sl\u0259ndirildi. Daha sonra \u015f\u0259hidl\u0259 ba\u011fl\u0131 xatir\u0259l\u0259r&hellip;","_links":{"self":[{"href":"https:\/\/arantv.az\/index.php?rest_route=\/wp\/v2\/posts\/364494"}],"collection":[{"href":"https:\/\/arantv.az\/index.php?rest_route=\/wp\/v2\/posts"}],"about":[{"href":"https:\/\/arantv.az\/index.php?rest_route=\/wp\/v2\/types\/post"}],"author":[{"embeddable":true,"href":"https:\/\/arantv.az\/index.php?rest_route=\/wp\/v2\/users\/2"}],"replies":[{"embeddable":true,"href":"https:\/\/arantv.az\/index.php?rest_route=%2Fwp%2Fv2%2Fcomments&post=364494"}],"version-history":[{"count":0,"href":"https:\/\/arantv.az\/index.php?rest_route=\/wp\/v2\/posts\/364494\/revisions"}],"wp:featuredmedia":[{"embeddable":true,"href":"https:\/\/arantv.az\/index.php?rest_route=\/wp\/v2\/media\/364495"}],"wp:attachment":[{"href":"https:\/\/arantv.az\/index.php?rest_route=%2Fwp%2Fv2%2Fmedia&parent=364494"}],"wp:term":[{"taxonomy":"category","embeddable":true,"href":"https:\/\/arantv.az\/index.php?rest_route=%2Fwp%2Fv2%2Fcategories&post=364494"},{"taxonomy":"post_tag","embeddable":true,"href":"https:\/\/arantv.az\/index.php?rest_route=%2Fwp%2Fv2%2Ftags&post=364494"}],"curies":[{"name":"wp","href":"https:\/\/api.w.org\/{rel}","templated":true}]}}