{"id":364505,"date":"2021-08-09T12:04:13","date_gmt":"2021-08-09T09:04:13","guid":{"rendered":"http:\/\/arantv.az\/?p=364505"},"modified":"2021-08-09T12:04:13","modified_gmt":"2021-08-09T09:04:13","slug":"m%c9%99kt%c9%99bl%c9%99rd%c9%99-vakansiyalar-musahib%c9%99-m%c9%99rh%c9%99l%c9%99sinin-vaxti-aciqlandi","status":"publish","type":"post","link":"https:\/\/arantv.az\/?p=364505","title":{"rendered":"M\u0259kt\u0259bl\u0259rd\u0259 vakansiyalar: m\u00fcsahib\u0259 m\u0259rh\u0259l\u0259sinin vaxt\u0131 a\u00e7\u0131qland\u0131"},"content":{"rendered":"<p>\u00dcmumi t\u0259hsil m\u00fc\u0259ssis\u0259l\u0259rin\u0259 t\u0259lim-t\u0259rbiy\u0259 i\u015fl\u0259ri \u00fczr\u0259 direktor m\u00fcavini, u\u015faqlarla m\u0259kt\u0259bd\u0259nk\u0259nar v\u0259 sinifd\u0259nxaric t\u0259rbiy\u0259 i\u015fi \u00fczr\u0259 t\u0259\u015fkilat\u00e7\u0131 v\u0259zif\u0259l\u0259rin\u0259 i\u015f\u0259 q\u0259bul \u00fczr\u0259 m\u00fcsabiq\u0259nin III (\u015fifahi m\u00fcsahib\u0259) m\u0259rh\u0259l\u0259sinin vaxt\u0131 a\u00e7\u0131qlan\u0131b.<\/p>\n<p>Bel\u0259 ki, \u015fifahi m\u00fcsahib\u0259l\u0259rin 16-25 avqust 2021-ci il tarixl\u0259rind\u0259 ke\u00e7irilm\u0259si n\u0259z\u0259rd\u0259 tutulur.<\/p>\n<p>\u015eifahi m\u00fcsahib\u0259nin ke\u00e7irilm\u0259 vaxt\u0131 v\u0259 yeri, h\u0259m\u00e7inin m\u00fcsahib\u0259d\u0259 i\u015ftirak etm\u0259k \u00fc\u00e7\u00fcn t\u0259l\u0259b olunan s\u0259n\u0259dl\u0259rin siyah\u0131s\u0131 bar\u0259d\u0259 m\u0259lumatlar namiz\u0259dl\u0259rin &#8220;\u015e\u0259xsi kabinet&#8221;in\u0259 g\u00f6nd\u0259rilib.<\/p>\n<p>Qeyd ed\u0259k ki, \u00fcmumi t\u0259hsil m\u00fc\u0259ssis\u0259l\u0259rin\u0259 t\u0259lim-t\u0259rbiy\u0259 i\u015fl\u0259ri \u00fczr\u0259 direktor m\u00fcavini, u\u015faqlarla m\u0259kt\u0259bd\u0259nk\u0259nar v\u0259 sinifd\u0259nxaric t\u0259rbiy\u0259 i\u015fi \u00fczr\u0259 t\u0259\u015fkilat\u00e7\u0131 v\u0259zif\u0259l\u0259rin\u0259 i\u015f\u0259 q\u0259bul \u00fczr\u0259 m\u00fcsabiq\u0259nin test imtahan\u0131 m\u0259rh\u0259l\u0259sinin n\u0259tic\u0259l\u0259rin\u0259 \u0259sas\u0259n, ke\u00e7id bal\u0131n\u0131 toplam\u0131\u015f 192 namiz\u0259d m\u00fcsahib\u0259 m\u0259rh\u0259l\u0259sind\u0259 i\u015ftirak etm\u0259k h\u00fcququ qazan\u0131b.<\/p>\n","protected":false},"excerpt":{"rendered":"<p>\u00dcmumi t\u0259hsil m\u00fc\u0259ssis\u0259l\u0259rin\u0259 t\u0259lim-t\u0259rbiy\u0259 i\u015fl\u0259ri \u00fczr\u0259 direktor m\u00fcavini, u\u015faqlarla m\u0259kt\u0259bd\u0259nk\u0259nar v\u0259 sinifd\u0259nxaric t\u0259rbiy\u0259 i\u015fi \u00fczr\u0259 t\u0259\u015fkilat\u00e7\u0131 v\u0259zif\u0259l\u0259rin\u0259 i\u015f\u0259 q\u0259bul \u00fczr\u0259 m\u00fcsabiq\u0259nin III (\u015fifahi m\u00fcsahib\u0259) m\u0259rh\u0259l\u0259sinin vaxt\u0131 a\u00e7\u0131qlan\u0131b. Bel\u0259 ki, \u015fifahi m\u00fcsahib\u0259l\u0259rin 16-25 avqust 2021-ci il tarixl\u0259rind\u0259 ke\u00e7irilm\u0259si n\u0259z\u0259rd\u0259 tutulur. \u015eifahi m\u00fcsahib\u0259nin ke\u00e7irilm\u0259 vaxt\u0131 v\u0259 yeri, h\u0259m\u00e7inin m\u00fcsahib\u0259d\u0259 i\u015ftirak etm\u0259k \u00fc\u00e7\u00fcn t\u0259l\u0259b olunan s\u0259n\u0259dl\u0259rin siyah\u0131s\u0131 bar\u0259d\u0259 m\u0259lumatlar namiz\u0259dl\u0259rin &#8220;\u015e\u0259xsi kabinet&#8221;in\u0259 g\u00f6nd\u0259rilib. Qeyd ed\u0259k ki, \u00fcmumi t\u0259hsil m\u00fc\u0259ssis\u0259l\u0259rin\u0259 t\u0259lim-t\u0259rbiy\u0259 i\u015fl\u0259ri \u00fczr\u0259 direktor m\u00fcavini, u\u015faqlarla m\u0259kt\u0259bd\u0259nk\u0259nar v\u0259 sinifd\u0259nxaric t\u0259rbiy\u0259 i\u015fi \u00fczr\u0259 t\u0259\u015fkilat\u00e7\u0131 v\u0259zif\u0259l\u0259rin\u0259 i\u015f\u0259 q\u0259bul \u00fczr\u0259 m\u00fcsabiq\u0259nin test imtahan\u0131 m\u0259rh\u0259l\u0259sinin n\u0259tic\u0259l\u0259rin\u0259 \u0259sas\u0259n, ke\u00e7id&hellip;<\/p>\n","protected":false},"author":2,"featured_media":364506,"comment_status":"closed","ping_status":"closed","sticky":false,"template":"","format":"standard","meta":{"om_disable_all_campaigns":false,"_monsterinsights_skip_tracking":false,"_monsterinsights_sitenote_active":false,"_monsterinsights_sitenote_note":"","_monsterinsights_sitenote_category":0},"categories":[26],"tags":[],"aioseo_notices":[],"gutentor_comment":0,"rttpg_featured_image_url":{"full":["https:\/\/arantv.az\/wp-content\/uploads\/2021\/08\/970866.jpg",800,600,false],"landscape":["https:\/\/arantv.az\/wp-content\/uploads\/2021\/08\/970866.jpg",800,600,false],"portraits":["https:\/\/arantv.az\/wp-content\/uploads\/2021\/08\/970866.jpg",800,600,false],"thumbnail":["https:\/\/arantv.az\/wp-content\/uploads\/2021\/08\/970866-500x280.jpg",500,280,true],"medium":["https:\/\/arantv.az\/wp-content\/uploads\/2021\/08\/970866-487x365.jpg",487,365,true],"large":["https:\/\/arantv.az\/wp-content\/uploads\/2021\/08\/970866.jpg",640,480,false],"1536x1536":["https:\/\/arantv.az\/wp-content\/uploads\/2021\/08\/970866.jpg",800,600,false],"2048x2048":["https:\/\/arantv.az\/wp-content\/uploads\/2021\/08\/970866.jpg",800,600,false],"post-thumbnail":["https:\/\/arantv.az\/wp-content\/uploads\/2021\/08\/970866-240x172.jpg",240,172,true],"advps-thumb-one":["https:\/\/arantv.az\/wp-content\/uploads\/2021\/08\/970866.jpg",800,600,false]},"rttpg_author":{"display_name":"V\u00fcsal Rafiqo\u011flu","author_link":"https:\/\/arantv.az\/?author=2"},"rttpg_comment":0,"rttpg_category":"<a href=\"https:\/\/arantv.az\/?cat=26\" rel=\"category\">Sosial<\/a>","rttpg_excerpt":"\u00dcmumi t\u0259hsil m\u00fc\u0259ssis\u0259l\u0259rin\u0259 t\u0259lim-t\u0259rbiy\u0259 i\u015fl\u0259ri \u00fczr\u0259 direktor m\u00fcavini, u\u015faqlarla m\u0259kt\u0259bd\u0259nk\u0259nar v\u0259 sinifd\u0259nxaric t\u0259rbiy\u0259 i\u015fi \u00fczr\u0259 t\u0259\u015fkilat\u00e7\u0131 v\u0259zif\u0259l\u0259rin\u0259 i\u015f\u0259 q\u0259bul \u00fczr\u0259 m\u00fcsabiq\u0259nin III (\u015fifahi m\u00fcsahib\u0259) m\u0259rh\u0259l\u0259sinin vaxt\u0131 a\u00e7\u0131qlan\u0131b. Bel\u0259 ki, \u015fifahi m\u00fcsahib\u0259l\u0259rin 16-25 avqust 2021-ci il tarixl\u0259rind\u0259 ke\u00e7irilm\u0259si n\u0259z\u0259rd\u0259 tutulur. \u015eifahi m\u00fcsahib\u0259nin ke\u00e7irilm\u0259 vaxt\u0131 v\u0259 yeri, h\u0259m\u00e7inin m\u00fcsahib\u0259d\u0259 i\u015ftirak etm\u0259k \u00fc\u00e7\u00fcn t\u0259l\u0259b olunan s\u0259n\u0259dl\u0259rin siyah\u0131s\u0131 bar\u0259d\u0259&hellip;","_links":{"self":[{"href":"https:\/\/arantv.az\/index.php?rest_route=\/wp\/v2\/posts\/364505"}],"collection":[{"href":"https:\/\/arantv.az\/index.php?rest_route=\/wp\/v2\/posts"}],"about":[{"href":"https:\/\/arantv.az\/index.php?rest_route=\/wp\/v2\/types\/post"}],"author":[{"embeddable":true,"href":"https:\/\/arantv.az\/index.php?rest_route=\/wp\/v2\/users\/2"}],"replies":[{"embeddable":true,"href":"https:\/\/arantv.az\/index.php?rest_route=%2Fwp%2Fv2%2Fcomments&post=364505"}],"version-history":[{"count":0,"href":"https:\/\/arantv.az\/index.php?rest_route=\/wp\/v2\/posts\/364505\/revisions"}],"wp:featuredmedia":[{"embeddable":true,"href":"https:\/\/arantv.az\/index.php?rest_route=\/wp\/v2\/media\/364506"}],"wp:attachment":[{"href":"https:\/\/arantv.az\/index.php?rest_route=%2Fwp%2Fv2%2Fmedia&parent=364505"}],"wp:term":[{"taxonomy":"category","embeddable":true,"href":"https:\/\/arantv.az\/index.php?rest_route=%2Fwp%2Fv2%2Fcategories&post=364505"},{"taxonomy":"post_tag","embeddable":true,"href":"https:\/\/arantv.az\/index.php?rest_route=%2Fwp%2Fv2%2Ftags&post=364505"}],"curies":[{"name":"wp","href":"https:\/\/api.w.org\/{rel}","templated":true}]}}