{"id":364516,"date":"2021-08-09T12:40:51","date_gmt":"2021-08-09T09:40:51","guid":{"rendered":"http:\/\/arantv.az\/?p=364516"},"modified":"2021-08-09T12:40:51","modified_gmt":"2021-08-09T09:40:51","slug":"az%c9%99rbaycan-respublikasinin-dovl%c9%99t-s%c9%99rh%c9%99dl%c9%99ri-beyn%c9%99lxalq-huquqa-uygun-olaraq-b%c9%99rpa-edil%c9%99c%c9%99k","status":"publish","type":"post","link":"https:\/\/arantv.az\/?p=364516","title":{"rendered":"Az\u0259rbaycan Respublikas\u0131n\u0131n d\u00f6vl\u0259t s\u0259rh\u0259dl\u0259ri beyn\u0259lxalq h\u00fcquqa uy\u011fun olaraq b\u0259rpa edil\u0259c\u0259k"},"content":{"rendered":"<p>D\u00f6vl\u0259t s\u0259rh\u0259dl\u0259rinin toxunulmazl\u0131\u011f\u0131 prinsipi m\u00fcasir beyn\u0259lxalq h\u00fcquq v\u0259 qlobal s\u0259viyy\u0259d\u0259 beyn\u0259lxalq t\u0259hl\u00fck\u0259sizliyin t\u0259min edilm\u0259si bax\u0131m\u0131ndan fundamental rola malikdir. \u0130lk n\u00f6vb\u0259d\u0259 n\u0259z\u0259r\u0259 almaq laz\u0131md\u0131r ki, d\u00f6vl\u0259t\u0259 m\u0259xsus \u0259razinin v\u0259 d\u00f6vl\u0259t s\u0259rh\u0259dl\u0259rinin m\u00f6vcudlu\u011fu suverenlik doktrinas\u0131n\u0131n \u0259sas komponentl\u0259rind\u0259ndir.<\/p>\n<p>Beyn\u0259lxalq h\u00fcququn apar\u0131c\u0131 subyekti qismind\u0259 d\u00f6vl\u0259tl\u0259rin \u0259n m\u00fch\u00fcm \u0259lam\u0259tl\u0259rind\u0259n birini m\u0259hz onlar\u0131n \u0259razisi t\u0259\u015fkil edir. Bunun t\u0259sdiqini \u0259h\u0259miyy\u0259tli kodifikasiya n\u00fcmun\u0259si olan \u201cD\u00f6vl\u0259tl\u0259rin h\u00fcquqlar\u0131 v\u0259 v\u0259zif\u0259l\u0259ri haqq\u0131nda\u201d 26 dekabr 1933-c\u00fc il tarixli Montevideo konvensiyas\u0131n\u0131n 1-ci madd\u0259sind\u0259 tapmaq olar. Konvensiyan\u0131n diqq\u0259ti c\u0259lb ed\u0259n m\u00fcdd\u0259alar\u0131ndan biri d\u0259 11-ci madd\u0259d\u0259 \u0259ksini tapan \u201cd\u00f6vl\u0259tin \u0259razisi toxunulmazd\u0131r v\u0259 h\u0259rbi i\u015f\u011fal obyekti ola bilm\u0259z\u201d h\u00fcquqi tezisidir.<\/p>\n<p>M\u0259lum oldu\u011fu kimi, d\u00f6vl\u0259tl\u0259raras\u0131 m\u00fcnasib\u0259tl\u0259rin prinsipl\u0259ri \u00f6nc\u0259d\u0259n beyn\u0259lxalq ad\u0259t formas\u0131nda t\u0259\u015f\u0259kk\u00fcl tapsa da, sonradan bu prinsipl\u0259r beyn\u0259lxalq h\u00fcquq m\u00fcst\u0259visind\u0259 formala\u015fm\u0131\u015fd\u0131r. \u0130lk d\u0259f\u0259 olaraq BMT-nin Nizamnam\u0259sin\u0259 bir s\u0131ra m\u00fch\u00fcm prinsipl\u0259rin daxil edilm\u0259sin\u0259 baxmayaraq, onlar\u0131n s\u0131ras\u0131 1975-ci il avqustun 1-d\u0259 Avropada T\u0259hl\u00fck\u0259sizlik v\u0259 \u018fm\u0259kda\u015fl\u0131q M\u00fc\u015favir\u0259si (AT\u018fM) \u00e7\u0259r\u00e7iv\u0259sind\u0259 q\u0259bul edil\u0259n Helsinki Yekun Akt\u0131nda geni\u015fl\u0259ndirilmi\u015fdir v\u0259 bu m\u00fch\u00fcm s\u0259n\u0259dd\u0259 d\u00f6vl\u0259t s\u0259rh\u0259dl\u0259rinin toxunulmazl\u0131\u011f\u0131 v\u0259 \u0259razi b\u00fct\u00f6vl\u00fcy\u00fc prinsipl\u0259ri \u00f6z \u0259ksini tapm\u0131\u015fd\u0131r. H\u0259min Aktda \u00fc\u00e7\u00fcnc\u00fc s\u0131rada yer alan prinsip\u0259 \u0259sas\u0259n, \u201ci\u015ftirak\u00e7\u0131-d\u00f6vl\u0259tl\u0259r biri birinin b\u00fct\u00fcn s\u0259rh\u0259dl\u0259rini, v\u0259 h\u0259m\u00e7inin Avropada b\u00fct\u00fcn d\u00f6vl\u0259tl\u0259rin s\u0259rh\u0259dl\u0259rini toxunulmaz hesab edirl\u0259r v\u0259 buna g\u00f6r\u0259 d\u0259 haz\u0131rda v\u0259 g\u0259l\u0259c\u0259kd\u0259 bu s\u0259rh\u0259dl\u0259r\u0259 h\u0259r hans\u0131 bir t\u0259cav\u00fczd\u0259n \u00e7\u0259kin\u0259c\u0259kl\u0259r. Buna uy\u011fun olaraq,\u00a0 onlar ist\u0259nil\u0259n i\u015ftirak\u00e7\u0131-d\u00f6vl\u0259tin \u0259razisinin bir hiss\u0259sinin v\u0259 ya b\u00fct\u00f6vl\u00fckd\u0259 \u0259l\u0259 ke\u00e7irilm\u0259si v\u0259 ya q\u0259sb edilm\u0259sin\u0259 y\u00f6n\u0259l\u0259n h\u0259r hans\u0131 t\u0259l\u0259bd\u0259n v\u0259 ya h\u0259r\u0259k\u0259tl\u0259rd\u0259n \u00e7\u0259kin\u0259c\u0259kl\u0259r\u201d. D\u00f6vl\u0259tl\u0259rin qar\u015f\u0131l\u0131ql\u0131 m\u00fcnasib\u0259tl\u0259rind\u0259 r\u0259hb\u0259r tutulan prinsipl\u0259rin ierarxiyas\u0131nda d\u00f6rd\u00fcnc\u00fc pill\u0259d\u0259 yer alm\u0131\u015f m\u00fch\u00fcm prinsip\u0259 \u0259sas\u0259n \u201ci\u015ftirak\u00e7\u0131-d\u00f6vl\u0259tl\u0259r biri birinin \u0259razi b\u00fct\u00f6vl\u00fcy\u00fcn\u0259 h\u00f6rm\u0259t ed\u0259c\u0259kl\u0259r\u201d.<\/p>\n<div id=\"AdviadNativeVideo0\" class=\"AdviadNativeVideo\"><\/div>\n<p>T\u0259\u0259ss\u00fcf ki, beyn\u0259lxalq h\u00fcquqa daima etinas\u0131z m\u00fcnasib\u0259t b\u0259sl\u0259y\u0259n, sivil d\u00f6vl\u0259tl\u0259rin\u00a0\u00fcnsiyy\u0259t qaydalar\u0131na \u00fcmumiyy\u0259tl\u0259 riay\u0259t etm\u0259y\u0259n, beyn\u0259lxalq t\u0259hl\u00fck\u0259sizliy\u0259 t\u0259hdidl\u0259r yaradan Erm\u0259nistan Az\u0259rbaycan Respublikas\u0131na qar\u015f\u0131 t\u0259cav\u00fcz ed\u0259r\u0259k, d\u00f6vl\u0259t s\u0259rh\u0259dl\u0259rini \u00f6z xeyrin\u0259 d\u0259yi\u015fm\u0259y\u0259 \u00e7al\u0131\u015fm\u0131\u015fd\u0131r. Ancaq 44 g\u00fcnl\u00fck V\u0259t\u0259n m\u00fcharib\u0259sind\u0259 \u0259ld\u0259 edilmi\u015f parlaq q\u0259l\u0259b\u0259 \u00f6lk\u0259mizin \u0259razi b\u00fct\u00f6vl\u00fcy\u00fcn\u00fcn v\u0259 suverenliyinin b\u0259rpas\u0131 il\u0259 n\u0259tic\u0259l\u0259n\u0259r\u0259k, s\u0259rh\u0259dl\u0259rimizin toxunulmazl\u0131\u011f\u0131n\u0131n t\u0259min edilm\u0259si m\u0259s\u0259l\u0259sini q\u0259tiyy\u0259tl\u0259 beyn\u0259lxalq g\u00fcnd\u0259m\u0259 g\u0259tirmi\u015fdir. Bu kontekstd\u0259 post-m\u00fcnaqi\u015f\u0259 d\u00f6vr\u00fcn\u00fcn \u0259n m\u00fch\u00fcm probleml\u0259rind\u0259n birini m\u0259hz Az\u0259rbaycan Respublikas\u0131n\u0131n d\u00f6vl\u0259t s\u0259rh\u0259dl\u0259rinin b\u0259rpas\u0131 t\u0259\u015fkil edir v\u0259 h\u0259min m\u0259s\u0259l\u0259nin h\u0259lli \u00fc\u00e7\u00fcn q\u00fcvv\u0259d\u0259 olan beyn\u0259lxalq h\u00fcququn d\u0259qiq yana\u015fmas\u0131 m\u00f6vcuddur.<\/p>\n<p>Sovet \u0130ttifaq\u0131 da\u011f\u0131ld\u0131qdan sonra beyn\u0259lxalq h\u00fcquqda t\u0259\u015f\u0259kk\u00fcl tapm\u0131\u015f \u201cuti possidetis juris\u201d prinsipin\u0259 \u0259sas\u0259n, ke\u00e7mi\u015f m\u00fctt\u0259fiq respublikalar\u0131n inzibati s\u0259rh\u0259dl\u0259ri m\u00fcst\u0259qillik \u0259ld\u0259 etmi\u015f d\u00f6vl\u0259tl\u0259rin beyn\u0259lxalq s\u0259rh\u0259dl\u0259rin\u0259 \u00e7evrilmi\u015fdir. Bu yana\u015fma he\u00e7 bir halda m\u00fcbahis\u0259l\u0259ndiril\u0259 v\u0259 ya inkar edil\u0259 bilm\u0259z. Bunun t\u0259sdiq olunmas\u0131 \u00fc\u00e7\u00fcn ist\u0259r beyn\u0259lxalq m\u0259hk\u0259m\u0259 orqanlar\u0131n\u0131n presedent t\u0259cr\u00fcb\u0259sin\u0259, ist\u0259rs\u0259 d\u0259 \u00e7oxsayl\u0131 beyn\u0259lxalq s\u0259n\u0259dl\u0259r\u0259 m\u00fcraci\u0259t etm\u0259k kifay\u0259tdir.<\/p>\n<p>Birl\u0259\u015fmi\u015f Mill\u0259tl\u0259r T\u0259\u015fkilat\u0131n\u0131n \u0259sas m\u0259hk\u0259m\u0259 orqan\u0131 qismind\u0259 t\u0259sis edilmi\u015f Beyn\u0259lxalq M\u0259hk\u0259m\u0259nin 1986-ci ild\u0259 baxd\u0131\u011f\u0131 Burkina-Faso Mali Respublikas\u0131na qar\u015f\u0131 i\u015find\u0259 (Case concerning the Frontier Dispute (Burkina-Faso v. Republic of Mali) g\u00f6st\u0259rilmi\u015fdir ki, \u201cuti possidetis juris\u201d prinsipinin t\u0259dbiqi s\u0259rh\u0259dl\u0259rin toxunulmazl\u0131\u011f\u0131na h\u00f6rm\u0259t olunmas\u0131n\u0131 t\u0259min edir. M\u0259hk\u0259m\u0259 qeyd etmi\u015fdir ki, bu prinsip\u0259 ilk d\u0259f\u0259 olaraq Lat\u0131n Amerikas\u0131nda m\u00fcraci\u0259t edilm\u0259sin\u0259 baxmayaraq, o beyn\u0259lxalq h\u00fcququn hans\u0131sa bir konkret sistemin\u0259 aid olan norma deyil. \u201cuti possidetis juris\u201d \u00fcmumi t\u0259tbiqi sah\u0259sin\u0259 malik olan v\u0259 ist\u0259nil\u0259n yerd\u0259 m\u00fcst\u0259qilliyin \u0259ld\u0259 edilm\u0259si fenomeni il\u0259 m\u0259ntiqi \u015f\u0259kild\u0259 ba\u011fl\u0131 olan prinsipdir. Onun t\u0259yinat\u0131 &#8211; yeni yaranan d\u00f6vl\u0259tl\u0259rin m\u00fcst\u0259qilliyini v\u0259 sabitliyini t\u0259hdid ed\u0259n s\u0259rh\u0259dl\u0259rinin m\u00fcbahis\u0259l\u0259ndirilm\u0259sinin qar\u015f\u0131s\u0131n\u0131n al\u0131nmas\u0131ndan ibar\u0259tdir.<\/p>\n<p>Az\u0259rbaycan Respublikas\u0131n\u0131n Erm\u0259nistanla d\u00f6vl\u0259t s\u0259rh\u0259dl\u0259rinin b\u0259rpas\u0131 m\u0259s\u0259l\u0259si beyn\u0259lxalq h\u00fcquqla da birm\u0259nal\u0131 olaraq m\u00fcdafi\u0259 olunur.<\/p>\n<p>8 dekabr 1991-ci ild\u0259 Minsk \u015f\u0259h\u0259rind\u0259 imzalanm\u0131\u015f \u201cM\u00fcst\u0259qil D\u00f6vl\u0259tl\u0259r Birliyinin yarad\u0131lmas\u0131 haqq\u0131nda\u201d Sazi\u015fin 5-ci madd\u0259si, 21 dekabr 1991-ci ild\u0259 q\u0259bul edil\u0259n v\u0259 11 d\u00f6vl\u0259t t\u0259r\u0259find\u0259n imzalanm\u0131\u015f Alma-Ata b\u0259yannam\u0259sinin ayr\u0131lmaz t\u0259rkib hiss\u0259si olan Preambulas\u0131, 22 yanvar 1993-c\u00fc ild\u0259 q\u0259bul edilmi\u015f \u201cM\u00fcst\u0259qil D\u00f6vl\u0259tl\u0259r Birliyinin Nizamnam\u0259sinin\u201d 3-c\u00fc madd\u0259sinin 3-c\u00fc v\u0259 4-c\u00fc b\u0259ndl\u0259ri \u0259razi b\u00fct\u00f6vl\u00fcy\u00fc v\u0259 birlik \u00e7\u0259rciv\u0259sind\u0259 m\u00f6vcud olan s\u0259rh\u0259dl\u0259rin toxunulmazl\u0131\u011f\u0131n\u0131n tan\u0131nmas\u0131 v\u0259 onlara h\u00f6rm\u0259t edilm\u0259sini t\u0259sbit etmi\u015fdir.<\/p>\n<p>1991-ci il 16 dekabr tarixind\u0259 Br\u00fcssel \u015f\u0259h\u0259rind\u0259 Avropa Birliyi t\u0259r\u0259find\u0259n q\u0259bul edilmi\u015f \u201c\u015e\u0259rqi Avropada v\u0259 Sovet \u0130ttifaq\u0131nda yeni d\u00f6vl\u0259tl\u0259rin tan\u0131nmas\u0131 \u00fczr\u0259 Prinsipl\u0259r\u201d b\u0259yannam\u0259sind\u0259 g\u00f6st\u0259rilmi\u015fdir ki, Avropa \u0130ttifaq\u0131 b\u0259 \u00fczv-d\u00f6vl\u0259tl\u0259r t\u0259r\u0259find\u0259n qeyd edil\u0259n yeni d\u00f6vl\u0259tl\u0259rin tan\u0131nmas\u0131 \u00fczr\u0259 \u00fcmumi m\u00f6vqe b\u00fct\u00fcn s\u0259rh\u0259dl\u0259rin t\u00f6xunulmazl\u0131\u011f\u0131n\u0131 r\u0259hb\u0259r tutur. X\u00fcsusi olaraq qeyd etm\u0259k laz\u0131md\u0131r ki, bu s\u0259n\u0259dd\u0259 birliyin \u00fczv-d\u00f6vl\u0259tl\u0259rinin \u00fcmumi m\u00f6vqeyi t\u0259sdiq edil\u0259r\u0259k, t\u0259\u015fkilat t\u0259r\u0259find\u0259n 1975-ci il tarixli Helsinki Yekun Akt\u0131na v\u0259 1990-c\u0131 ild\u0259 q\u0259bul edilmi\u015f Yeni Avropa \u00fc\u00e7\u00fcn Paris Xartiyas\u0131na sadiqlik t\u0259sdiq olunmu\u015fdur.<\/p>\n<p>Az\u0259rbaycan Respublikas\u0131n\u0131n d\u00f6vl\u0259t s\u0259rh\u0259dl\u0259rinin delimitasiyas\u0131 v\u0259 demarkasiyas\u0131 b\u00fct\u00f6vl\u00fckd\u0259 regionda beyn\u0259lxalq t\u0259hl\u00fck\u0259sizliyin v\u0259 sabitliyin t\u0259min edilm\u0259si \u00fc\u00e7\u00fcn \u0259sas \u015f\u0259rtl\u0259rd\u0259n biridir v\u0259 he\u00e7 k\u0259s \u015f\u00fcbh\u0259 etm\u0259m\u0259lidir ki, \u00f6lk\u0259miz \u00f6z s\u0259rh\u0259dl\u0259rind\u0259 m\u00f6hk\u0259ml\u0259n\u0259c\u0259k.<\/p>\n<p><strong>Nizami S\u0259f\u0259rov, Milli M\u0259clisin H\u00fcquq siyas\u0259ti v\u0259 d\u00f6vl\u0259t quruculu\u011fu komit\u0259sinin \u00fczv\u00fc, h\u00fcquq elml\u0259ri doktoru<\/strong><\/p>\n","protected":false},"excerpt":{"rendered":"<p>D\u00f6vl\u0259t s\u0259rh\u0259dl\u0259rinin toxunulmazl\u0131\u011f\u0131 prinsipi m\u00fcasir beyn\u0259lxalq h\u00fcquq v\u0259 qlobal s\u0259viyy\u0259d\u0259 beyn\u0259lxalq t\u0259hl\u00fck\u0259sizliyin t\u0259min edilm\u0259si bax\u0131m\u0131ndan fundamental rola malikdir. \u0130lk n\u00f6vb\u0259d\u0259 n\u0259z\u0259r\u0259 almaq laz\u0131md\u0131r ki, d\u00f6vl\u0259t\u0259 m\u0259xsus \u0259razinin v\u0259 d\u00f6vl\u0259t s\u0259rh\u0259dl\u0259rinin m\u00f6vcudlu\u011fu suverenlik doktrinas\u0131n\u0131n \u0259sas komponentl\u0259rind\u0259ndir. Beyn\u0259lxalq h\u00fcququn apar\u0131c\u0131 subyekti qismind\u0259 d\u00f6vl\u0259tl\u0259rin \u0259n m\u00fch\u00fcm \u0259lam\u0259tl\u0259rind\u0259n birini m\u0259hz onlar\u0131n \u0259razisi t\u0259\u015fkil edir. Bunun t\u0259sdiqini \u0259h\u0259miyy\u0259tli kodifikasiya n\u00fcmun\u0259si olan \u201cD\u00f6vl\u0259tl\u0259rin h\u00fcquqlar\u0131 v\u0259 v\u0259zif\u0259l\u0259ri haqq\u0131nda\u201d 26 dekabr 1933-c\u00fc il tarixli Montevideo konvensiyas\u0131n\u0131n 1-ci madd\u0259sind\u0259 tapmaq olar. Konvensiyan\u0131n diqq\u0259ti c\u0259lb ed\u0259n m\u00fcdd\u0259alar\u0131ndan biri d\u0259 11-ci madd\u0259d\u0259 \u0259ksini tapan \u201cd\u00f6vl\u0259tin \u0259razisi toxunulmazd\u0131r v\u0259 h\u0259rbi i\u015f\u011fal obyekti&hellip;<\/p>\n","protected":false},"author":2,"featured_media":364517,"comment_status":"closed","ping_status":"closed","sticky":false,"template":"","format":"standard","meta":{"om_disable_all_campaigns":false,"_monsterinsights_skip_tracking":false,"_monsterinsights_sitenote_active":false,"_monsterinsights_sitenote_note":"","_monsterinsights_sitenote_category":0},"categories":[4],"tags":[],"aioseo_notices":[],"gutentor_comment":0,"rttpg_featured_image_url":{"full":["https:\/\/arantv.az\/wp-content\/uploads\/2021\/08\/vi.jpg",620,451,false],"landscape":["https:\/\/arantv.az\/wp-content\/uploads\/2021\/08\/vi.jpg",620,451,false],"portraits":["https:\/\/arantv.az\/wp-content\/uploads\/2021\/08\/vi.jpg",620,451,false],"thumbnail":["https:\/\/arantv.az\/wp-content\/uploads\/2021\/08\/vi-500x280.jpg",500,280,true],"medium":["https:\/\/arantv.az\/wp-content\/uploads\/2021\/08\/vi-502x365.jpg",502,365,true],"large":["https:\/\/arantv.az\/wp-content\/uploads\/2021\/08\/vi.jpg",620,451,false],"1536x1536":["https:\/\/arantv.az\/wp-content\/uploads\/2021\/08\/vi.jpg",620,451,false],"2048x2048":["https:\/\/arantv.az\/wp-content\/uploads\/2021\/08\/vi.jpg",620,451,false],"post-thumbnail":["https:\/\/arantv.az\/wp-content\/uploads\/2021\/08\/vi-240x172.jpg",240,172,true],"advps-thumb-one":["https:\/\/arantv.az\/wp-content\/uploads\/2021\/08\/vi.jpg",620,451,false]},"rttpg_author":{"display_name":"V\u00fcsal Rafiqo\u011flu","author_link":"https:\/\/arantv.az\/?author=2"},"rttpg_comment":0,"rttpg_category":"<a href=\"https:\/\/arantv.az\/?cat=4\" rel=\"category\">Siyas\u0259t<\/a>","rttpg_excerpt":"D\u00f6vl\u0259t s\u0259rh\u0259dl\u0259rinin toxunulmazl\u0131\u011f\u0131 prinsipi m\u00fcasir beyn\u0259lxalq h\u00fcquq v\u0259 qlobal s\u0259viyy\u0259d\u0259 beyn\u0259lxalq t\u0259hl\u00fck\u0259sizliyin t\u0259min edilm\u0259si bax\u0131m\u0131ndan fundamental rola malikdir. \u0130lk n\u00f6vb\u0259d\u0259 n\u0259z\u0259r\u0259 almaq laz\u0131md\u0131r ki, d\u00f6vl\u0259t\u0259 m\u0259xsus \u0259razinin v\u0259 d\u00f6vl\u0259t s\u0259rh\u0259dl\u0259rinin m\u00f6vcudlu\u011fu suverenlik doktrinas\u0131n\u0131n \u0259sas komponentl\u0259rind\u0259ndir. Beyn\u0259lxalq h\u00fcququn apar\u0131c\u0131 subyekti qismind\u0259 d\u00f6vl\u0259tl\u0259rin \u0259n m\u00fch\u00fcm \u0259lam\u0259tl\u0259rind\u0259n birini m\u0259hz onlar\u0131n \u0259razisi t\u0259\u015fkil edir. Bunun t\u0259sdiqini \u0259h\u0259miyy\u0259tli kodifikasiya n\u00fcmun\u0259si&hellip;","_links":{"self":[{"href":"https:\/\/arantv.az\/index.php?rest_route=\/wp\/v2\/posts\/364516"}],"collection":[{"href":"https:\/\/arantv.az\/index.php?rest_route=\/wp\/v2\/posts"}],"about":[{"href":"https:\/\/arantv.az\/index.php?rest_route=\/wp\/v2\/types\/post"}],"author":[{"embeddable":true,"href":"https:\/\/arantv.az\/index.php?rest_route=\/wp\/v2\/users\/2"}],"replies":[{"embeddable":true,"href":"https:\/\/arantv.az\/index.php?rest_route=%2Fwp%2Fv2%2Fcomments&post=364516"}],"version-history":[{"count":0,"href":"https:\/\/arantv.az\/index.php?rest_route=\/wp\/v2\/posts\/364516\/revisions"}],"wp:featuredmedia":[{"embeddable":true,"href":"https:\/\/arantv.az\/index.php?rest_route=\/wp\/v2\/media\/364517"}],"wp:attachment":[{"href":"https:\/\/arantv.az\/index.php?rest_route=%2Fwp%2Fv2%2Fmedia&parent=364516"}],"wp:term":[{"taxonomy":"category","embeddable":true,"href":"https:\/\/arantv.az\/index.php?rest_route=%2Fwp%2Fv2%2Fcategories&post=364516"},{"taxonomy":"post_tag","embeddable":true,"href":"https:\/\/arantv.az\/index.php?rest_route=%2Fwp%2Fv2%2Ftags&post=364516"}],"curies":[{"name":"wp","href":"https:\/\/api.w.org\/{rel}","templated":true}]}}