{"id":364519,"date":"2021-08-09T12:41:33","date_gmt":"2021-08-09T09:41:33","guid":{"rendered":"http:\/\/arantv.az\/?p=364519"},"modified":"2021-08-09T12:41:33","modified_gmt":"2021-08-09T09:41:33","slug":"azad-olunan-%c9%99razil%c9%99rd%c9%99-askarlanan-minalarin-sayi-aciqlandi-2","status":"publish","type":"post","link":"https:\/\/arantv.az\/?p=364519","title":{"rendered":"Azad olunan \u0259razil\u0259rd\u0259 a\u015fkarlanan minalar\u0131n say\u0131 A\u00c7IQLANDI"},"content":{"rendered":"<p>Az\u0259rbaycan Respublikas\u0131n\u0131n Minat\u0259mizl\u0259m\u0259 Agentliyi (ANAMA) i\u015f\u011faldan azad edilmi\u015f \u0259razil\u0259rd\u0259 icra olunan \u0259m\u0259liyyatlar bar\u0259d\u0259 h\u0259ft\u0259lik m\u0259lumat\u0131 a\u00e7\u0131qlay\u0131b.<\/p>\n<div id=\"AdviadNativeVideo0\" class=\"AdviadNativeVideo\"><\/div>\n<p>ANAMA-dan\u00a0veril\u0259n m\u0259lumata g\u00f6r\u0259, avqustun 2-d\u0259n 8-d\u0259k T\u0259rt\u0259r, A\u011fdam, F\u00fczuli, \u015eu\u015fa, Qubadl\u0131, C\u0259bray\u0131l v\u0259 Z\u0259ngilan rayonlar\u0131n\u0131n \u0259razil\u0259rind\u0259 apar\u0131lm\u0131\u015f \u0259m\u0259liyyat-axtar\u0131\u015f t\u0259dbirl\u0259ri zaman\u0131 piyada \u0259leyhin\u0259 180, tank \u0259leyhin\u0259 3 mina v\u0259 112 \u0259d\u0259d partlamam\u0131\u015f h\u0259rbi sursat a\u015fkarlan\u0131b.<\/p>\n<p>N\u0259tic\u0259d\u0259 127 hektar \u0259razi mina v\u0259 partlamam\u0131\u015f h\u0259rbi sursatlardan t\u0259mizl\u0259nib.<\/p>\n","protected":false},"excerpt":{"rendered":"<p>Az\u0259rbaycan Respublikas\u0131n\u0131n Minat\u0259mizl\u0259m\u0259 Agentliyi (ANAMA) i\u015f\u011faldan azad edilmi\u015f \u0259razil\u0259rd\u0259 icra olunan \u0259m\u0259liyyatlar bar\u0259d\u0259 h\u0259ft\u0259lik m\u0259lumat\u0131 a\u00e7\u0131qlay\u0131b. ANAMA-dan\u00a0veril\u0259n m\u0259lumata g\u00f6r\u0259, avqustun 2-d\u0259n 8-d\u0259k T\u0259rt\u0259r, A\u011fdam, F\u00fczuli, \u015eu\u015fa, Qubadl\u0131, C\u0259bray\u0131l v\u0259 Z\u0259ngilan rayonlar\u0131n\u0131n \u0259razil\u0259rind\u0259 apar\u0131lm\u0131\u015f \u0259m\u0259liyyat-axtar\u0131\u015f t\u0259dbirl\u0259ri zaman\u0131 piyada \u0259leyhin\u0259 180, tank \u0259leyhin\u0259 3 mina v\u0259 112 \u0259d\u0259d partlamam\u0131\u015f h\u0259rbi sursat a\u015fkarlan\u0131b. N\u0259tic\u0259d\u0259 127 hektar \u0259razi mina v\u0259 partlamam\u0131\u015f h\u0259rbi sursatlardan t\u0259mizl\u0259nib.<\/p>\n","protected":false},"author":2,"featured_media":354625,"comment_status":"closed","ping_status":"closed","sticky":false,"template":"","format":"standard","meta":{"om_disable_all_campaigns":false,"_monsterinsights_skip_tracking":false,"_monsterinsights_sitenote_active":false,"_monsterinsights_sitenote_note":"","_monsterinsights_sitenote_category":0},"categories":[10],"tags":[],"aioseo_notices":[],"gutentor_comment":0,"rttpg_featured_image_url":{"full":["https:\/\/arantv.az\/wp-content\/uploads\/2021\/07\/mina_28375.jpg",600,450,false],"landscape":["https:\/\/arantv.az\/wp-content\/uploads\/2021\/07\/mina_28375.jpg",600,450,false],"portraits":["https:\/\/arantv.az\/wp-content\/uploads\/2021\/07\/mina_28375.jpg",600,450,false],"thumbnail":["https:\/\/arantv.az\/wp-content\/uploads\/2021\/07\/mina_28375-500x280.jpg",500,280,true],"medium":["https:\/\/arantv.az\/wp-content\/uploads\/2021\/07\/mina_28375-487x365.jpg",487,365,true],"large":["https:\/\/arantv.az\/wp-content\/uploads\/2021\/07\/mina_28375.jpg",600,450,false],"1536x1536":["https:\/\/arantv.az\/wp-content\/uploads\/2021\/07\/mina_28375.jpg",600,450,false],"2048x2048":["https:\/\/arantv.az\/wp-content\/uploads\/2021\/07\/mina_28375.jpg",600,450,false],"post-thumbnail":["https:\/\/arantv.az\/wp-content\/uploads\/2021\/07\/mina_28375-240x172.jpg",240,172,true],"advps-thumb-one":["https:\/\/arantv.az\/wp-content\/uploads\/2021\/07\/mina_28375.jpg",600,450,false]},"rttpg_author":{"display_name":"V\u00fcsal Rafiqo\u011flu","author_link":"https:\/\/arantv.az\/?author=2"},"rttpg_comment":0,"rttpg_category":"<a href=\"https:\/\/arantv.az\/?cat=10\" rel=\"category\">C\u0259bh\u0259d\u0259n X\u0259b\u0259r<\/a>","rttpg_excerpt":"Az\u0259rbaycan Respublikas\u0131n\u0131n Minat\u0259mizl\u0259m\u0259 Agentliyi (ANAMA) i\u015f\u011faldan azad edilmi\u015f \u0259razil\u0259rd\u0259 icra olunan \u0259m\u0259liyyatlar bar\u0259d\u0259 h\u0259ft\u0259lik m\u0259lumat\u0131 a\u00e7\u0131qlay\u0131b. ANAMA-dan\u00a0veril\u0259n m\u0259lumata g\u00f6r\u0259, avqustun 2-d\u0259n 8-d\u0259k T\u0259rt\u0259r, A\u011fdam, F\u00fczuli, \u015eu\u015fa, Qubadl\u0131, C\u0259bray\u0131l v\u0259 Z\u0259ngilan rayonlar\u0131n\u0131n \u0259razil\u0259rind\u0259 apar\u0131lm\u0131\u015f \u0259m\u0259liyyat-axtar\u0131\u015f t\u0259dbirl\u0259ri zaman\u0131 piyada \u0259leyhin\u0259 180, tank \u0259leyhin\u0259 3 mina v\u0259 112 \u0259d\u0259d partlamam\u0131\u015f h\u0259rbi sursat a\u015fkarlan\u0131b. N\u0259tic\u0259d\u0259 127 hektar \u0259razi mina&hellip;","_links":{"self":[{"href":"https:\/\/arantv.az\/index.php?rest_route=\/wp\/v2\/posts\/364519"}],"collection":[{"href":"https:\/\/arantv.az\/index.php?rest_route=\/wp\/v2\/posts"}],"about":[{"href":"https:\/\/arantv.az\/index.php?rest_route=\/wp\/v2\/types\/post"}],"author":[{"embeddable":true,"href":"https:\/\/arantv.az\/index.php?rest_route=\/wp\/v2\/users\/2"}],"replies":[{"embeddable":true,"href":"https:\/\/arantv.az\/index.php?rest_route=%2Fwp%2Fv2%2Fcomments&post=364519"}],"version-history":[{"count":0,"href":"https:\/\/arantv.az\/index.php?rest_route=\/wp\/v2\/posts\/364519\/revisions"}],"wp:featuredmedia":[{"embeddable":true,"href":"https:\/\/arantv.az\/index.php?rest_route=\/wp\/v2\/media\/354625"}],"wp:attachment":[{"href":"https:\/\/arantv.az\/index.php?rest_route=%2Fwp%2Fv2%2Fmedia&parent=364519"}],"wp:term":[{"taxonomy":"category","embeddable":true,"href":"https:\/\/arantv.az\/index.php?rest_route=%2Fwp%2Fv2%2Fcategories&post=364519"},{"taxonomy":"post_tag","embeddable":true,"href":"https:\/\/arantv.az\/index.php?rest_route=%2Fwp%2Fv2%2Ftags&post=364519"}],"curies":[{"name":"wp","href":"https:\/\/api.w.org\/{rel}","templated":true}]}}