{"id":364521,"date":"2021-08-09T12:43:22","date_gmt":"2021-08-09T09:43:22","guid":{"rendered":"http:\/\/arantv.az\/?p=364521"},"modified":"2021-08-09T12:43:22","modified_gmt":"2021-08-09T09:43:22","slug":"az%c9%99rbaycanin-h%c9%99rbi-qulluqcusu-h%c9%99lak-oldu-r%c9%99smi","status":"publish","type":"post","link":"https:\/\/arantv.az\/?p=364521","title":{"rendered":"Az\u0259rbaycan\u0131n h\u0259rbi qulluq\u00e7usu h\u0259lak oldu &#8211; R\u018fSM\u0130"},"content":{"rendered":"<p>Avqustun 9-u s\u0259h\u0259r saatlar\u0131nda Az\u0259rbaycan ordusunun T\u0259lim v\u0259 T\u0259dris M\u0259rk\u0259zinin poliqonunda ke\u00e7iril\u0259n d\u00f6y\u00fc\u015f at\u0131\u015fl\u0131 m\u0259\u015f\u011f\u0259l\u0259 zaman\u0131 b\u0259db\u0259xt hadis\u0259 ba\u015f verib.<\/p>\n<p>Bu bar\u0259d\u0259 M\u00fcdafi\u0259 Nazirliyi m\u0259lumat yay\u0131b.<\/p>\n<div id=\"AdviadNativeVideo0\" class=\"AdviadNativeVideo\"><\/div>\n<p>Bildirilib ki, hadis\u0259 zaman\u0131 leytenant Babayev \u0130lqar R\u00fcf\u0259t o\u011flu h\u0259lak olub.<\/p>\n<p>Hadis\u0259nin s\u0259b\u0259bl\u0259ri ara\u015fd\u0131r\u0131l\u0131r.<\/p>\n<p>M\u00fcdafi\u0259 Nazirliyinin r\u0259hb\u0259rliyi h\u0259lak olan h\u0259rbi qulluq\u00e7unun ail\u0259 \u00fczvl\u0259rin\u0259 v\u0259 yax\u0131nlar\u0131na d\u0259rin h\u00fcznl\u0259 ba\u015fsa\u011fl\u0131\u011f\u0131 verir.<\/p>\n","protected":false},"excerpt":{"rendered":"<p>Avqustun 9-u s\u0259h\u0259r saatlar\u0131nda Az\u0259rbaycan ordusunun T\u0259lim v\u0259 T\u0259dris M\u0259rk\u0259zinin poliqonunda ke\u00e7iril\u0259n d\u00f6y\u00fc\u015f at\u0131\u015fl\u0131 m\u0259\u015f\u011f\u0259l\u0259 zaman\u0131 b\u0259db\u0259xt hadis\u0259 ba\u015f verib. Bu bar\u0259d\u0259 M\u00fcdafi\u0259 Nazirliyi m\u0259lumat yay\u0131b. Bildirilib ki, hadis\u0259 zaman\u0131 leytenant Babayev \u0130lqar R\u00fcf\u0259t o\u011flu h\u0259lak olub. Hadis\u0259nin s\u0259b\u0259bl\u0259ri ara\u015fd\u0131r\u0131l\u0131r. M\u00fcdafi\u0259 Nazirliyinin r\u0259hb\u0259rliyi h\u0259lak olan h\u0259rbi qulluq\u00e7unun ail\u0259 \u00fczvl\u0259rin\u0259 v\u0259 yax\u0131nlar\u0131na d\u0259rin h\u00fcznl\u0259 ba\u015fsa\u011fl\u0131\u011f\u0131 verir.<\/p>\n","protected":false},"author":2,"featured_media":364522,"comment_status":"closed","ping_status":"closed","sticky":false,"template":"","format":"standard","meta":{"om_disable_all_campaigns":false,"_monsterinsights_skip_tracking":false,"_monsterinsights_sitenote_active":false,"_monsterinsights_sitenote_note":"","_monsterinsights_sitenote_category":0},"categories":[10],"tags":[],"aioseo_notices":[],"gutentor_comment":0,"rttpg_featured_image_url":{"full":["https:\/\/arantv.az\/wp-content\/uploads\/2021\/08\/1391912.jpg",1000,705,false],"landscape":["https:\/\/arantv.az\/wp-content\/uploads\/2021\/08\/1391912.jpg",1000,705,false],"portraits":["https:\/\/arantv.az\/wp-content\/uploads\/2021\/08\/1391912.jpg",1000,705,false],"thumbnail":["https:\/\/arantv.az\/wp-content\/uploads\/2021\/08\/1391912-500x280.jpg",500,280,true],"medium":["https:\/\/arantv.az\/wp-content\/uploads\/2021\/08\/1391912-518x365.jpg",518,365,true],"large":["https:\/\/arantv.az\/wp-content\/uploads\/2021\/08\/1391912-840x592.jpg",640,451,true],"1536x1536":["https:\/\/arantv.az\/wp-content\/uploads\/2021\/08\/1391912.jpg",1000,705,false],"2048x2048":["https:\/\/arantv.az\/wp-content\/uploads\/2021\/08\/1391912.jpg",1000,705,false],"post-thumbnail":["https:\/\/arantv.az\/wp-content\/uploads\/2021\/08\/1391912-240x172.jpg",240,172,true],"advps-thumb-one":["https:\/\/arantv.az\/wp-content\/uploads\/2021\/08\/1391912-1000x620.jpg",1000,620,true]},"rttpg_author":{"display_name":"V\u00fcsal Rafiqo\u011flu","author_link":"https:\/\/arantv.az\/?author=2"},"rttpg_comment":0,"rttpg_category":"<a href=\"https:\/\/arantv.az\/?cat=10\" rel=\"category\">C\u0259bh\u0259d\u0259n X\u0259b\u0259r<\/a>","rttpg_excerpt":"Avqustun 9-u s\u0259h\u0259r saatlar\u0131nda Az\u0259rbaycan ordusunun T\u0259lim v\u0259 T\u0259dris M\u0259rk\u0259zinin poliqonunda ke\u00e7iril\u0259n d\u00f6y\u00fc\u015f at\u0131\u015fl\u0131 m\u0259\u015f\u011f\u0259l\u0259 zaman\u0131 b\u0259db\u0259xt hadis\u0259 ba\u015f verib. Bu bar\u0259d\u0259 M\u00fcdafi\u0259 Nazirliyi m\u0259lumat yay\u0131b. Bildirilib ki, hadis\u0259 zaman\u0131 leytenant Babayev \u0130lqar R\u00fcf\u0259t o\u011flu h\u0259lak olub. Hadis\u0259nin s\u0259b\u0259bl\u0259ri ara\u015fd\u0131r\u0131l\u0131r. M\u00fcdafi\u0259 Nazirliyinin r\u0259hb\u0259rliyi h\u0259lak olan h\u0259rbi qulluq\u00e7unun ail\u0259 \u00fczvl\u0259rin\u0259 v\u0259 yax\u0131nlar\u0131na d\u0259rin h\u00fcznl\u0259 ba\u015fsa\u011fl\u0131\u011f\u0131 verir.","_links":{"self":[{"href":"https:\/\/arantv.az\/index.php?rest_route=\/wp\/v2\/posts\/364521"}],"collection":[{"href":"https:\/\/arantv.az\/index.php?rest_route=\/wp\/v2\/posts"}],"about":[{"href":"https:\/\/arantv.az\/index.php?rest_route=\/wp\/v2\/types\/post"}],"author":[{"embeddable":true,"href":"https:\/\/arantv.az\/index.php?rest_route=\/wp\/v2\/users\/2"}],"replies":[{"embeddable":true,"href":"https:\/\/arantv.az\/index.php?rest_route=%2Fwp%2Fv2%2Fcomments&post=364521"}],"version-history":[{"count":0,"href":"https:\/\/arantv.az\/index.php?rest_route=\/wp\/v2\/posts\/364521\/revisions"}],"wp:featuredmedia":[{"embeddable":true,"href":"https:\/\/arantv.az\/index.php?rest_route=\/wp\/v2\/media\/364522"}],"wp:attachment":[{"href":"https:\/\/arantv.az\/index.php?rest_route=%2Fwp%2Fv2%2Fmedia&parent=364521"}],"wp:term":[{"taxonomy":"category","embeddable":true,"href":"https:\/\/arantv.az\/index.php?rest_route=%2Fwp%2Fv2%2Fcategories&post=364521"},{"taxonomy":"post_tag","embeddable":true,"href":"https:\/\/arantv.az\/index.php?rest_route=%2Fwp%2Fv2%2Ftags&post=364521"}],"curies":[{"name":"wp","href":"https:\/\/api.w.org\/{rel}","templated":true}]}}