{"id":364989,"date":"2021-08-10T12:40:18","date_gmt":"2021-08-10T09:40:18","guid":{"rendered":"http:\/\/arantv.az\/?p=364989"},"modified":"2021-08-10T12:40:18","modified_gmt":"2021-08-10T09:40:18","slug":"belarus-prezidenti-az%c9%99rbaycanin-dostu-qizil-ordeni-il%c9%99-t%c9%99ltif-edilib","status":"publish","type":"post","link":"https:\/\/arantv.az\/?p=364989","title":{"rendered":"Belarus Prezidenti \u201cAz\u0259rbaycan\u0131n dostu\u201d q\u0131z\u0131l ordeni il\u0259 t\u0259ltif edilib"},"content":{"rendered":"<p>Minsk \u015f\u0259h\u0259rind\u0259 Belarus Respublikas\u0131n\u0131n Prezidenti Aleksandr Luka\u015fenkoya Az\u0259rbaycan xalq\u0131na qarda\u015f v\u0259 dost m\u00fcnasib\u0259tin\u0259, Az\u0259rbaycanla ikit\u0259r\u0259fli \u0259laq\u0259l\u0259rin qurulmas\u0131nda, m\u00f6hk\u0259ml\u0259nm\u0259sind\u0259 v\u0259 inki\u015faf\u0131nda x\u00fcsusil\u0259 b\u00f6y\u00fck xidm\u0259tl\u0259rin\u0259 g\u00f6r\u0259 \u201cAz\u0259rbaycan\u0131m\u201d beyn\u0259lxalq jurnal\u0131n\u0131n t\u0259sis etdiyi \u201cAz\u0259rbaycan\u0131n dostu\u201d q\u0131z\u0131l ordeni t\u0259qdim olunub.<\/p>\n<p><strong>ARANTV.AZ\u00a0 x\u0259b\u0259r verir ki,<\/strong>\u00a0&#8220;Az\u0259rbaycan\u0131m&#8221; beyn\u0259lxalq jurnal\u0131n\u0131n ba\u015f redaktoru Emil N\u0259sirli Minsk \u015f\u0259h\u0259rind\u0259 jurnalistl\u0259r, ictimaiyy\u0259t n\u00fcmay\u0259nd\u0259l\u0259ri, ekspert v\u0259 media ictimaiyy\u0259ti \u00fc\u00e7\u00fcn \u0259n\u0259n\u0259vi olaraq media formatda t\u0259\u015fkil olunan &#8220;Prezidentl\u0259 b\u00f6y\u00fck s\u00f6hb\u0259t&#8221; \u00e7\u0259r\u00e7iv\u0259sind\u0259 ke\u00e7iril\u0259n g\u00f6r\u00fc\u015fd\u0259 i\u015ftirak edib. T\u0259dbird\u0259n sonra ba\u015f redaktor Emil N\u0259sirli \u201cAz\u0259rbaycan\u0131n dostu\u201d q\u0131z\u0131l ordenini Belarus Respublikas\u0131n\u0131n Prezidenti Aleksandr Luka\u015fenkoya t\u0259qdim edib.<\/p>\n<p>Az\u0259rbaycan il\u0259 Belarus aras\u0131ndak\u0131 m\u00fcnasib\u0259tl\u0259rin m\u00f6vcud s\u0259viyy\u0259sind\u0259n m\u0259mnunlu\u011funu ifad\u0259 ed\u0259n ba\u015f redaktor xalqlar\u0131m\u0131z\u0131n dostlu\u011funun d\u0259rin tarixi k\u00f6kl\u0259r\u0259 s\u00f6yk\u0259ndiyini vur\u011fulay\u0131b. \u018flaq\u0259l\u0259rin inki\u015faf\u0131nda h\u0259r iki \u00f6lk\u0259nin r\u0259smi \u015f\u0259xsl\u0259rinin x\u00fcsusi rol oynad\u0131\u011f\u0131n\u0131 diqq\u0259t\u0259 \u00e7atd\u0131ran Emil N\u0259sirli Az\u0259rbaycan\u0131n v\u0259 Belarusun d\u00f6vl\u0259t qurumlar\u0131 aras\u0131nda ikit\u0259r\u0259fli v\u0259 beyn\u0259lxalq t\u0259\u015fkilatlar \u00e7\u0259r\u00e7iv\u0259sind\u0259 \u0259m\u0259kda\u015fl\u0131\u011f\u0131n u\u011furla inki\u015faf etdiyini s\u00f6yl\u0259yib.<\/p>\n<p>Ba\u015f redaktor Emil N\u0259sirli Belarus Respublikas\u0131n\u0131n Prezidenti Aleksandr Luka\u015fenko il\u0259 Az\u0259rbaycan Respublikas\u0131n\u0131n Prezidenti \u0130lham \u018fliyevin Bak\u0131da v\u0259 Minskd\u0259 ke\u00e7irdiyi g\u00f6r\u00fc\u015fl\u0259rin h\u0259r iki \u00f6lk\u0259nin ictimai-siyasi v\u0259 sosial-iqtisadi sah\u0259l\u0259rd\u0259 h\u0259yata ke\u00e7irdikl\u0259ri strategiyan\u0131n u\u011furlu davam\u0131 oldu\u011funu qeyd edib.<\/p>\n<p>Emil N\u0259sirli onu da bildirib ki, ikit\u0259r\u0259fli \u0259laq\u0259l\u0259r\u0259 qar\u015f\u0131l\u0131ql\u0131 d\u0259st\u0259yin vacibliyinin x\u00fcsusi \u0259h\u0259miyy\u0259ti var, Az\u0259rbaycan xalq\u0131 qar\u015f\u0131l\u0131ql\u0131 olaraq Belarus Prezidentinin dostlu\u011funa h\u00f6rm\u0259t v\u0259 sevgi il\u0259 yana\u015f\u0131r, el\u0259c\u0259 d\u0259 bu dostluq m\u00fcnasib\u0259tl\u0259rini y\u00fcks\u0259k qiym\u0259tl\u0259ndirir.<\/p>\n<p>D\u00f6vl\u0259t ba\u015f\u00e7\u0131lar\u0131n\u0131n dostluq m\u00fcnasib\u0259tl\u0259rinin xalqlar\u0131m\u0131z aras\u0131ndak\u0131 \u0259laq\u0259l\u0259rin inki\u015faf\u0131na m\u00fcsb\u0259t t\u0259sir g\u00f6st\u0259rdiyini dey\u0259n Emil N\u0259sirli \u201cAz\u0259rbaycan\u0131m\u201d beyn\u0259lxalq jurnal\u0131n\u0131n kollektivi ad\u0131ndan \u201cAz\u0259rbaycan\u0131n dostu &#8220;q\u0131z\u0131l ordeni il\u0259 t\u0259ltif olunmas\u0131 m\u00fcnasib\u0259til\u0259 Prezident A.Luka\u015fenkonu bir daha t\u0259brik edib.<\/p>\n<p>Prezident A.Luka\u015fenko \u00f6z n\u00f6vb\u0259sind\u0259 &#8220;Az\u0259rbaycan\u0131m&#8221; beyn\u0259lxalq jurnal\u0131n\u0131n Redaksiya \u015euras\u0131na v\u0259 kollektivin\u0259 t\u0259\u015f\u0259kk\u00fcr\u00fcn\u00fc bildirib.<\/p>\n<p>Belarus Prezidenti ikit\u0259r\u0259fli \u0259laq\u0259l\u0259rin v\u0259 \u0259m\u0259kda\u015fl\u0131\u011f\u0131n g\u00fccl\u0259ndirilm\u0259si istiqam\u0259tind\u0259 Az\u0259rbaycan t\u0259r\u0259finin g\u00f6rd\u00fcy\u00fc i\u015fl\u0259ri y\u00fcks\u0259k qiym\u0259tl\u0259ndirib.<\/p>\n","protected":false},"excerpt":{"rendered":"<p>Minsk \u015f\u0259h\u0259rind\u0259 Belarus Respublikas\u0131n\u0131n Prezidenti Aleksandr Luka\u015fenkoya Az\u0259rbaycan xalq\u0131na qarda\u015f v\u0259 dost m\u00fcnasib\u0259tin\u0259, Az\u0259rbaycanla ikit\u0259r\u0259fli \u0259laq\u0259l\u0259rin qurulmas\u0131nda, m\u00f6hk\u0259ml\u0259nm\u0259sind\u0259 v\u0259 inki\u015faf\u0131nda x\u00fcsusil\u0259 b\u00f6y\u00fck xidm\u0259tl\u0259rin\u0259 g\u00f6r\u0259 \u201cAz\u0259rbaycan\u0131m\u201d beyn\u0259lxalq jurnal\u0131n\u0131n t\u0259sis etdiyi \u201cAz\u0259rbaycan\u0131n dostu\u201d q\u0131z\u0131l ordeni t\u0259qdim olunub. ARANTV.AZ\u00a0 x\u0259b\u0259r verir ki,\u00a0&#8220;Az\u0259rbaycan\u0131m&#8221; beyn\u0259lxalq jurnal\u0131n\u0131n ba\u015f redaktoru Emil N\u0259sirli Minsk \u015f\u0259h\u0259rind\u0259 jurnalistl\u0259r, ictimaiyy\u0259t n\u00fcmay\u0259nd\u0259l\u0259ri, ekspert v\u0259 media ictimaiyy\u0259ti \u00fc\u00e7\u00fcn \u0259n\u0259n\u0259vi olaraq media formatda t\u0259\u015fkil olunan &#8220;Prezidentl\u0259 b\u00f6y\u00fck s\u00f6hb\u0259t&#8221; \u00e7\u0259r\u00e7iv\u0259sind\u0259 ke\u00e7iril\u0259n g\u00f6r\u00fc\u015fd\u0259 i\u015ftirak edib. T\u0259dbird\u0259n sonra ba\u015f redaktor Emil N\u0259sirli \u201cAz\u0259rbaycan\u0131n dostu\u201d q\u0131z\u0131l ordenini Belarus Respublikas\u0131n\u0131n Prezidenti Aleksandr Luka\u015fenkoya t\u0259qdim edib. Az\u0259rbaycan il\u0259 Belarus aras\u0131ndak\u0131&hellip;<\/p>\n","protected":false},"author":2,"featured_media":364990,"comment_status":"closed","ping_status":"closed","sticky":false,"template":"","format":"standard","meta":{"om_disable_all_campaigns":false,"_monsterinsights_skip_tracking":false,"_monsterinsights_sitenote_active":false,"_monsterinsights_sitenote_note":"","_monsterinsights_sitenote_category":0},"categories":[4],"tags":[],"aioseo_notices":[],"gutentor_comment":0,"rttpg_featured_image_url":{"full":["https:\/\/arantv.az\/wp-content\/uploads\/2021\/08\/a682595416285867492861334101097376.jpg",975,540,false],"landscape":["https:\/\/arantv.az\/wp-content\/uploads\/2021\/08\/a682595416285867492861334101097376.jpg",975,540,false],"portraits":["https:\/\/arantv.az\/wp-content\/uploads\/2021\/08\/a682595416285867492861334101097376.jpg",975,540,false],"thumbnail":["https:\/\/arantv.az\/wp-content\/uploads\/2021\/08\/a682595416285867492861334101097376-500x280.jpg",500,280,true],"medium":["https:\/\/arantv.az\/wp-content\/uploads\/2021\/08\/a682595416285867492861334101097376-660x365.jpg",660,365,true],"large":["https:\/\/arantv.az\/wp-content\/uploads\/2021\/08\/a682595416285867492861334101097376-840x465.jpg",640,354,true],"1536x1536":["https:\/\/arantv.az\/wp-content\/uploads\/2021\/08\/a682595416285867492861334101097376.jpg",975,540,false],"2048x2048":["https:\/\/arantv.az\/wp-content\/uploads\/2021\/08\/a682595416285867492861334101097376.jpg",975,540,false],"post-thumbnail":["https:\/\/arantv.az\/wp-content\/uploads\/2021\/08\/a682595416285867492861334101097376-240x172.jpg",240,172,true],"advps-thumb-one":["https:\/\/arantv.az\/wp-content\/uploads\/2021\/08\/a682595416285867492861334101097376.jpg",975,540,false]},"rttpg_author":{"display_name":"V\u00fcsal Rafiqo\u011flu","author_link":"https:\/\/arantv.az\/?author=2"},"rttpg_comment":0,"rttpg_category":"<a href=\"https:\/\/arantv.az\/?cat=4\" rel=\"category\">Siyas\u0259t<\/a>","rttpg_excerpt":"Minsk \u015f\u0259h\u0259rind\u0259 Belarus Respublikas\u0131n\u0131n Prezidenti Aleksandr Luka\u015fenkoya Az\u0259rbaycan xalq\u0131na qarda\u015f v\u0259 dost m\u00fcnasib\u0259tin\u0259, Az\u0259rbaycanla ikit\u0259r\u0259fli \u0259laq\u0259l\u0259rin qurulmas\u0131nda, m\u00f6hk\u0259ml\u0259nm\u0259sind\u0259 v\u0259 inki\u015faf\u0131nda x\u00fcsusil\u0259 b\u00f6y\u00fck xidm\u0259tl\u0259rin\u0259 g\u00f6r\u0259 \u201cAz\u0259rbaycan\u0131m\u201d beyn\u0259lxalq jurnal\u0131n\u0131n t\u0259sis etdiyi \u201cAz\u0259rbaycan\u0131n dostu\u201d q\u0131z\u0131l ordeni t\u0259qdim olunub. ARANTV.AZ\u00a0 x\u0259b\u0259r verir ki,\u00a0&#8220;Az\u0259rbaycan\u0131m&#8221; beyn\u0259lxalq jurnal\u0131n\u0131n ba\u015f redaktoru Emil N\u0259sirli Minsk \u015f\u0259h\u0259rind\u0259 jurnalistl\u0259r, ictimaiyy\u0259t n\u00fcmay\u0259nd\u0259l\u0259ri, ekspert v\u0259 media ictimaiyy\u0259ti \u00fc\u00e7\u00fcn&hellip;","_links":{"self":[{"href":"https:\/\/arantv.az\/index.php?rest_route=\/wp\/v2\/posts\/364989"}],"collection":[{"href":"https:\/\/arantv.az\/index.php?rest_route=\/wp\/v2\/posts"}],"about":[{"href":"https:\/\/arantv.az\/index.php?rest_route=\/wp\/v2\/types\/post"}],"author":[{"embeddable":true,"href":"https:\/\/arantv.az\/index.php?rest_route=\/wp\/v2\/users\/2"}],"replies":[{"embeddable":true,"href":"https:\/\/arantv.az\/index.php?rest_route=%2Fwp%2Fv2%2Fcomments&post=364989"}],"version-history":[{"count":0,"href":"https:\/\/arantv.az\/index.php?rest_route=\/wp\/v2\/posts\/364989\/revisions"}],"wp:featuredmedia":[{"embeddable":true,"href":"https:\/\/arantv.az\/index.php?rest_route=\/wp\/v2\/media\/364990"}],"wp:attachment":[{"href":"https:\/\/arantv.az\/index.php?rest_route=%2Fwp%2Fv2%2Fmedia&parent=364989"}],"wp:term":[{"taxonomy":"category","embeddable":true,"href":"https:\/\/arantv.az\/index.php?rest_route=%2Fwp%2Fv2%2Fcategories&post=364989"},{"taxonomy":"post_tag","embeddable":true,"href":"https:\/\/arantv.az\/index.php?rest_route=%2Fwp%2Fv2%2Ftags&post=364989"}],"curies":[{"name":"wp","href":"https:\/\/api.w.org\/{rel}","templated":true}]}}