{"id":365039,"date":"2021-08-10T13:46:27","date_gmt":"2021-08-10T10:46:27","guid":{"rendered":"http:\/\/arantv.az\/?p=365039"},"modified":"2021-08-10T13:46:27","modified_gmt":"2021-08-10T10:46:27","slug":"ktmt-bas-katibi-baki-v%c9%99-ir%c9%99van-s%c9%99rh%c9%99dd%c9%99ki-v%c9%99ziyy%c9%99ti-dialoqla-t%c9%99nziml%c9%99y%c9%99-bil%c9%99r","status":"publish","type":"post","link":"https:\/\/arantv.az\/?p=365039","title":{"rendered":"KTMT Ba\u015f katibi: \u201cBak\u0131 v\u0259 \u0130r\u0259van s\u0259rh\u0259dd\u0259ki v\u0259ziyy\u0259ti dialoqla t\u0259nziml\u0259y\u0259 bil\u0259r\u201d"},"content":{"rendered":"<p>\u201cErm\u0259nistan-Az\u0259rbaycan s\u0259rh\u0259dind\u0259ki v\u0259ziyy\u0259tin siyasi yolla t\u0259nziml\u0259nm\u0259si imkanlar\u0131 t\u00fck\u0259nm\u0259yib\u201d.<\/p>\n<div id=\"AdviadNativeVideo0\" class=\"AdviadNativeVideo\"><\/div>\n<p>TASS-\u0131n m\u0259lumat\u0131na g\u00f6r\u0259, bu s\u00f6zl\u0259ri Erm\u0259nistanda s\u0259f\u0259rd\u0259 olan Kollektiv T\u0259hl\u00fck\u0259sizlik M\u00fcqavil\u0259si T\u0259\u015fkilat\u0131n\u0131n (KTMT) Ba\u015f katibi Stanislav Zas deyib.<\/p>\n<p>\u201c\u018fg\u0259r problemin h\u0259lli yollar\u0131ndan dan\u0131\u015fsaq, o zaman d\u00fc\u015f\u00fcn\u00fcr\u00fck ki, bu v\u0259ziyy\u0259tin siyasi yolla h\u0259lli imkanlar\u0131 t\u00fck\u0259nm\u0259yib, bu h\u0259r k\u0259s \u00fc\u00e7\u00fcn \u0259n yax\u015f\u0131 variant olard\u0131\u201d, &#8211; dey\u0259 S.Zas bildirib.<\/p>\n","protected":false},"excerpt":{"rendered":"<p>\u201cErm\u0259nistan-Az\u0259rbaycan s\u0259rh\u0259dind\u0259ki v\u0259ziyy\u0259tin siyasi yolla t\u0259nziml\u0259nm\u0259si imkanlar\u0131 t\u00fck\u0259nm\u0259yib\u201d. TASS-\u0131n m\u0259lumat\u0131na g\u00f6r\u0259, bu s\u00f6zl\u0259ri Erm\u0259nistanda s\u0259f\u0259rd\u0259 olan Kollektiv T\u0259hl\u00fck\u0259sizlik M\u00fcqavil\u0259si T\u0259\u015fkilat\u0131n\u0131n (KTMT) Ba\u015f katibi Stanislav Zas deyib. \u201c\u018fg\u0259r problemin h\u0259lli yollar\u0131ndan dan\u0131\u015fsaq, o zaman d\u00fc\u015f\u00fcn\u00fcr\u00fck ki, bu v\u0259ziyy\u0259tin siyasi yolla h\u0259lli imkanlar\u0131 t\u00fck\u0259nm\u0259yib, bu h\u0259r k\u0259s \u00fc\u00e7\u00fcn \u0259n yax\u015f\u0131 variant olard\u0131\u201d, &#8211; dey\u0259 S.Zas bildirib.<\/p>\n","protected":false},"author":2,"featured_media":365040,"comment_status":"closed","ping_status":"closed","sticky":false,"template":"","format":"standard","meta":{"om_disable_all_campaigns":false,"_monsterinsights_skip_tracking":false,"_monsterinsights_sitenote_active":false,"_monsterinsights_sitenote_note":"","_monsterinsights_sitenote_category":0},"categories":[4],"tags":[],"aioseo_notices":[],"gutentor_comment":0,"rttpg_featured_image_url":{"full":["https:\/\/arantv.az\/wp-content\/uploads\/2021\/08\/56-13.jpg",620,413,false],"landscape":["https:\/\/arantv.az\/wp-content\/uploads\/2021\/08\/56-13.jpg",620,413,false],"portraits":["https:\/\/arantv.az\/wp-content\/uploads\/2021\/08\/56-13.jpg",620,413,false],"thumbnail":["https:\/\/arantv.az\/wp-content\/uploads\/2021\/08\/56-13-500x280.jpg",500,280,true],"medium":["https:\/\/arantv.az\/wp-content\/uploads\/2021\/08\/56-13-548x365.jpg",548,365,true],"large":["https:\/\/arantv.az\/wp-content\/uploads\/2021\/08\/56-13.jpg",620,413,false],"1536x1536":["https:\/\/arantv.az\/wp-content\/uploads\/2021\/08\/56-13.jpg",620,413,false],"2048x2048":["https:\/\/arantv.az\/wp-content\/uploads\/2021\/08\/56-13.jpg",620,413,false],"post-thumbnail":["https:\/\/arantv.az\/wp-content\/uploads\/2021\/08\/56-13-240x172.jpg",240,172,true],"advps-thumb-one":["https:\/\/arantv.az\/wp-content\/uploads\/2021\/08\/56-13.jpg",620,413,false]},"rttpg_author":{"display_name":"V\u00fcsal Rafiqo\u011flu","author_link":"https:\/\/arantv.az\/?author=2"},"rttpg_comment":0,"rttpg_category":"<a href=\"https:\/\/arantv.az\/?cat=4\" rel=\"category\">Siyas\u0259t<\/a>","rttpg_excerpt":"\u201cErm\u0259nistan-Az\u0259rbaycan s\u0259rh\u0259dind\u0259ki v\u0259ziyy\u0259tin siyasi yolla t\u0259nziml\u0259nm\u0259si imkanlar\u0131 t\u00fck\u0259nm\u0259yib\u201d. TASS-\u0131n m\u0259lumat\u0131na g\u00f6r\u0259, bu s\u00f6zl\u0259ri Erm\u0259nistanda s\u0259f\u0259rd\u0259 olan Kollektiv T\u0259hl\u00fck\u0259sizlik M\u00fcqavil\u0259si T\u0259\u015fkilat\u0131n\u0131n (KTMT) Ba\u015f katibi Stanislav Zas deyib. \u201c\u018fg\u0259r problemin h\u0259lli yollar\u0131ndan dan\u0131\u015fsaq, o zaman d\u00fc\u015f\u00fcn\u00fcr\u00fck ki, bu v\u0259ziyy\u0259tin siyasi yolla h\u0259lli imkanlar\u0131 t\u00fck\u0259nm\u0259yib, bu h\u0259r k\u0259s \u00fc\u00e7\u00fcn \u0259n yax\u015f\u0131 variant olard\u0131\u201d, &#8211; dey\u0259 S.Zas bildirib.","_links":{"self":[{"href":"https:\/\/arantv.az\/index.php?rest_route=\/wp\/v2\/posts\/365039"}],"collection":[{"href":"https:\/\/arantv.az\/index.php?rest_route=\/wp\/v2\/posts"}],"about":[{"href":"https:\/\/arantv.az\/index.php?rest_route=\/wp\/v2\/types\/post"}],"author":[{"embeddable":true,"href":"https:\/\/arantv.az\/index.php?rest_route=\/wp\/v2\/users\/2"}],"replies":[{"embeddable":true,"href":"https:\/\/arantv.az\/index.php?rest_route=%2Fwp%2Fv2%2Fcomments&post=365039"}],"version-history":[{"count":0,"href":"https:\/\/arantv.az\/index.php?rest_route=\/wp\/v2\/posts\/365039\/revisions"}],"wp:featuredmedia":[{"embeddable":true,"href":"https:\/\/arantv.az\/index.php?rest_route=\/wp\/v2\/media\/365040"}],"wp:attachment":[{"href":"https:\/\/arantv.az\/index.php?rest_route=%2Fwp%2Fv2%2Fmedia&parent=365039"}],"wp:term":[{"taxonomy":"category","embeddable":true,"href":"https:\/\/arantv.az\/index.php?rest_route=%2Fwp%2Fv2%2Fcategories&post=365039"},{"taxonomy":"post_tag","embeddable":true,"href":"https:\/\/arantv.az\/index.php?rest_route=%2Fwp%2Fv2%2Ftags&post=365039"}],"curies":[{"name":"wp","href":"https:\/\/api.w.org\/{rel}","templated":true}]}}