{"id":365050,"date":"2021-08-10T13:50:21","date_gmt":"2021-08-10T10:50:21","guid":{"rendered":"http:\/\/arantv.az\/?p=365050"},"modified":"2021-08-10T13:50:21","modified_gmt":"2021-08-10T10:50:21","slug":"sabiq-nazir-muavini-m%c9%99hk%c9%99m%c9%99d%c9%99n-vaxt-ist%c9%99yib","status":"publish","type":"post","link":"https:\/\/arantv.az\/?p=365050","title":{"rendered":"Sabiq nazir m\u00fcavini m\u0259hk\u0259m\u0259d\u0259n vaxt ist\u0259yib"},"content":{"rendered":"<p>Bu g\u00fcn Bak\u0131 A\u011f\u0131r Cinay\u0259tl\u0259r M\u0259hk\u0259m\u0259sind\u0259 m\u0259d\u0259niyy\u0259t nazirinin sabiq m\u00fcavini Rafiq Bayramovun cinay\u0259t i\u015fi \u00fczr\u0259 m\u0259hk\u0259m\u0259 iclas\u0131 davam etdirilib.<\/p>\n<p><strong>ARANTV.AZ x\u0259b\u0259r verir ki,<\/strong>\u00a0\u00a0hakim \u018ffqan Hac\u0131yevin s\u0259drliyi il\u0259 ke\u00e7iril\u0259n prosesd\u0259 t\u0259qsirl\u0259ndiril\u0259n \u015f\u0259xsin v\u0259kili \u00e7\u0131x\u0131\u015f edib.\u00a0V\u0259kil \u00e7\u0131x\u0131\u015f\u0131nda m\u00fcdafi\u0259 etdiyi \u015f\u0259xs bar\u0259sind\u0259 t\u0259qdim olunan ittihamlarla raz\u0131 olmad\u0131qlar\u0131n\u0131 bildirib.\u00a0M\u00fcdafi\u0259 t\u0259r\u0259fi h\u0259m\u00e7inin t\u0259qsirl\u0259ndiril\u0259n \u015f\u0259xsin \u0259m\u0259khaqq\u0131 hesab\u0131na qoyulan h\u0259bsin g\u00f6t\u00fcr\u00fclm\u0259sini ist\u0259yib.\u00a0Sabiq nazir m\u00fcavini son s\u00f6z dem\u0259k \u00fc\u00e7\u00fcn m\u0259hk\u0259m\u0259d\u0259n vaxt ist\u0259yib.<\/p>\n<p>Proses t\u0259xir\u0259 sal\u0131n\u0131b.<\/p>\n<p>Qeyd ed\u0259k ki, prokuror R. Bayramovun 10 il m\u00fcdd\u0259tin\u0259 azadl\u0131qdan m\u0259hrum edilm\u0259sini ist\u0259yib.<\/p>\n","protected":false},"excerpt":{"rendered":"<p>Bu g\u00fcn Bak\u0131 A\u011f\u0131r Cinay\u0259tl\u0259r M\u0259hk\u0259m\u0259sind\u0259 m\u0259d\u0259niyy\u0259t nazirinin sabiq m\u00fcavini Rafiq Bayramovun cinay\u0259t i\u015fi \u00fczr\u0259 m\u0259hk\u0259m\u0259 iclas\u0131 davam etdirilib. ARANTV.AZ x\u0259b\u0259r verir ki,\u00a0\u00a0hakim \u018ffqan Hac\u0131yevin s\u0259drliyi il\u0259 ke\u00e7iril\u0259n prosesd\u0259 t\u0259qsirl\u0259ndiril\u0259n \u015f\u0259xsin v\u0259kili \u00e7\u0131x\u0131\u015f edib.\u00a0V\u0259kil \u00e7\u0131x\u0131\u015f\u0131nda m\u00fcdafi\u0259 etdiyi \u015f\u0259xs bar\u0259sind\u0259 t\u0259qdim olunan ittihamlarla raz\u0131 olmad\u0131qlar\u0131n\u0131 bildirib.\u00a0M\u00fcdafi\u0259 t\u0259r\u0259fi h\u0259m\u00e7inin t\u0259qsirl\u0259ndiril\u0259n \u015f\u0259xsin \u0259m\u0259khaqq\u0131 hesab\u0131na qoyulan h\u0259bsin g\u00f6t\u00fcr\u00fclm\u0259sini ist\u0259yib.\u00a0Sabiq nazir m\u00fcavini son s\u00f6z dem\u0259k \u00fc\u00e7\u00fcn m\u0259hk\u0259m\u0259d\u0259n vaxt ist\u0259yib. Proses t\u0259xir\u0259 sal\u0131n\u0131b. Qeyd ed\u0259k ki, prokuror R. Bayramovun 10 il m\u00fcdd\u0259tin\u0259 azadl\u0131qdan m\u0259hrum edilm\u0259sini ist\u0259yib.<\/p>\n","protected":false},"author":2,"featured_media":365051,"comment_status":"closed","ping_status":"closed","sticky":false,"template":"","format":"standard","meta":{"om_disable_all_campaigns":false,"_monsterinsights_skip_tracking":false,"_monsterinsights_sitenote_active":false,"_monsterinsights_sitenote_note":"","_monsterinsights_sitenote_category":0},"categories":[26],"tags":[],"aioseo_notices":[],"gutentor_comment":0,"rttpg_featured_image_url":{"full":["https:\/\/arantv.az\/wp-content\/uploads\/2021\/08\/14e422f0162859233869069092610511758.jpg",975,540,false],"landscape":["https:\/\/arantv.az\/wp-content\/uploads\/2021\/08\/14e422f0162859233869069092610511758.jpg",975,540,false],"portraits":["https:\/\/arantv.az\/wp-content\/uploads\/2021\/08\/14e422f0162859233869069092610511758.jpg",975,540,false],"thumbnail":["https:\/\/arantv.az\/wp-content\/uploads\/2021\/08\/14e422f0162859233869069092610511758-500x280.jpg",500,280,true],"medium":["https:\/\/arantv.az\/wp-content\/uploads\/2021\/08\/14e422f0162859233869069092610511758-660x365.jpg",660,365,true],"large":["https:\/\/arantv.az\/wp-content\/uploads\/2021\/08\/14e422f0162859233869069092610511758-840x465.jpg",640,354,true],"1536x1536":["https:\/\/arantv.az\/wp-content\/uploads\/2021\/08\/14e422f0162859233869069092610511758.jpg",975,540,false],"2048x2048":["https:\/\/arantv.az\/wp-content\/uploads\/2021\/08\/14e422f0162859233869069092610511758.jpg",975,540,false],"post-thumbnail":["https:\/\/arantv.az\/wp-content\/uploads\/2021\/08\/14e422f0162859233869069092610511758-240x172.jpg",240,172,true],"advps-thumb-one":["https:\/\/arantv.az\/wp-content\/uploads\/2021\/08\/14e422f0162859233869069092610511758.jpg",975,540,false]},"rttpg_author":{"display_name":"V\u00fcsal Rafiqo\u011flu","author_link":"https:\/\/arantv.az\/?author=2"},"rttpg_comment":0,"rttpg_category":"<a href=\"https:\/\/arantv.az\/?cat=26\" rel=\"category\">Sosial<\/a>","rttpg_excerpt":"Bu g\u00fcn Bak\u0131 A\u011f\u0131r Cinay\u0259tl\u0259r M\u0259hk\u0259m\u0259sind\u0259 m\u0259d\u0259niyy\u0259t nazirinin sabiq m\u00fcavini Rafiq Bayramovun cinay\u0259t i\u015fi \u00fczr\u0259 m\u0259hk\u0259m\u0259 iclas\u0131 davam etdirilib. ARANTV.AZ x\u0259b\u0259r verir ki,\u00a0\u00a0hakim \u018ffqan Hac\u0131yevin s\u0259drliyi il\u0259 ke\u00e7iril\u0259n prosesd\u0259 t\u0259qsirl\u0259ndiril\u0259n \u015f\u0259xsin v\u0259kili \u00e7\u0131x\u0131\u015f edib.\u00a0V\u0259kil \u00e7\u0131x\u0131\u015f\u0131nda m\u00fcdafi\u0259 etdiyi \u015f\u0259xs bar\u0259sind\u0259 t\u0259qdim olunan ittihamlarla raz\u0131 olmad\u0131qlar\u0131n\u0131 bildirib.\u00a0M\u00fcdafi\u0259 t\u0259r\u0259fi h\u0259m\u00e7inin t\u0259qsirl\u0259ndiril\u0259n \u015f\u0259xsin \u0259m\u0259khaqq\u0131 hesab\u0131na qoyulan h\u0259bsin g\u00f6t\u00fcr\u00fclm\u0259sini ist\u0259yib.\u00a0Sabiq&hellip;","_links":{"self":[{"href":"https:\/\/arantv.az\/index.php?rest_route=\/wp\/v2\/posts\/365050"}],"collection":[{"href":"https:\/\/arantv.az\/index.php?rest_route=\/wp\/v2\/posts"}],"about":[{"href":"https:\/\/arantv.az\/index.php?rest_route=\/wp\/v2\/types\/post"}],"author":[{"embeddable":true,"href":"https:\/\/arantv.az\/index.php?rest_route=\/wp\/v2\/users\/2"}],"replies":[{"embeddable":true,"href":"https:\/\/arantv.az\/index.php?rest_route=%2Fwp%2Fv2%2Fcomments&post=365050"}],"version-history":[{"count":0,"href":"https:\/\/arantv.az\/index.php?rest_route=\/wp\/v2\/posts\/365050\/revisions"}],"wp:featuredmedia":[{"embeddable":true,"href":"https:\/\/arantv.az\/index.php?rest_route=\/wp\/v2\/media\/365051"}],"wp:attachment":[{"href":"https:\/\/arantv.az\/index.php?rest_route=%2Fwp%2Fv2%2Fmedia&parent=365050"}],"wp:term":[{"taxonomy":"category","embeddable":true,"href":"https:\/\/arantv.az\/index.php?rest_route=%2Fwp%2Fv2%2Fcategories&post=365050"},{"taxonomy":"post_tag","embeddable":true,"href":"https:\/\/arantv.az\/index.php?rest_route=%2Fwp%2Fv2%2Ftags&post=365050"}],"curies":[{"name":"wp","href":"https:\/\/api.w.org\/{rel}","templated":true}]}}