{"id":365059,"date":"2021-08-10T13:55:33","date_gmt":"2021-08-10T10:55:33","guid":{"rendered":"http:\/\/arantv.az\/?p=365059"},"modified":"2021-08-10T13:55:33","modified_gmt":"2021-08-10T10:55:33","slug":"6-il-%c9%99vv%c9%99l-prezident-sarayina-d%c9%99v%c9%99t-olunan-umid-ada-ya-daxil-oldu","status":"publish","type":"post","link":"https:\/\/arantv.az\/?p=365059","title":{"rendered":"6 il \u0259vv\u0259l Prezident Saray\u0131na d\u0259v\u0259t olunan \u00dcmid ADA-ya daxil oldu"},"content":{"rendered":"<p>6 il \u0259vv\u0259l G\u0259nc\u0259d\u0259n olan m\u0259kt\u0259bli \u00dcmid H\u0259bibov Az\u0259rbaycan Prezidenti \u0130lham \u018fliyev\u0259 g\u0259l\u0259c\u0259kd\u0259 ADA Universitetin\u0259 q\u0259bul olma\u011f\u0131 arzulad\u0131\u011f\u0131n\u0131 demi\u015fdi.<\/p>\n<p><strong>ARANTV.AZ \u00a0<\/strong>&#8220;qafqazinfo&#8221;ya istinad\u0259n\u00a0<a title=\"xeberler son xeberler 2021\" href=\"https:\/\/big.az\/\" target=\"_blank\" rel=\"noopener\">x\u0259b\u0259r<\/a>\u00a0verir ki, bunu universitetin prorektoru Fariz \u0130smay\u0131lzad\u0259 feysbukda bildirib.<\/p>\n<div id=\"AdviadNativeVideo0\" class=\"AdviadNativeVideo\"><\/div>\n<p>&#8220;Bu g\u00fcn \u00dcmid biz\u0259 qonaq g\u0259ldi v\u0259 kampusu g\u0259zdi&#8221;, &#8211; o yaz\u0131b.<\/p>\n<p>Qeyd etm\u0259k laz\u0131md\u0131r ki, \u00dcmid bu il m\u0259kt\u0259bi bitirib v\u0259 q\u0259bul imtahan\u0131nda y\u00fcks\u0259k bal toplay\u0131b. O, ali t\u0259hsil \u00fc\u00e7\u00fcn ADA Universitetini se\u00e7ib.<\/p>\n<p>H\u0259l\u0259 2014-c\u00fc il oktyabr\u0131n 18-d\u0259 Prezident \u0130lham \u018fliyev v\u0259 xan\u0131m\u0131 Mehriban \u018fliyeva G\u0259nc\u0259d\u0259 s\u0259f\u0259rd\u0259 olark\u0259n \u015f\u0259h\u0259rin g\u0259nc sakini \u00dcmid H\u0259bibov onlara yax\u0131nla\u015fm\u0131\u015f v\u0259 Prezidentl\u0259 xan\u0131m\u0131n\u0131ndan onun do\u011fum g\u00fcn\u00fcnd\u0259 i\u015ftirak etm\u0259l\u0259rini xahi\u015f etmi\u015fdi.<\/p>\n<p>\u0130lham \u018fliyev v\u0259 Mehriban \u018fliyeva onun bu xahi\u015fini yerin\u0259 yetir\u0259c\u0259kl\u0259rin\u0259 s\u00f6z vermi\u015fdil\u0259r. 2015-ci il mart\u0131n 19-da \u00dcmid do\u011fum g\u00fcn\u00fc m\u00fcnasib\u0259til\u0259 Prezident Saray\u0131na \u00e7ay s\u00fcfr\u0259sin\u0259 d\u0259v\u0259t edilmi\u015fdi.<\/p>\n<p><img class=\"imgbcode\" src=\"https:\/\/upload.az\/foto\/arxiv\/p1_41628592577.jpg\" alt=\"6 il \u0259vv\u0259l Prezident Saray\u0131na d\u0259v\u0259t olunan \u00dcmid ADA-ya daxil oldu\" \/><img class=\"imgbcode\" src=\"https:\/\/upload.az\/foto\/arxiv\/p2_51628592577.jpg\" alt=\"6 il \u0259vv\u0259l Prezident Saray\u0131na d\u0259v\u0259t olunan \u00dcmid ADA-ya daxil oldu\" \/><img class=\"imgbcode\" src=\"https:\/\/upload.az\/foto\/arxiv\/p3_91628592577.jpg\" alt=\"6 il \u0259vv\u0259l Prezident Saray\u0131na d\u0259v\u0259t olunan \u00dcmid ADA-ya daxil oldu\" \/><\/p>\n","protected":false},"excerpt":{"rendered":"<p>6 il \u0259vv\u0259l G\u0259nc\u0259d\u0259n olan m\u0259kt\u0259bli \u00dcmid H\u0259bibov Az\u0259rbaycan Prezidenti \u0130lham \u018fliyev\u0259 g\u0259l\u0259c\u0259kd\u0259 ADA Universitetin\u0259 q\u0259bul olma\u011f\u0131 arzulad\u0131\u011f\u0131n\u0131 demi\u015fdi. ARANTV.AZ \u00a0&#8220;qafqazinfo&#8221;ya istinad\u0259n\u00a0x\u0259b\u0259r\u00a0verir ki, bunu universitetin prorektoru Fariz \u0130smay\u0131lzad\u0259 feysbukda bildirib. &#8220;Bu g\u00fcn \u00dcmid biz\u0259 qonaq g\u0259ldi v\u0259 kampusu g\u0259zdi&#8221;, &#8211; o yaz\u0131b. Qeyd etm\u0259k laz\u0131md\u0131r ki, \u00dcmid bu il m\u0259kt\u0259bi bitirib v\u0259 q\u0259bul imtahan\u0131nda y\u00fcks\u0259k bal toplay\u0131b. O, ali t\u0259hsil \u00fc\u00e7\u00fcn ADA Universitetini se\u00e7ib. H\u0259l\u0259 2014-c\u00fc il oktyabr\u0131n 18-d\u0259 Prezident \u0130lham \u018fliyev v\u0259 xan\u0131m\u0131 Mehriban \u018fliyeva G\u0259nc\u0259d\u0259 s\u0259f\u0259rd\u0259 olark\u0259n \u015f\u0259h\u0259rin g\u0259nc sakini \u00dcmid H\u0259bibov onlara yax\u0131nla\u015fm\u0131\u015f v\u0259 Prezidentl\u0259 xan\u0131m\u0131n\u0131ndan onun&hellip;<\/p>\n","protected":false},"author":2,"featured_media":365060,"comment_status":"closed","ping_status":"closed","sticky":false,"template":"","format":"standard","meta":{"om_disable_all_campaigns":false,"_monsterinsights_skip_tracking":false,"_monsterinsights_sitenote_active":false,"_monsterinsights_sitenote_note":"","_monsterinsights_sitenote_category":0},"categories":[1],"tags":[],"aioseo_notices":[],"gutentor_comment":0,"rttpg_featured_image_url":{"full":["https:\/\/arantv.az\/wp-content\/uploads\/2021\/08\/alti_41628592514.jpg",649,419,false],"landscape":["https:\/\/arantv.az\/wp-content\/uploads\/2021\/08\/alti_41628592514.jpg",649,419,false],"portraits":["https:\/\/arantv.az\/wp-content\/uploads\/2021\/08\/alti_41628592514.jpg",649,419,false],"thumbnail":["https:\/\/arantv.az\/wp-content\/uploads\/2021\/08\/alti_41628592514-500x280.jpg",500,280,true],"medium":["https:\/\/arantv.az\/wp-content\/uploads\/2021\/08\/alti_41628592514-565x365.jpg",565,365,true],"large":["https:\/\/arantv.az\/wp-content\/uploads\/2021\/08\/alti_41628592514.jpg",640,413,false],"1536x1536":["https:\/\/arantv.az\/wp-content\/uploads\/2021\/08\/alti_41628592514.jpg",649,419,false],"2048x2048":["https:\/\/arantv.az\/wp-content\/uploads\/2021\/08\/alti_41628592514.jpg",649,419,false],"post-thumbnail":["https:\/\/arantv.az\/wp-content\/uploads\/2021\/08\/alti_41628592514-240x172.jpg",240,172,true],"advps-thumb-one":["https:\/\/arantv.az\/wp-content\/uploads\/2021\/08\/alti_41628592514.jpg",649,419,false]},"rttpg_author":{"display_name":"V\u00fcsal Rafiqo\u011flu","author_link":"https:\/\/arantv.az\/?author=2"},"rttpg_comment":0,"rttpg_category":"<a href=\"https:\/\/arantv.az\/?cat=1\" rel=\"category\">C\u0259miyy\u0259t<\/a>","rttpg_excerpt":"6 il \u0259vv\u0259l G\u0259nc\u0259d\u0259n olan m\u0259kt\u0259bli \u00dcmid H\u0259bibov Az\u0259rbaycan Prezidenti \u0130lham \u018fliyev\u0259 g\u0259l\u0259c\u0259kd\u0259 ADA Universitetin\u0259 q\u0259bul olma\u011f\u0131 arzulad\u0131\u011f\u0131n\u0131 demi\u015fdi. ARANTV.AZ \u00a0&#8220;qafqazinfo&#8221;ya istinad\u0259n\u00a0x\u0259b\u0259r\u00a0verir ki, bunu universitetin prorektoru Fariz \u0130smay\u0131lzad\u0259 feysbukda bildirib. &#8220;Bu g\u00fcn \u00dcmid biz\u0259 qonaq g\u0259ldi v\u0259 kampusu g\u0259zdi&#8221;, &#8211; o yaz\u0131b. Qeyd etm\u0259k laz\u0131md\u0131r ki, \u00dcmid bu il m\u0259kt\u0259bi bitirib v\u0259 q\u0259bul imtahan\u0131nda y\u00fcks\u0259k&hellip;","_links":{"self":[{"href":"https:\/\/arantv.az\/index.php?rest_route=\/wp\/v2\/posts\/365059"}],"collection":[{"href":"https:\/\/arantv.az\/index.php?rest_route=\/wp\/v2\/posts"}],"about":[{"href":"https:\/\/arantv.az\/index.php?rest_route=\/wp\/v2\/types\/post"}],"author":[{"embeddable":true,"href":"https:\/\/arantv.az\/index.php?rest_route=\/wp\/v2\/users\/2"}],"replies":[{"embeddable":true,"href":"https:\/\/arantv.az\/index.php?rest_route=%2Fwp%2Fv2%2Fcomments&post=365059"}],"version-history":[{"count":0,"href":"https:\/\/arantv.az\/index.php?rest_route=\/wp\/v2\/posts\/365059\/revisions"}],"wp:featuredmedia":[{"embeddable":true,"href":"https:\/\/arantv.az\/index.php?rest_route=\/wp\/v2\/media\/365060"}],"wp:attachment":[{"href":"https:\/\/arantv.az\/index.php?rest_route=%2Fwp%2Fv2%2Fmedia&parent=365059"}],"wp:term":[{"taxonomy":"category","embeddable":true,"href":"https:\/\/arantv.az\/index.php?rest_route=%2Fwp%2Fv2%2Fcategories&post=365059"},{"taxonomy":"post_tag","embeddable":true,"href":"https:\/\/arantv.az\/index.php?rest_route=%2Fwp%2Fv2%2Ftags&post=365059"}],"curies":[{"name":"wp","href":"https:\/\/api.w.org\/{rel}","templated":true}]}}