{"id":365068,"date":"2021-08-10T14:05:37","date_gmt":"2021-08-10T11:05:37","guid":{"rendered":"http:\/\/arantv.az\/?p=365068"},"modified":"2021-08-10T14:05:37","modified_gmt":"2021-08-10T11:05:37","slug":"sabiq-nazir-v%c9%99t%c9%99n%c9%99-qayidir-g%c9%99r%c9%99k-bel%c9%99-olmayaydi","status":"publish","type":"post","link":"https:\/\/arantv.az\/?p=365068","title":{"rendered":"Sabiq nazir V\u0259t\u0259n\u0259 qay\u0131d\u0131r: \u201cG\u0259r\u0259k bel\u0259 olmayayd\u0131\u2026\u201d"},"content":{"rendered":"<p><strong>&#8220;\u00d6mr\u00fcn daha bir s\u0259hif\u0259si qapan\u0131r. Sabah V\u0259t\u0259n\u0259 d\u00f6n\u00fcr\u00fck&#8221;.<\/strong><\/p>\n<p><strong>ARANTV.AZ<\/strong>\u00a0 modern.az-a istinad\u0259n x\u0259b\u0259r verir ki, bunu Az\u0259rbaycan\u0131n Macar\u0131standak\u0131 sabiq s\u0259firi Vilay\u0259t Quliyev deyib.<\/p>\n<p>H\u0259yat\u0131n\u0131n bir hiss\u0259sini Macar\u0131standa ke\u00e7ir\u0259n ke\u00e7mi\u015f s\u0259fir t\u0259\u0259ss\u00fcratlar\u0131n\u0131 sosial \u015f\u0259b\u0259k\u0259 hesab\u0131nda b\u00f6l\u00fc\u015f\u00fcb:<\/p>\n<p>&#8220;Bir az astag\u0259l, \u00e7oxdan\u0131\u015fan olsalar da, sad\u0259liyi v\u0259 s\u0259mimiliyi il\u0259 se\u00e7il\u0259n macar insan\u0131n\u0131 sevdim. M\u0259n\u0259 \u00e7ox do\u011fma, \u00e7ox yax\u0131n g\u00f6r\u00fcnd\u00fcl\u0259r.<\/p>\n<p>Siyas\u0259t\u00e7il\u0259rl\u0259 faydal\u0131 t\u0259mas qurduq. Elm adamlar\u0131 aras\u0131nda \u00e7oxlu dostlar tapd\u0131m. Xalqlar\u0131m\u0131z\u0131, \u00f6lk\u0259l\u0259rimizi yax\u0131nla\u015fd\u0131rmaq, biri-birin\u0259 daha yax\u015f\u0131 tan\u0131tmaq \u00fc\u00e7\u00fcn birg\u0259 \u00e7al\u0131\u015fd\u0131q. Ail\u0259mizin &#8211; h\u0259mi\u015f\u0259 m\u0259n\u0259 dayaq olan xan\u0131m\u0131m\u0131n, \u00f6vladlar\u0131m\u0131z\u0131n &#8211; \u015eamill\u0259 Humay\u0131n \u00e7oxlu sevincli g\u00fcnl\u0259rinin \u00fcnvan\u0131 Budape\u015ft oldu&#8230; V\u0259 t\u0259\u0259ss\u00fcf ki, \u00fcr\u0259yimizi par\u00e7alayan, d\u00fcnyan\u0131 ba\u015f\u0131m\u0131za dar ed\u0259n \u0259n d\u0259h\u015f\u0259tli x\u0259b\u0259ri d\u0259 burada ald\u0131q. N\u0259 q\u0259d\u0259r a\u011f\u0131r, iztirabl\u0131 olsa da, ayaqda qalma\u011fa v\u0259 Allah\u0131n b\u0259x\u015f el\u0259diyi \u00f6mr\u00fc l\u0259yaq\u0259tl\u0259 ya\u015fama\u011fa \u00e7al\u0131\u015f\u0131r\u0131q&#8230; Amma g\u0259r\u0259k bel\u0259 olmayayd\u0131!&#8221;.Qeyd ed\u0259k ki, sabiq X\u0130N r\u0259hb\u0259ri V. Quliyev bu yax\u0131nlarda Prezident \u0130lham \u018fliyevin s\u0259r\u0259ncam\u0131 il\u0259 Az\u0259rbaycan\u0131n Macar\u0131standa f\u00f6vq\u0259lad\u0259 v\u0259 s\u0259lahiyy\u0259tli s\u0259firi v\u0259zif\u0259sind\u0259n geri \u00e7a\u011f\u0131r\u0131l\u0131b. O, 11 il \u00f6lk\u0259mizin\u00a0Budape\u015ftd\u0259 s\u0259firi v\u0259zif\u0259sind\u0259 \u00e7al\u0131\u015f\u0131b.<\/p>\n","protected":false},"excerpt":{"rendered":"<p>&#8220;\u00d6mr\u00fcn daha bir s\u0259hif\u0259si qapan\u0131r. Sabah V\u0259t\u0259n\u0259 d\u00f6n\u00fcr\u00fck&#8221;. ARANTV.AZ\u00a0 modern.az-a istinad\u0259n x\u0259b\u0259r verir ki, bunu Az\u0259rbaycan\u0131n Macar\u0131standak\u0131 sabiq s\u0259firi Vilay\u0259t Quliyev deyib. H\u0259yat\u0131n\u0131n bir hiss\u0259sini Macar\u0131standa ke\u00e7ir\u0259n ke\u00e7mi\u015f s\u0259fir t\u0259\u0259ss\u00fcratlar\u0131n\u0131 sosial \u015f\u0259b\u0259k\u0259 hesab\u0131nda b\u00f6l\u00fc\u015f\u00fcb: &#8220;Bir az astag\u0259l, \u00e7oxdan\u0131\u015fan olsalar da, sad\u0259liyi v\u0259 s\u0259mimiliyi il\u0259 se\u00e7il\u0259n macar insan\u0131n\u0131 sevdim. M\u0259n\u0259 \u00e7ox do\u011fma, \u00e7ox yax\u0131n g\u00f6r\u00fcnd\u00fcl\u0259r. Siyas\u0259t\u00e7il\u0259rl\u0259 faydal\u0131 t\u0259mas qurduq. Elm adamlar\u0131 aras\u0131nda \u00e7oxlu dostlar tapd\u0131m. Xalqlar\u0131m\u0131z\u0131, \u00f6lk\u0259l\u0259rimizi yax\u0131nla\u015fd\u0131rmaq, biri-birin\u0259 daha yax\u015f\u0131 tan\u0131tmaq \u00fc\u00e7\u00fcn birg\u0259 \u00e7al\u0131\u015fd\u0131q. Ail\u0259mizin &#8211; h\u0259mi\u015f\u0259 m\u0259n\u0259 dayaq olan xan\u0131m\u0131m\u0131n, \u00f6vladlar\u0131m\u0131z\u0131n &#8211; \u015eamill\u0259 Humay\u0131n \u00e7oxlu sevincli g\u00fcnl\u0259rinin \u00fcnvan\u0131 Budape\u015ft&hellip;<\/p>\n","protected":false},"author":2,"featured_media":365069,"comment_status":"closed","ping_status":"closed","sticky":false,"template":"","format":"standard","meta":{"om_disable_all_campaigns":false,"_monsterinsights_skip_tracking":false,"_monsterinsights_sitenote_active":false,"_monsterinsights_sitenote_note":"","_monsterinsights_sitenote_category":0},"categories":[26],"tags":[],"aioseo_notices":[],"gutentor_comment":0,"rttpg_featured_image_url":{"full":["https:\/\/arantv.az\/wp-content\/uploads\/2021\/08\/971158.jpg",800,600,false],"landscape":["https:\/\/arantv.az\/wp-content\/uploads\/2021\/08\/971158.jpg",800,600,false],"portraits":["https:\/\/arantv.az\/wp-content\/uploads\/2021\/08\/971158.jpg",800,600,false],"thumbnail":["https:\/\/arantv.az\/wp-content\/uploads\/2021\/08\/971158-500x280.jpg",500,280,true],"medium":["https:\/\/arantv.az\/wp-content\/uploads\/2021\/08\/971158-487x365.jpg",487,365,true],"large":["https:\/\/arantv.az\/wp-content\/uploads\/2021\/08\/971158.jpg",640,480,false],"1536x1536":["https:\/\/arantv.az\/wp-content\/uploads\/2021\/08\/971158.jpg",800,600,false],"2048x2048":["https:\/\/arantv.az\/wp-content\/uploads\/2021\/08\/971158.jpg",800,600,false],"post-thumbnail":["https:\/\/arantv.az\/wp-content\/uploads\/2021\/08\/971158-240x172.jpg",240,172,true],"advps-thumb-one":["https:\/\/arantv.az\/wp-content\/uploads\/2021\/08\/971158.jpg",800,600,false]},"rttpg_author":{"display_name":"V\u00fcsal Rafiqo\u011flu","author_link":"https:\/\/arantv.az\/?author=2"},"rttpg_comment":0,"rttpg_category":"<a href=\"https:\/\/arantv.az\/?cat=26\" rel=\"category\">Sosial<\/a>","rttpg_excerpt":"&#8220;\u00d6mr\u00fcn daha bir s\u0259hif\u0259si qapan\u0131r. Sabah V\u0259t\u0259n\u0259 d\u00f6n\u00fcr\u00fck&#8221;. ARANTV.AZ\u00a0 modern.az-a istinad\u0259n x\u0259b\u0259r verir ki, bunu Az\u0259rbaycan\u0131n Macar\u0131standak\u0131 sabiq s\u0259firi Vilay\u0259t Quliyev deyib. H\u0259yat\u0131n\u0131n bir hiss\u0259sini Macar\u0131standa ke\u00e7ir\u0259n ke\u00e7mi\u015f s\u0259fir t\u0259\u0259ss\u00fcratlar\u0131n\u0131 sosial \u015f\u0259b\u0259k\u0259 hesab\u0131nda b\u00f6l\u00fc\u015f\u00fcb: &#8220;Bir az astag\u0259l, \u00e7oxdan\u0131\u015fan olsalar da, sad\u0259liyi v\u0259 s\u0259mimiliyi il\u0259 se\u00e7il\u0259n macar insan\u0131n\u0131 sevdim. M\u0259n\u0259 \u00e7ox do\u011fma, \u00e7ox yax\u0131n g\u00f6r\u00fcnd\u00fcl\u0259r. Siyas\u0259t\u00e7il\u0259rl\u0259&hellip;","_links":{"self":[{"href":"https:\/\/arantv.az\/index.php?rest_route=\/wp\/v2\/posts\/365068"}],"collection":[{"href":"https:\/\/arantv.az\/index.php?rest_route=\/wp\/v2\/posts"}],"about":[{"href":"https:\/\/arantv.az\/index.php?rest_route=\/wp\/v2\/types\/post"}],"author":[{"embeddable":true,"href":"https:\/\/arantv.az\/index.php?rest_route=\/wp\/v2\/users\/2"}],"replies":[{"embeddable":true,"href":"https:\/\/arantv.az\/index.php?rest_route=%2Fwp%2Fv2%2Fcomments&post=365068"}],"version-history":[{"count":0,"href":"https:\/\/arantv.az\/index.php?rest_route=\/wp\/v2\/posts\/365068\/revisions"}],"wp:featuredmedia":[{"embeddable":true,"href":"https:\/\/arantv.az\/index.php?rest_route=\/wp\/v2\/media\/365069"}],"wp:attachment":[{"href":"https:\/\/arantv.az\/index.php?rest_route=%2Fwp%2Fv2%2Fmedia&parent=365068"}],"wp:term":[{"taxonomy":"category","embeddable":true,"href":"https:\/\/arantv.az\/index.php?rest_route=%2Fwp%2Fv2%2Fcategories&post=365068"},{"taxonomy":"post_tag","embeddable":true,"href":"https:\/\/arantv.az\/index.php?rest_route=%2Fwp%2Fv2%2Ftags&post=365068"}],"curies":[{"name":"wp","href":"https:\/\/api.w.org\/{rel}","templated":true}]}}