{"id":365071,"date":"2021-08-10T14:08:11","date_gmt":"2021-08-10T11:08:11","guid":{"rendered":"http:\/\/arantv.az\/?p=365071"},"modified":"2021-08-10T14:08:11","modified_gmt":"2021-08-10T11:08:11","slug":"ir%c9%99vanin-bas-tutmayan-t%c9%99xribati-s%c9%99rh","status":"publish","type":"post","link":"https:\/\/arantv.az\/?p=365071","title":{"rendered":"\u0130r\u0259van\u0131n ba\u015f tutmayan t\u0259xribat\u0131 &#8211; \u015e\u018fRH"},"content":{"rendered":"<div class=\"content lead font-weight-normal\">\n<p>Erm\u0259nistan ordusu kapitulyasiyadan v\u0259 n\u00f6vb\u0259d\u0259nk\u0259nar parlament se\u00e7kil\u0259rind\u0259n sonra yenid\u0259n qurulur. Orduya yeni r\u0259hb\u0259rl\u0259r t\u0259yin olunur. Ba\u015f nazir Nikol Pa\u015finyan\u0131n istefas\u0131n\u0131 t\u0259l\u0259b etmi\u015f generallar v\u0259 ba\u015fqa y\u00fcks\u0259k r\u00fctb\u0259li zabitl\u0259r i\u015fd\u0259n \u00e7\u0131xar\u0131l\u0131r.<\/p>\n<p>Erm\u0259nistan d\u00fcnya ictimaiyy\u0259tinin diqq\u0259tini \u00f6z\u00fcn\u0259 \u00e7\u0259km\u0259k \u00fc\u00e7\u00fcn Az\u0259rbaycanla d\u00f6vl\u0259t s\u0259rh\u0259dind\u0259 t\u0259xribatlar t\u00f6r\u0259dir. SSR\u0130 d\u00f6vr\u00fcnd\u0259 ham\u0131 t\u0259r\u0259find\u0259n q\u0259bul edil\u0259n \u0259razil\u0259rd\u0259n \u00e7\u0131xmaq ist\u0259mir. H\u0259min torpaqlar\u0131n guya onlara m\u0259xsus oldu\u011funu iddia edir. Beyn\u0259lxalq ictimaiyy\u0259t is\u0259 h\u0259mi\u015f\u0259ki kimi yen\u0259 Erm\u0259nistana yerini g\u00f6st\u0259rm\u0259kd\u0259n vaz ke\u00e7ir. Az\u0259rbaycan torpaqlar\u0131 i\u015f\u011fal alt\u0131nda olanda h\u0259min beyn\u0259lxalq vasit\u0259\u00e7il\u0259r Erm\u0259nistan\u0131n i\u015f\u011fal\u00e7\u0131 oldu\u011funu bildirmirdi. Bu cinay\u0259tin\u0259 g\u00f6r\u0259 \u0130r\u0259van sanksiyaya m\u0259ruz qalm\u0131rd\u0131. \u0130\u015f\u011fal\u00e7\u0131 Erm\u0259nistanla i\u015f\u011fala m\u0259ruz qalan Az\u0259rbaycan eyni tutulurdu.<\/p>\n<p>\u0130ndi d\u0259 yen\u0259 \u0130r\u0259van\u0131n ba\u015f\u0131 s\u0131\u011fallan\u0131r. Erm\u0259nistandan \u00f6z s\u0259rh\u0259dl\u0259rin\u0259 \u00e7\u0259kilm\u0259si, Az\u0259rbaycan torpaqlar\u0131ndan h\u0259rb\u00e7il\u0259rini \u00e7\u0131xarmas\u0131 t\u0259l\u0259b olunmur. \u00c7\u00fcnki t\u0259r\u0259fl\u0259r aras\u0131nda s\u00fclh m\u00fcqavil\u0259sinin imzalanmas\u0131 \u00fc\u00e7\u00fcn \u015f\u0259rtl\u0259r\u0259 s\u0259rh\u0259dl\u0259rin delimitasiya v\u0259 demarkasiyas\u0131, Erm\u0259nistan\u0131n i\u015f\u011fal\u00e7\u0131 ist\u0259kl\u0259rind\u0259n \u0259l \u00e7\u0259km\u0259si kimi m\u0259s\u0259l\u0259l\u0259r d\u0259 daxildir. T\u0259\u0259ss\u00fcf ki, beyn\u0259lxalq vasit\u0259\u00e7i rolunda \u00e7\u0131x\u0131\u015f ed\u0259nl\u0259r, yaxud bu ist\u0259kd\u0259 olanlar bu \u015f\u0259rtl\u0259rin \u00f6d\u0259nilm\u0259sini \u0130r\u0259vandan t\u0259l\u0259b emirl\u0259r.<\/p>\n<p>Bu arada AB\u015e da Erm\u0259nistan\u0131 n\u0259zar\u0259tsiz qoymay\u0131b. Birl\u0259\u015fmi\u015f \u015etatlar\u0131n \u0130r\u0259vandak\u0131 s\u0259firi Linn Treysi Az\u0259rbaycanla s\u0259rh\u0259dyan\u0131 Q\u0259rbi Z\u0259ng\u0259zur b\u00f6lg\u0259sin\u0259 (S\u00fcnik vilay\u0259tin\u0259) s\u0259f\u0259r edib. O, avqustun 9-da Erm\u0259nistan h\u00f6kum\u0259ti administrasiyas\u0131n\u0131n n\u00fcmay\u0259nd\u0259l\u0259ril\u0259 birlikd\u0259 polisin yeni patrul xidm\u0259tinin i\u015fi il\u0259 tan\u0131\u015f olub. Linn Treysi Erm\u0259nistandak\u0131 patrul xidm\u0259tinin t\u0259\u015fkilind\u0259 v\u0259 bu sah\u0259d\u0259 islahatlar\u0131n apar\u0131lmas\u0131nda AB\u015e-\u0131n \u0130r\u0259vana d\u0259st\u0259k ver\u0259c\u0259yini bildirib. Bel\u0259 \u00e7\u0131x\u0131r, beyn\u0259lxalq vasit\u0259\u00e7il\u0259r Erm\u0259nistan\u0131n s\u00fclh m\u00fcqavil\u0259si imzalamas\u0131nda maraql\u0131 deyill\u0259r. Ona g\u00f6r\u0259 d\u0259 Az\u0259rbaycanla Erm\u0259nistan aras\u0131nda m\u00fcnasib\u0259tl\u0259rin normalla\u015fmas\u0131nda h\u0259l\u0259 d\u0259 h\u0259rb\u00e7il\u0259r \u0259sas rolu oynay\u0131r.<\/p>\n<p>Dem\u0259li, Ar\u015fak Karapetyan Erm\u0259nistan m\u00fcdafi\u0259 nazirinin birinci m\u00fcavini kimi iyulun 27-d\u0259 Moskvaya s\u0259f\u0259r etmi\u015fdi. Bundan iki h\u0259ft\u0259 sonra, y\u0259ni avqustun 10-da o, Rusiyan\u0131n m\u00fcdafi\u0259 naziri Sergey \u015eoyqunun d\u0259v\u0259ti il\u0259 yen\u0259 Moskvaya yola d\u00fc\u015f\u00fcb. \u00d6t\u0259n g\u00fcn is\u0259 Kollektiv T\u0259hl\u0131\u00fck\u0259sizlik M\u00fcqavil\u0259si T\u0259\u015fkilat\u0131n\u0131n Ba\u015f katibi Stanislav Zas \u0130r\u0259vana s\u0259f\u0259r edib. Maraql\u0131d\u0131r, Erm\u0259nistan\u0131n m\u00fcdafi\u0259 naziri iki h\u0259ft\u0259d\u0259n bir Moskvaya niy\u0259 gedir? Zas \u0130r\u0259vanda daha \u00e7ox n\u0259yi m\u00fczakir\u0259 edib? Bel\u0259 ehtimal etm\u0259k olar ki, Ar\u015fak Karapetyan\u0131n birinci m\u00fcavin kimi s\u0259f\u0259ri nazir postuna t\u0259yinat\u0131 il\u0259 ba\u011fl\u0131 olub. \u00c7\u00fcnki o, Rusiyadan g\u0259l\u0259nd\u0259n sonra nazir t\u0259yin olundu. Bu bax\u0131mdan onun iyulun 27-d\u0259ki s\u0259f\u0259rini Rusiyan\u0131n testind\u0259n ke\u00e7ib xeyir-duas\u0131n\u0131 almaq kimi d\u0259 d\u0259y\u0259rl\u0259ndirm\u0259k olar. Qeyd ed\u0259k ki, Nikol Pa\u015finyan 2018-ci ild\u0259 h\u00f6kum\u0259ti formala\u015fd\u0131randa Rusiya il\u0259 m\u0259sl\u0259h\u0259tl\u0259\u015fm\u0259yib \u00f6zba\u015f\u0131nal\u0131q etdiyi \u00fc\u00e7\u00fcn sonradan bunun \u0259ziyy\u0259tini \u00e7\u0259kdi. Odur ki, g\u00fcc strukturlar\u0131na t\u0259yinata Kremlin n\u0259zar\u0259t etm\u0259sini bu d\u0259f\u0259 vacib say\u0131b.<\/p>\n<p>Yeri g\u0259lmi\u015fk\u0259n, Erm\u0259nistan\u0131n xarici i\u015fl\u0259r naziri postu h\u0259l\u0259 d\u0259 bo\u015fdur. \u00c7\u00fcnki Rusiya Erm\u0259nistan xarici i\u015fl\u0259r nazirinin birinci m\u00fcavini Armen Qriqroyan\u0131n nazir t\u0259yin olunmas\u0131n\u0131 ist\u0259mir. Moskvan\u0131 bu v\u0259zif\u0259d\u0259 daha \u00e7ox Erm\u0259nistan parlamentinin ke\u00e7mi\u015f s\u0259dri Ararat Mirzoyan qane edir.<\/p>\n<p>Ar\u015fak Karapetyan\u0131n avqustun 10-da etdiyi s\u0259f\u0259r zaman dan\u0131\u015f\u0131qlar\u0131n Rusiya il\u0259 Erm\u0259nistan aras\u0131nda h\u0259rbi \u0259m\u0259kda\u015fl\u0131q m\u0259s\u0259l\u0259l\u0259ri il\u0259 yana\u015f\u0131, r\u0259smi \u0130r\u0259van\u0131n bu sah\u0259d\u0259 qar\u015f\u0131s\u0131nda duran v\u0259zif\u0259l\u0259r m\u00fczakir\u0259 edil\u0259c\u0259k. Habel\u0259 erm\u0259ni general-mayora Sergey \u015eoyqunun tap\u015f\u0131r\u0131qlar ver\u0259c\u0259yi d\u0259 istisna olunmur. Bu, Az\u0259rbaycandak\u0131 Rusiya s\u00fclhm\u0259raml\u0131 h\u0259rb\u00e7il\u0259rin f\u0259aliyy\u0259ti, Xank\u0259ndind\u0259ki Erm\u0259nistan ordusunun v\u0259ziyy\u0259ti, Erm\u0259nistan-Az\u0259rbaycan s\u0259rh\u0259dind\u0259ki at\u0131\u015fmalarla da ba\u011fl\u0131 ola bil\u0259r. Odur ki, bu d\u0259f\u0259 Karapetyan\u0131n \u015eoyqudan konkret tap\u015f\u0131r\u0131qlar alaca\u011f\u0131 ehtimal olunur.<\/p>\n<p>Kollektiv T\u0259hl\u00fck\u0259sizlik M\u00fcqavil\u0259si T\u0259\u015fkilat\u0131n\u0131n (KTMT) Ba\u015f katibi Stanislav Zas avqustun 9-da \u0130r\u0259vana s\u0259f\u0259r edib. O, Erm\u0259nistan\u0131n Ba\u015f naziri Nikol Pa\u015finyan, xarici i\u015fl\u0259r naziri s\u0259lahiyy\u0259tl\u0259rini icra ed\u0259n Armen Qriqoryan, m\u00fcdafi\u0259 naziri Ar\u015fak Karapetyan v\u0259 ba\u015fqa r\u0259smil\u0259rl\u0259 g\u00f6r\u00fc\u015f\u00fcb. Ba\u015f katibl\u0259 g\u00f6r\u00fc\u015fl\u0259rd\u0259 daha \u00e7ox Az\u0259rbaycanla s\u0259rh\u0259dd\u0259ki v\u0259ziy\u0259t m\u00fczakir\u0259 olunub. He\u00e7 \u015f\u00fcbh\u0259siz, r\u0259smi \u0130r\u0259van s\u0259rh\u0259dd\u0259 KTMT h\u0259rb\u00e7il\u0259rinin yerl\u0259\u015fdirilm\u0259sin\u0259 nail olma\u011fa \u00e7al\u0131\u015f\u0131r. Yaxud s\u0259rh\u0259dd\u0259ki v\u0259ziyy\u0259tl\u0259 ba\u011fl\u0131 \u0130r\u0259van\u0131n t\u0259xribat\u00e7\u0131 m\u00f6vqeyinin m\u00fcdafi\u0259 olunmas\u0131na c\u0259hd g\u00f6st\u0259rir. Ancaq Erm\u0259nistan\u0131n KTMT v\u0259 \u00fc\u00e7\u00fcnc\u00fc q\u00fcvv\u0259l\u0259ri b\u00f6lg\u0259y\u0259 c\u0259lb etm\u0259k c\u0259hdi h\u0259l\u0259 ki ba\u015f tutmur. Qurumun ba\u015f katibi Stanislav Zas erm\u0259ni r\u0259smil\u0259rl\u0259 ke\u00e7irdiyi g\u00f6r\u00fc\u015fl\u0259rd\u0259 bunu bir daha bildirib: \u201cBiz hesab edirik ki, Erm\u0259nistanla Az\u0259rbaycan aras\u0131nda s\u0259rh\u0259d m\u00fcnaqi\u015f\u0259sinin t\u0259nziml\u0259nm\u0259si il\u0259 ba\u011fl\u0131 siyasi imkanlar t\u00fck\u0259nm\u0259yib\u201d. O qeyd edib ki, m\u0259s\u0259l\u0259nin h\u0259lli \u00fc\u00e7\u00fcn Erm\u0259nistan-Az\u0259rbaycan-Rusiya format\u0131nda f\u0259aliyy\u0259t vacibdir. S.Zas bildirib ki, v\u0259ziyy\u0259t KTMT-nin diqq\u0259tind\u0259dir v\u0259 Erm\u0259nistan\u0131n d\u00f6vl\u0259t strukturlar\u0131 il\u0259 birlikd\u0259 s\u0259rh\u0259dd\u0259 uy\u011fun monitorinq h\u0259yata ke\u00e7irirl\u0259r.<\/p>\n<p>Qeyd ed\u0259k ki, bu h\u0259rbi t\u0259\u015fkilatla Pa\u015finyan h\u00f6kum\u0259ti aras\u0131nda ciddi problem ya\u015fan\u0131b. H\u0259min hadis\u0259 s\u0259b\u0259bind\u0259n Erm\u0259nistan ba\u015f katib postuna n\u00f6vb\u0259sini bel\u0259 itirdi. Bu il sentyabr\u0131n 15-d\u0259 D\u00fc\u015f\u0259nb\u0259d\u0259 KTMT xarici i\u015fl\u0259r v\u0259 m\u00fcdafi\u0259 nazirl\u0259rinin, t\u0259hl\u00fck\u0259sizlik \u015furas\u0131 katibl\u0259rinin birg\u0259 iclas\u0131, sentyabr\u0131n 16-da is\u0259 KTMT Kollektiv T\u0259hl\u00fck\u0259sizlik \u015euras\u0131n\u0131n sammiti ke\u00e7iril\u0259c\u0259k. Bu toplant\u0131da t\u0259\u015fkilata s\u0259drlik Erm\u0259nistana veril\u0259c\u0259k. \u015euran\u0131n sessiyas\u0131nda 4 s\u0259n\u0259din imzalanaca\u011f\u0131 g\u00f6zl\u0259nilir. Onlardan biri KTMT s\u00fclhm\u0259raml\u0131lar\u0131n\u0131n f\u0259aliyy\u0259ti il\u0259 ba\u011fl\u0131 raz\u0131la\u015fman\u0131n d\u0259yi\u015fdirilm\u0259si, onlar\u0131n c\u0259lb edilm\u0259si imkanlar\u0131n\u0131n m\u00fc\u0259yy\u0259nl\u0259\u015fdirilm\u0259sidir. Odur ki, Moskva v\u0259 \u0130r\u0259van\u0131n Az\u0259rbaycanla s\u0259rh\u0259d\u0259, Rusiya s\u00fclhm\u0259raml\u0131 h\u0259rb\u00e7il\u0259rinin n\u0259zar\u0259ti alt\u0131nda olan Az\u0259rbaycan b\u00f6lg\u0259l\u0259rin\u0259 KTMT-nin s\u00fclhm\u0259raml\u0131lar\u0131 ad\u0131 alt\u0131nda h\u0259rbi q\u00fcvv\u0259 yerl\u0259\u015fdir\u0259c\u0259yini ehtimal etm\u0259k olar.<\/p>\n<p>Bel\u0259likl\u0259, AB\u015e Erm\u0259nistan polisi \u00fc\u00e7\u00fcn yeni patrul xidm\u0259tind\u0259 yard\u0131m edir. A\u011f Evin bu kimi i\u015fl\u0259r d\u0259 daxil olmaqla r\u0259smi \u0130r\u0259vana islahatlara yard\u0131m ad\u0131 alt\u0131nda milyonlarla maliyy\u0259 v\u0259saiti ay\u0131raca\u011f\u0131, yaxud bu istiqam\u0259td\u0259 i\u015fin t\u0259\u015fkilin\u0259 d\u0259st\u0259k olaca\u011f\u0131 g\u00f6zl\u0259nilir. Rusiya is\u0259 KTMT s\u00fclhm\u0259raml\u0131lar\u0131n\u0131 regiona g\u0259tirm\u0259k \u00fc\u00e7\u00fcn \u0130r\u0259vanla yeni plan\u0131 m\u00fczakir\u0259 edir&#8230;<\/p>\n<p><strong>S\u0259dr\u0259ddin \u0130smay\u0131lov<\/strong><\/p>\n<div class=\"clearfix\"><\/div>\n<\/div>\n<div class=\"fotorama--hidden\"><\/div>\n<div id=\"galleryList\" class=\"fotorama fotorama1628597216718\" data-nav=\"thumbs\" data-width=\"100%\" data-thumbwidth=\"90\" data-thumbheight=\"60\" data-allowfullscreen=\"true\" data-autoplay=\"3000\" data-ratio=\"1.5\" data-keyboard=\"true\" data-fit=\"contain\">\n<div class=\"fotorama__wrap fotorama__wrap--css3 fotorama__wrap--slide fotorama__wrap--toggle-arrows fotorama__wrap--no-controls\">\n<div class=\"fotorama__stage fotorama__pointer\">\n<div class=\"fotorama__fullscreen-icon\" tabindex=\"0\" role=\"button\"><\/div>\n<div class=\"fotorama__stage__shaft\">\n<div class=\"fotorama__stage__frame fotorama__loaded fotorama__loaded--img\"><img class=\"fotorama__img\" src=\"https:\/\/ikisahil.az\/photo\/0x0_2\/upload\/gallery\/2021\/08\/10\/-c3e4035a162859108213524668510748323.jpg\" \/><\/div>\n<div class=\"fotorama__stage__frame fotorama__loaded fotorama__loaded--img fotorama__active\"><img class=\"fotorama__img\" src=\"https:\/\/ikisahil.az\/photo\/0x0_2\/upload\/gallery\/2021\/08\/10\/-4500e403162859108264546938810568048.jpg\" \/><\/div>\n<\/div>\n<div class=\"fotorama__arr fotorama__arr--prev\" tabindex=\"0\" role=\"button\"><\/div>\n<div class=\"fotorama__arr fotorama__arr--next fotorama__arr--disabled\" tabindex=\"-1\" role=\"button\"><\/div>\n<div class=\"fotorama__video-close\"><\/div>\n<\/div>\n<div class=\"fotorama__nav-wrap\">\n<div class=\"fotorama__nav fotorama__nav--thumbs\">\n<div class=\"fotorama__nav__shaft\">\n<div class=\"fotorama__thumb-border\"><\/div>\n<div class=\"fotorama__nav__frame fotorama__nav__frame--thumb\" tabindex=\"0\" role=\"button\">\n<div class=\"fotorama__thumb fotorama__loaded fotorama__loaded--img\"><img class=\"fotorama__img\" src=\"https:\/\/ikisahil.az\/photo\/150x100_2\/upload\/gallery\/2021\/08\/10\/-8cbd005a162859108279674816910262880.jpg\" \/><\/div>\n<\/div>\n<div class=\"fotorama__nav__frame fotorama__nav__frame--thumb\" tabindex=\"0\" role=\"button\">\n<div class=\"fotorama__thumb fotorama__loaded fotorama__loaded--img\"><img class=\"fotorama__img\" src=\"https:\/\/ikisahil.az\/photo\/150x100_2\/upload\/gallery\/2021\/08\/10\/-c3e4035a162859108213524668510748323.jpg\" \/><\/div>\n<\/div>\n<div class=\"fotorama__nav__frame fotorama__nav__frame--thumb fotorama__active\" tabindex=\"0\" role=\"button\">\n<div class=\"fotorama__thumb fotorama__loaded fotorama__loaded--img\"><img class=\"fotorama__img\" src=\"https:\/\/ikisahil.az\/photo\/150x100_2\/upload\/gallery\/2021\/08\/10\/-4500e403162859108264546938810568048.jpg\" \/><\/div>\n<\/div>\n<\/div>\n<\/div>\n<\/div>\n<\/div>\n<\/div>\n<div class=\"sharing my-2 row no-gutters d-print-none\">\n<div class=\"col-md-3\"><\/div>\n<\/div>\n","protected":false},"excerpt":{"rendered":"<p>Erm\u0259nistan ordusu kapitulyasiyadan v\u0259 n\u00f6vb\u0259d\u0259nk\u0259nar parlament se\u00e7kil\u0259rind\u0259n sonra yenid\u0259n qurulur. Orduya yeni r\u0259hb\u0259rl\u0259r t\u0259yin olunur. Ba\u015f nazir Nikol Pa\u015finyan\u0131n istefas\u0131n\u0131 t\u0259l\u0259b etmi\u015f generallar v\u0259 ba\u015fqa y\u00fcks\u0259k r\u00fctb\u0259li zabitl\u0259r i\u015fd\u0259n \u00e7\u0131xar\u0131l\u0131r. Erm\u0259nistan d\u00fcnya ictimaiyy\u0259tinin diqq\u0259tini \u00f6z\u00fcn\u0259 \u00e7\u0259km\u0259k \u00fc\u00e7\u00fcn Az\u0259rbaycanla d\u00f6vl\u0259t s\u0259rh\u0259dind\u0259 t\u0259xribatlar t\u00f6r\u0259dir. SSR\u0130 d\u00f6vr\u00fcnd\u0259 ham\u0131 t\u0259r\u0259find\u0259n q\u0259bul edil\u0259n \u0259razil\u0259rd\u0259n \u00e7\u0131xmaq ist\u0259mir. H\u0259min torpaqlar\u0131n guya onlara m\u0259xsus oldu\u011funu iddia edir. Beyn\u0259lxalq ictimaiyy\u0259t is\u0259 h\u0259mi\u015f\u0259ki kimi yen\u0259 Erm\u0259nistana yerini g\u00f6st\u0259rm\u0259kd\u0259n vaz ke\u00e7ir. Az\u0259rbaycan torpaqlar\u0131 i\u015f\u011fal alt\u0131nda olanda h\u0259min beyn\u0259lxalq vasit\u0259\u00e7il\u0259r Erm\u0259nistan\u0131n i\u015f\u011fal\u00e7\u0131 oldu\u011funu bildirmirdi. Bu cinay\u0259tin\u0259 g\u00f6r\u0259 \u0130r\u0259van sanksiyaya m\u0259ruz qalm\u0131rd\u0131. \u0130\u015f\u011fal\u00e7\u0131&hellip;<\/p>\n","protected":false},"author":2,"featured_media":365072,"comment_status":"closed","ping_status":"closed","sticky":false,"template":"","format":"standard","meta":{"om_disable_all_campaigns":false,"_monsterinsights_skip_tracking":false,"_monsterinsights_sitenote_active":false,"_monsterinsights_sitenote_note":"","_monsterinsights_sitenote_category":0},"categories":[19],"tags":[],"aioseo_notices":[],"gutentor_comment":0,"rttpg_featured_image_url":{"full":["https:\/\/arantv.az\/wp-content\/uploads\/2021\/08\/312351bf162859106971383349810687470.jpg",975,540,false],"landscape":["https:\/\/arantv.az\/wp-content\/uploads\/2021\/08\/312351bf162859106971383349810687470.jpg",975,540,false],"portraits":["https:\/\/arantv.az\/wp-content\/uploads\/2021\/08\/312351bf162859106971383349810687470.jpg",975,540,false],"thumbnail":["https:\/\/arantv.az\/wp-content\/uploads\/2021\/08\/312351bf162859106971383349810687470-500x280.jpg",500,280,true],"medium":["https:\/\/arantv.az\/wp-content\/uploads\/2021\/08\/312351bf162859106971383349810687470-660x365.jpg",660,365,true],"large":["https:\/\/arantv.az\/wp-content\/uploads\/2021\/08\/312351bf162859106971383349810687470-840x465.jpg",640,354,true],"1536x1536":["https:\/\/arantv.az\/wp-content\/uploads\/2021\/08\/312351bf162859106971383349810687470.jpg",975,540,false],"2048x2048":["https:\/\/arantv.az\/wp-content\/uploads\/2021\/08\/312351bf162859106971383349810687470.jpg",975,540,false],"post-thumbnail":["https:\/\/arantv.az\/wp-content\/uploads\/2021\/08\/312351bf162859106971383349810687470-240x172.jpg",240,172,true],"advps-thumb-one":["https:\/\/arantv.az\/wp-content\/uploads\/2021\/08\/312351bf162859106971383349810687470.jpg",975,540,false]},"rttpg_author":{"display_name":"V\u00fcsal Rafiqo\u011flu","author_link":"https:\/\/arantv.az\/?author=2"},"rttpg_comment":0,"rttpg_category":"<a href=\"https:\/\/arantv.az\/?cat=19\" rel=\"category\">G\u00fcnd\u0259m<\/a>","rttpg_excerpt":"Erm\u0259nistan ordusu kapitulyasiyadan v\u0259 n\u00f6vb\u0259d\u0259nk\u0259nar parlament se\u00e7kil\u0259rind\u0259n sonra yenid\u0259n qurulur. Orduya yeni r\u0259hb\u0259rl\u0259r t\u0259yin olunur. Ba\u015f nazir Nikol Pa\u015finyan\u0131n istefas\u0131n\u0131 t\u0259l\u0259b etmi\u015f generallar v\u0259 ba\u015fqa y\u00fcks\u0259k r\u00fctb\u0259li zabitl\u0259r i\u015fd\u0259n \u00e7\u0131xar\u0131l\u0131r. Erm\u0259nistan d\u00fcnya ictimaiyy\u0259tinin diqq\u0259tini \u00f6z\u00fcn\u0259 \u00e7\u0259km\u0259k \u00fc\u00e7\u00fcn Az\u0259rbaycanla d\u00f6vl\u0259t s\u0259rh\u0259dind\u0259 t\u0259xribatlar t\u00f6r\u0259dir. SSR\u0130 d\u00f6vr\u00fcnd\u0259 ham\u0131 t\u0259r\u0259find\u0259n q\u0259bul edil\u0259n \u0259razil\u0259rd\u0259n \u00e7\u0131xmaq ist\u0259mir. H\u0259min torpaqlar\u0131n guya onlara&hellip;","_links":{"self":[{"href":"https:\/\/arantv.az\/index.php?rest_route=\/wp\/v2\/posts\/365071"}],"collection":[{"href":"https:\/\/arantv.az\/index.php?rest_route=\/wp\/v2\/posts"}],"about":[{"href":"https:\/\/arantv.az\/index.php?rest_route=\/wp\/v2\/types\/post"}],"author":[{"embeddable":true,"href":"https:\/\/arantv.az\/index.php?rest_route=\/wp\/v2\/users\/2"}],"replies":[{"embeddable":true,"href":"https:\/\/arantv.az\/index.php?rest_route=%2Fwp%2Fv2%2Fcomments&post=365071"}],"version-history":[{"count":0,"href":"https:\/\/arantv.az\/index.php?rest_route=\/wp\/v2\/posts\/365071\/revisions"}],"wp:featuredmedia":[{"embeddable":true,"href":"https:\/\/arantv.az\/index.php?rest_route=\/wp\/v2\/media\/365072"}],"wp:attachment":[{"href":"https:\/\/arantv.az\/index.php?rest_route=%2Fwp%2Fv2%2Fmedia&parent=365071"}],"wp:term":[{"taxonomy":"category","embeddable":true,"href":"https:\/\/arantv.az\/index.php?rest_route=%2Fwp%2Fv2%2Fcategories&post=365071"},{"taxonomy":"post_tag","embeddable":true,"href":"https:\/\/arantv.az\/index.php?rest_route=%2Fwp%2Fv2%2Ftags&post=365071"}],"curies":[{"name":"wp","href":"https:\/\/api.w.org\/{rel}","templated":true}]}}