{"id":365086,"date":"2021-08-10T14:29:29","date_gmt":"2021-08-10T11:29:29","guid":{"rendered":"http:\/\/arantv.az\/?p=365086"},"modified":"2021-08-10T14:29:29","modified_gmt":"2021-08-10T11:29:29","slug":"eld%c9%99niz-s%c9%99limov-apellyasiya-sikay%c9%99tini-geri-goturdu","status":"publish","type":"post","link":"https:\/\/arantv.az\/?p=365086","title":{"rendered":"Eld\u0259niz S\u0259limov apellyasiya \u015fikay\u0259tini geri g\u00f6t\u00fcrd\u00fc"},"content":{"rendered":"<p><strong>Deputat toxunulmazl\u0131\u011f\u0131 l\u0259\u011fv olunan Eld\u0259niz S\u0259limov v\u0259kili t\u0259r\u0259find\u0259n veril\u0259n apellyasiya \u015fikay\u0259tini geri g\u00f6t\u00fcr\u00fcb.<\/strong><\/p>\n<p><strong>ARANTV.AZ<\/strong>\u00a0 bildirir ki, bu bar\u0259d\u0259 APA-ya deputat\u0131n v\u0259kili m\u0259lumat verib.<\/p>\n<p>V\u0259kil bildirib ki, Eld\u0259niz S\u0259limov bar\u0259sind\u0259 Bin\u0259q\u0259di Rayon M\u0259hk\u0259m\u0259sinin q\u0259rar\u0131 il\u0259 se\u00e7il\u0259n h\u0259bs-q\u0259timkan t\u0259dbiri q\u0259rar\u0131ndan apellyasiya \u015fikay\u0259ti vers\u0259 d\u0259, m\u00fcdafi\u0259 etdiyi \u015f\u0259xs bu g\u00fcn \u015fikay\u0259ti geri g\u00f6t\u00fcrd\u00fcy\u00fcn\u00fc bildirib.<\/p>\n","protected":false},"excerpt":{"rendered":"<p>Deputat toxunulmazl\u0131\u011f\u0131 l\u0259\u011fv olunan Eld\u0259niz S\u0259limov v\u0259kili t\u0259r\u0259find\u0259n veril\u0259n apellyasiya \u015fikay\u0259tini geri g\u00f6t\u00fcr\u00fcb. ARANTV.AZ\u00a0 bildirir ki, bu bar\u0259d\u0259 APA-ya deputat\u0131n v\u0259kili m\u0259lumat verib. V\u0259kil bildirib ki, Eld\u0259niz S\u0259limov bar\u0259sind\u0259 Bin\u0259q\u0259di Rayon M\u0259hk\u0259m\u0259sinin q\u0259rar\u0131 il\u0259 se\u00e7il\u0259n h\u0259bs-q\u0259timkan t\u0259dbiri q\u0259rar\u0131ndan apellyasiya \u015fikay\u0259ti vers\u0259 d\u0259, m\u00fcdafi\u0259 etdiyi \u015f\u0259xs bu g\u00fcn \u015fikay\u0259ti geri g\u00f6t\u00fcrd\u00fcy\u00fcn\u00fc bildirib.<\/p>\n","protected":false},"author":2,"featured_media":365087,"comment_status":"closed","ping_status":"closed","sticky":false,"template":"","format":"standard","meta":{"om_disable_all_campaigns":false,"_monsterinsights_skip_tracking":false,"_monsterinsights_sitenote_active":false,"_monsterinsights_sitenote_note":"","_monsterinsights_sitenote_category":0},"categories":[26],"tags":[],"aioseo_notices":[],"gutentor_comment":0,"rttpg_featured_image_url":{"full":["https:\/\/arantv.az\/wp-content\/uploads\/2021\/08\/971252.jpg",1080,599,false],"landscape":["https:\/\/arantv.az\/wp-content\/uploads\/2021\/08\/971252.jpg",1080,599,false],"portraits":["https:\/\/arantv.az\/wp-content\/uploads\/2021\/08\/971252.jpg",1080,599,false],"thumbnail":["https:\/\/arantv.az\/wp-content\/uploads\/2021\/08\/971252-500x280.jpg",500,280,true],"medium":["https:\/\/arantv.az\/wp-content\/uploads\/2021\/08\/971252-658x365.jpg",658,365,true],"large":["https:\/\/arantv.az\/wp-content\/uploads\/2021\/08\/971252-840x466.jpg",640,355,true],"1536x1536":["https:\/\/arantv.az\/wp-content\/uploads\/2021\/08\/971252.jpg",1080,599,false],"2048x2048":["https:\/\/arantv.az\/wp-content\/uploads\/2021\/08\/971252.jpg",1080,599,false],"post-thumbnail":["https:\/\/arantv.az\/wp-content\/uploads\/2021\/08\/971252-240x172.jpg",240,172,true],"advps-thumb-one":["https:\/\/arantv.az\/wp-content\/uploads\/2021\/08\/971252.jpg",1080,599,false]},"rttpg_author":{"display_name":"V\u00fcsal Rafiqo\u011flu","author_link":"https:\/\/arantv.az\/?author=2"},"rttpg_comment":0,"rttpg_category":"<a href=\"https:\/\/arantv.az\/?cat=26\" rel=\"category\">Sosial<\/a>","rttpg_excerpt":"Deputat toxunulmazl\u0131\u011f\u0131 l\u0259\u011fv olunan Eld\u0259niz S\u0259limov v\u0259kili t\u0259r\u0259find\u0259n veril\u0259n apellyasiya \u015fikay\u0259tini geri g\u00f6t\u00fcr\u00fcb. ARANTV.AZ\u00a0 bildirir ki, bu bar\u0259d\u0259 APA-ya deputat\u0131n v\u0259kili m\u0259lumat verib. V\u0259kil bildirib ki, Eld\u0259niz S\u0259limov bar\u0259sind\u0259 Bin\u0259q\u0259di Rayon M\u0259hk\u0259m\u0259sinin q\u0259rar\u0131 il\u0259 se\u00e7il\u0259n h\u0259bs-q\u0259timkan t\u0259dbiri q\u0259rar\u0131ndan apellyasiya \u015fikay\u0259ti vers\u0259 d\u0259, m\u00fcdafi\u0259 etdiyi \u015f\u0259xs bu g\u00fcn \u015fikay\u0259ti geri g\u00f6t\u00fcrd\u00fcy\u00fcn\u00fc bildirib.","_links":{"self":[{"href":"https:\/\/arantv.az\/index.php?rest_route=\/wp\/v2\/posts\/365086"}],"collection":[{"href":"https:\/\/arantv.az\/index.php?rest_route=\/wp\/v2\/posts"}],"about":[{"href":"https:\/\/arantv.az\/index.php?rest_route=\/wp\/v2\/types\/post"}],"author":[{"embeddable":true,"href":"https:\/\/arantv.az\/index.php?rest_route=\/wp\/v2\/users\/2"}],"replies":[{"embeddable":true,"href":"https:\/\/arantv.az\/index.php?rest_route=%2Fwp%2Fv2%2Fcomments&post=365086"}],"version-history":[{"count":0,"href":"https:\/\/arantv.az\/index.php?rest_route=\/wp\/v2\/posts\/365086\/revisions"}],"wp:featuredmedia":[{"embeddable":true,"href":"https:\/\/arantv.az\/index.php?rest_route=\/wp\/v2\/media\/365087"}],"wp:attachment":[{"href":"https:\/\/arantv.az\/index.php?rest_route=%2Fwp%2Fv2%2Fmedia&parent=365086"}],"wp:term":[{"taxonomy":"category","embeddable":true,"href":"https:\/\/arantv.az\/index.php?rest_route=%2Fwp%2Fv2%2Fcategories&post=365086"},{"taxonomy":"post_tag","embeddable":true,"href":"https:\/\/arantv.az\/index.php?rest_route=%2Fwp%2Fv2%2Ftags&post=365086"}],"curies":[{"name":"wp","href":"https:\/\/api.w.org\/{rel}","templated":true}]}}