{"id":365092,"date":"2021-08-10T14:38:09","date_gmt":"2021-08-10T11:38:09","guid":{"rendered":"http:\/\/arantv.az\/?p=365092"},"modified":"2021-08-10T14:38:09","modified_gmt":"2021-08-10T11:38:09","slug":"unicef-az%c9%99rbaycana-yeni-numay%c9%99nd%c9%99-t%c9%99yin-edib","status":"publish","type":"post","link":"https:\/\/arantv.az\/?p=365092","title":{"rendered":"UNICEF Az\u0259rbaycana yeni n\u00fcmay\u0259nd\u0259 t\u0259yin edib"},"content":{"rendered":"<p>UNICEF-in Az\u0259rbaycandak\u0131 yeni t\u0259yin olunmu\u015f n\u00fcmay\u0259nd\u0259si Aleks Haykens bu g\u00fcn Az\u0259rbaycan Respublikas\u0131n\u0131n xarici i\u015fl\u0259r naziri Ceyhun Bayramova akkreditasiya m\u0259ktubunu t\u0259qdim edib.<\/p>\n<p>\u201cUNICEF-in Az\u0259rbaycan h\u00f6kum\u0259ti il\u0259 uzun m\u00fcdd\u0259t davam ed\u0259n t\u0259r\u0259fda\u015fl\u0131\u011f\u0131n\u0131 daha da g\u00fccl\u0259ndirm\u0259k v\u0259 \u00f6lk\u0259d\u0259 h\u0259r bir u\u015faq \u00fc\u00e7\u00fcn daha yax\u015f\u0131 g\u0259l\u0259c\u0259yi t\u0259min etm\u0259k namin\u0259 birlikd\u0259 \u00e7al\u0131\u015fmaq \u0259zmind\u0259y\u0259m\u201d, &#8211; dey\u0259 o\u00a0b\u0259yan edib.<\/p>\n<div id=\"AdviadNativeVideo0\" class=\"AdviadNativeVideo\"><\/div>\n<p>Niderland v\u0259t\u0259nda\u015f\u0131 olan Haykens bundan \u0259vv\u0259l d\u00f6rd il UNICEF-in Monqolustandak\u0131 n\u00fcmay\u0259nd\u0259si olaraq f\u0259aliyy\u0259t g\u00f6st\u0259rib v\u0259 u\u015faqlar\u0131n qorunmas\u0131, sa\u011flaml\u0131\u011f\u0131, qidalanmas\u0131, su\/sanitariya\/gigiyena, t\u0259hsil, erk\u0259n u\u015faql\u0131q d\u00f6vr\u00fcnd\u0259 inki\u015faf, yeniyetm\u0259l\u0259rin h\u0259yat bacar\u0131qlar\u0131, sosial m\u00fcdafi\u0259, havan\u0131n \u00e7irkl\u0259nm\u0259si v\u0259 iqlim d\u0259yi\u015fikliyi kimi sah\u0259l\u0259ri \u0259hat\u0259 ed\u0259n UNICEF-in \u00d6lk\u0259 Proqram\u0131n\u0131n icras\u0131na r\u0259hb\u0259rlik edib.<\/p>\n<p>2020-ci ild\u0259n ba\u015flayaraq o, diqq\u0259t v\u0259 s\u0259yl\u0259rini h\u00f6kum\u0259tin COVID-19 pandemiyas\u0131n\u0131n u\u015faqlara t\u0259sirini aradan qald\u0131rmaq s\u0259yl\u0259rin\u0259 d\u0259st\u0259k, COVID-19 peyv\u0259ndl\u0259rinin \u0259ld\u0259 edilm\u0259sin\u0259 y\u00f6n\u0259ldib.<\/p>\n","protected":false},"excerpt":{"rendered":"<p>UNICEF-in Az\u0259rbaycandak\u0131 yeni t\u0259yin olunmu\u015f n\u00fcmay\u0259nd\u0259si Aleks Haykens bu g\u00fcn Az\u0259rbaycan Respublikas\u0131n\u0131n xarici i\u015fl\u0259r naziri Ceyhun Bayramova akkreditasiya m\u0259ktubunu t\u0259qdim edib. \u201cUNICEF-in Az\u0259rbaycan h\u00f6kum\u0259ti il\u0259 uzun m\u00fcdd\u0259t davam ed\u0259n t\u0259r\u0259fda\u015fl\u0131\u011f\u0131n\u0131 daha da g\u00fccl\u0259ndirm\u0259k v\u0259 \u00f6lk\u0259d\u0259 h\u0259r bir u\u015faq \u00fc\u00e7\u00fcn daha yax\u015f\u0131 g\u0259l\u0259c\u0259yi t\u0259min etm\u0259k namin\u0259 birlikd\u0259 \u00e7al\u0131\u015fmaq \u0259zmind\u0259y\u0259m\u201d, &#8211; dey\u0259 o\u00a0b\u0259yan edib. Niderland v\u0259t\u0259nda\u015f\u0131 olan Haykens bundan \u0259vv\u0259l d\u00f6rd il UNICEF-in Monqolustandak\u0131 n\u00fcmay\u0259nd\u0259si olaraq f\u0259aliyy\u0259t g\u00f6st\u0259rib v\u0259 u\u015faqlar\u0131n qorunmas\u0131, sa\u011flaml\u0131\u011f\u0131, qidalanmas\u0131, su\/sanitariya\/gigiyena, t\u0259hsil, erk\u0259n u\u015faql\u0131q d\u00f6vr\u00fcnd\u0259 inki\u015faf, yeniyetm\u0259l\u0259rin h\u0259yat bacar\u0131qlar\u0131, sosial m\u00fcdafi\u0259, havan\u0131n \u00e7irkl\u0259nm\u0259si v\u0259 iqlim d\u0259yi\u015fikliyi kimi sah\u0259l\u0259ri \u0259hat\u0259&hellip;<\/p>\n","protected":false},"author":2,"featured_media":365093,"comment_status":"closed","ping_status":"closed","sticky":false,"template":"","format":"standard","meta":{"om_disable_all_campaigns":false,"_monsterinsights_skip_tracking":false,"_monsterinsights_sitenote_active":false,"_monsterinsights_sitenote_note":"","_monsterinsights_sitenote_category":0},"categories":[26],"tags":[],"aioseo_notices":[],"gutentor_comment":0,"rttpg_featured_image_url":{"full":["https:\/\/arantv.az\/wp-content\/uploads\/2021\/08\/unef.jpg",620,430,false],"landscape":["https:\/\/arantv.az\/wp-content\/uploads\/2021\/08\/unef.jpg",620,430,false],"portraits":["https:\/\/arantv.az\/wp-content\/uploads\/2021\/08\/unef.jpg",620,430,false],"thumbnail":["https:\/\/arantv.az\/wp-content\/uploads\/2021\/08\/unef-500x280.jpg",500,280,true],"medium":["https:\/\/arantv.az\/wp-content\/uploads\/2021\/08\/unef-526x365.jpg",526,365,true],"large":["https:\/\/arantv.az\/wp-content\/uploads\/2021\/08\/unef.jpg",620,430,false],"1536x1536":["https:\/\/arantv.az\/wp-content\/uploads\/2021\/08\/unef.jpg",620,430,false],"2048x2048":["https:\/\/arantv.az\/wp-content\/uploads\/2021\/08\/unef.jpg",620,430,false],"post-thumbnail":["https:\/\/arantv.az\/wp-content\/uploads\/2021\/08\/unef-240x172.jpg",240,172,true],"advps-thumb-one":["https:\/\/arantv.az\/wp-content\/uploads\/2021\/08\/unef.jpg",620,430,false]},"rttpg_author":{"display_name":"V\u00fcsal Rafiqo\u011flu","author_link":"https:\/\/arantv.az\/?author=2"},"rttpg_comment":0,"rttpg_category":"<a href=\"https:\/\/arantv.az\/?cat=26\" rel=\"category\">Sosial<\/a>","rttpg_excerpt":"UNICEF-in Az\u0259rbaycandak\u0131 yeni t\u0259yin olunmu\u015f n\u00fcmay\u0259nd\u0259si Aleks Haykens bu g\u00fcn Az\u0259rbaycan Respublikas\u0131n\u0131n xarici i\u015fl\u0259r naziri Ceyhun Bayramova akkreditasiya m\u0259ktubunu t\u0259qdim edib. \u201cUNICEF-in Az\u0259rbaycan h\u00f6kum\u0259ti il\u0259 uzun m\u00fcdd\u0259t davam ed\u0259n t\u0259r\u0259fda\u015fl\u0131\u011f\u0131n\u0131 daha da g\u00fccl\u0259ndirm\u0259k v\u0259 \u00f6lk\u0259d\u0259 h\u0259r bir u\u015faq \u00fc\u00e7\u00fcn daha yax\u015f\u0131 g\u0259l\u0259c\u0259yi t\u0259min etm\u0259k namin\u0259 birlikd\u0259 \u00e7al\u0131\u015fmaq \u0259zmind\u0259y\u0259m\u201d, &#8211; dey\u0259 o\u00a0b\u0259yan edib. Niderland v\u0259t\u0259nda\u015f\u0131 olan&hellip;","_links":{"self":[{"href":"https:\/\/arantv.az\/index.php?rest_route=\/wp\/v2\/posts\/365092"}],"collection":[{"href":"https:\/\/arantv.az\/index.php?rest_route=\/wp\/v2\/posts"}],"about":[{"href":"https:\/\/arantv.az\/index.php?rest_route=\/wp\/v2\/types\/post"}],"author":[{"embeddable":true,"href":"https:\/\/arantv.az\/index.php?rest_route=\/wp\/v2\/users\/2"}],"replies":[{"embeddable":true,"href":"https:\/\/arantv.az\/index.php?rest_route=%2Fwp%2Fv2%2Fcomments&post=365092"}],"version-history":[{"count":0,"href":"https:\/\/arantv.az\/index.php?rest_route=\/wp\/v2\/posts\/365092\/revisions"}],"wp:featuredmedia":[{"embeddable":true,"href":"https:\/\/arantv.az\/index.php?rest_route=\/wp\/v2\/media\/365093"}],"wp:attachment":[{"href":"https:\/\/arantv.az\/index.php?rest_route=%2Fwp%2Fv2%2Fmedia&parent=365092"}],"wp:term":[{"taxonomy":"category","embeddable":true,"href":"https:\/\/arantv.az\/index.php?rest_route=%2Fwp%2Fv2%2Fcategories&post=365092"},{"taxonomy":"post_tag","embeddable":true,"href":"https:\/\/arantv.az\/index.php?rest_route=%2Fwp%2Fv2%2Ftags&post=365092"}],"curies":[{"name":"wp","href":"https:\/\/api.w.org\/{rel}","templated":true}]}}