{"id":365095,"date":"2021-08-10T14:39:05","date_gmt":"2021-08-10T11:39:05","guid":{"rendered":"http:\/\/arantv.az\/?p=365095"},"modified":"2021-08-10T14:39:05","modified_gmt":"2021-08-10T11:39:05","slug":"az%c9%99rbaycanda-6-v%c9%99zif%c9%99y%c9%99-yeni-t%c9%99yinat","status":"publish","type":"post","link":"https:\/\/arantv.az\/?p=365095","title":{"rendered":"Az\u0259rbaycanda 6 v\u0259zif\u0259y\u0259 yeni T\u018fY\u0130NAT"},"content":{"rendered":"<p>Az\u0259rbaycan C\u00fcdo Federasiyas\u0131nda c\u00fcdo \u00fczr\u0259 ki\u015fil\u0259rd\u0259n ibar\u0259t milli komandaya yeni t\u0259yinatlar olub.<\/p>\n<p><strong>ARANTV.AZ\u00a0<\/strong> <a title=\"xeberler son xeberler 2021\" href=\"https:\/\/big.az\/\" target=\"_blank\" rel=\"noopener\">x\u0259b\u0259r<\/a>\u00a0verir ki, Pekin Olimpiadas\u0131n\u0131n v\u0259 a\u00e7\u0131q d\u00fcnya \u00e7empionat\u0131n\u0131n b\u00fcr\u00fcnc m\u00fckafat\u00e7\u0131s\u0131 M\u00f6vlud Mir\u0259liyev c\u00fcdo millimizin ba\u015f m\u0259\u015fq\u00e7isi, El\u00e7in \u0130smay\u0131lov, Elxan R\u0259c\u0259bli, \u015e\u00fcm\u015fad B\u0259hramov, \u0130lham M\u0259mm\u0259dov v\u0259 Zaur Babayev is\u0259 onun k\u00f6m\u0259k\u00e7il\u0259ri t\u0259yin olunub.<\/p>\n<div id=\"AdviadNativeVideo0\" class=\"AdviadNativeVideo\"><\/div>\n<p>Bundan sonra b\u00f6y\u00fckl\u0259r v\u0259 g\u0259ncl\u0259rd\u0259n ibar\u0259t komandalar\u0131n birlikd\u0259 m\u0259\u015fq etm\u0259si q\u0259rara al\u0131n\u0131b.<\/p>\n<p>Yeni t\u0259yin olunan m\u0259\u015fq\u00e7il\u0259r hey\u0259ti is\u0259 h\u0259r iki komandaya n\u0259zar\u0259ti h\u0259yata ke\u00e7ir\u0259c\u0259k.<\/p>\n<p>Qeyd ed\u0259k ki, avqustun 2-d\u0259 Tokio Olimpiadas\u0131ndak\u0131 u\u011fursuz \u00e7\u0131x\u0131\u015f\u0131 \u0259sas g\u00f6t\u00fcr\u00fcl\u0259r\u0259k millinin m\u0259\u015fq\u00e7il\u0259r hey\u0259ti b\u00fct\u00fcnl\u00fckl\u0259 istefaya g\u00f6nd\u0259rilib.<\/p>\n<p>Ukraynal\u0131 ba\u015f m\u0259\u015fq\u00e7i Ruslan Ma\u015furenko ba\u015fda olmaqla, onun b\u00fct\u00fcn k\u00f6m\u0259k\u00e7il\u0259ri komandadan g\u00f6nd\u0259rilib.<\/p>\n","protected":false},"excerpt":{"rendered":"<p>Az\u0259rbaycan C\u00fcdo Federasiyas\u0131nda c\u00fcdo \u00fczr\u0259 ki\u015fil\u0259rd\u0259n ibar\u0259t milli komandaya yeni t\u0259yinatlar olub. ARANTV.AZ\u00a0 x\u0259b\u0259r\u00a0verir ki, Pekin Olimpiadas\u0131n\u0131n v\u0259 a\u00e7\u0131q d\u00fcnya \u00e7empionat\u0131n\u0131n b\u00fcr\u00fcnc m\u00fckafat\u00e7\u0131s\u0131 M\u00f6vlud Mir\u0259liyev c\u00fcdo millimizin ba\u015f m\u0259\u015fq\u00e7isi, El\u00e7in \u0130smay\u0131lov, Elxan R\u0259c\u0259bli, \u015e\u00fcm\u015fad B\u0259hramov, \u0130lham M\u0259mm\u0259dov v\u0259 Zaur Babayev is\u0259 onun k\u00f6m\u0259k\u00e7il\u0259ri t\u0259yin olunub. Bundan sonra b\u00f6y\u00fckl\u0259r v\u0259 g\u0259ncl\u0259rd\u0259n ibar\u0259t komandalar\u0131n birlikd\u0259 m\u0259\u015fq etm\u0259si q\u0259rara al\u0131n\u0131b. Yeni t\u0259yin olunan m\u0259\u015fq\u00e7il\u0259r hey\u0259ti is\u0259 h\u0259r iki komandaya n\u0259zar\u0259ti h\u0259yata ke\u00e7ir\u0259c\u0259k. Qeyd ed\u0259k ki, avqustun 2-d\u0259 Tokio Olimpiadas\u0131ndak\u0131 u\u011fursuz \u00e7\u0131x\u0131\u015f\u0131 \u0259sas g\u00f6t\u00fcr\u00fcl\u0259r\u0259k millinin m\u0259\u015fq\u00e7il\u0259r hey\u0259ti b\u00fct\u00fcnl\u00fckl\u0259 istefaya g\u00f6nd\u0259rilib. Ukraynal\u0131 ba\u015f m\u0259\u015fq\u00e7i Ruslan&hellip;<\/p>\n","protected":false},"author":2,"featured_media":365096,"comment_status":"closed","ping_status":"closed","sticky":false,"template":"","format":"standard","meta":{"om_disable_all_campaigns":false,"_monsterinsights_skip_tracking":false,"_monsterinsights_sitenote_active":false,"_monsterinsights_sitenote_note":"","_monsterinsights_sitenote_category":0},"categories":[26],"tags":[],"aioseo_notices":[],"gutentor_comment":0,"rttpg_featured_image_url":{"full":["https:\/\/arantv.az\/wp-content\/uploads\/2021\/08\/teyinat_51628595083.jpg",649,433,false],"landscape":["https:\/\/arantv.az\/wp-content\/uploads\/2021\/08\/teyinat_51628595083.jpg",649,433,false],"portraits":["https:\/\/arantv.az\/wp-content\/uploads\/2021\/08\/teyinat_51628595083.jpg",649,433,false],"thumbnail":["https:\/\/arantv.az\/wp-content\/uploads\/2021\/08\/teyinat_51628595083-500x280.jpg",500,280,true],"medium":["https:\/\/arantv.az\/wp-content\/uploads\/2021\/08\/teyinat_51628595083-547x365.jpg",547,365,true],"large":["https:\/\/arantv.az\/wp-content\/uploads\/2021\/08\/teyinat_51628595083.jpg",640,427,false],"1536x1536":["https:\/\/arantv.az\/wp-content\/uploads\/2021\/08\/teyinat_51628595083.jpg",649,433,false],"2048x2048":["https:\/\/arantv.az\/wp-content\/uploads\/2021\/08\/teyinat_51628595083.jpg",649,433,false],"post-thumbnail":["https:\/\/arantv.az\/wp-content\/uploads\/2021\/08\/teyinat_51628595083-240x172.jpg",240,172,true],"advps-thumb-one":["https:\/\/arantv.az\/wp-content\/uploads\/2021\/08\/teyinat_51628595083.jpg",649,433,false]},"rttpg_author":{"display_name":"V\u00fcsal Rafiqo\u011flu","author_link":"https:\/\/arantv.az\/?author=2"},"rttpg_comment":0,"rttpg_category":"<a href=\"https:\/\/arantv.az\/?cat=26\" rel=\"category\">Sosial<\/a>","rttpg_excerpt":"Az\u0259rbaycan C\u00fcdo Federasiyas\u0131nda c\u00fcdo \u00fczr\u0259 ki\u015fil\u0259rd\u0259n ibar\u0259t milli komandaya yeni t\u0259yinatlar olub. ARANTV.AZ\u00a0 x\u0259b\u0259r\u00a0verir ki, Pekin Olimpiadas\u0131n\u0131n v\u0259 a\u00e7\u0131q d\u00fcnya \u00e7empionat\u0131n\u0131n b\u00fcr\u00fcnc m\u00fckafat\u00e7\u0131s\u0131 M\u00f6vlud Mir\u0259liyev c\u00fcdo millimizin ba\u015f m\u0259\u015fq\u00e7isi, El\u00e7in \u0130smay\u0131lov, Elxan R\u0259c\u0259bli, \u015e\u00fcm\u015fad B\u0259hramov, \u0130lham M\u0259mm\u0259dov v\u0259 Zaur Babayev is\u0259 onun k\u00f6m\u0259k\u00e7il\u0259ri t\u0259yin olunub. Bundan sonra b\u00f6y\u00fckl\u0259r v\u0259 g\u0259ncl\u0259rd\u0259n ibar\u0259t komandalar\u0131n birlikd\u0259 m\u0259\u015fq etm\u0259si&hellip;","_links":{"self":[{"href":"https:\/\/arantv.az\/index.php?rest_route=\/wp\/v2\/posts\/365095"}],"collection":[{"href":"https:\/\/arantv.az\/index.php?rest_route=\/wp\/v2\/posts"}],"about":[{"href":"https:\/\/arantv.az\/index.php?rest_route=\/wp\/v2\/types\/post"}],"author":[{"embeddable":true,"href":"https:\/\/arantv.az\/index.php?rest_route=\/wp\/v2\/users\/2"}],"replies":[{"embeddable":true,"href":"https:\/\/arantv.az\/index.php?rest_route=%2Fwp%2Fv2%2Fcomments&post=365095"}],"version-history":[{"count":0,"href":"https:\/\/arantv.az\/index.php?rest_route=\/wp\/v2\/posts\/365095\/revisions"}],"wp:featuredmedia":[{"embeddable":true,"href":"https:\/\/arantv.az\/index.php?rest_route=\/wp\/v2\/media\/365096"}],"wp:attachment":[{"href":"https:\/\/arantv.az\/index.php?rest_route=%2Fwp%2Fv2%2Fmedia&parent=365095"}],"wp:term":[{"taxonomy":"category","embeddable":true,"href":"https:\/\/arantv.az\/index.php?rest_route=%2Fwp%2Fv2%2Fcategories&post=365095"},{"taxonomy":"post_tag","embeddable":true,"href":"https:\/\/arantv.az\/index.php?rest_route=%2Fwp%2Fv2%2Ftags&post=365095"}],"curies":[{"name":"wp","href":"https:\/\/api.w.org\/{rel}","templated":true}]}}