{"id":365098,"date":"2021-08-10T14:40:51","date_gmt":"2021-08-10T11:40:51","guid":{"rendered":"http:\/\/arantv.az\/?p=365098"},"modified":"2021-08-10T14:40:51","modified_gmt":"2021-08-10T11:40:51","slug":"zibil-anbarina-cevril%c9%99n-k%c9%99nd-kuc%c9%99-itl%c9%99ri-ucun-oylaga-cevrilib-video","status":"publish","type":"post","link":"https:\/\/arantv.az\/?p=365098","title":{"rendered":"Zibil anbar\u0131na \u00e7evril\u0259n k\u0259nd k\u00fc\u00e7\u0259 itl\u0259ri \u00fc\u00e7\u00fcn oyla\u011fa \u00e7evrilib &#8211; V\u0130DEO"},"content":{"rendered":"<article class=\"news\">\n<div class=\"news-inner\">\n<p>Xa\u00e7mazda yerl\u0259\u015f\u0259n m\u0259i\u015f\u0259t tullant\u0131lar\u0131 poliqonunda zibil qoxusunun \u0259trafa yay\u0131lmas\u0131 sakinl\u0259rin naraz\u0131l\u0131\u011f\u0131na s\u0259b\u0259b olur.<\/p>\n<p>Baku TV x\u0259b\u0259r verir ki, rayonunun Hac\u0131\u0259lib\u0259y k\u0259ndinin sakinl\u0259ri \u0259raziy\u0259 at\u0131lan heyvan c\u0259s\u0259dl\u0259rinin \u0259trafa yayd\u0131\u011f\u0131 k\u0259skin iyd\u0259n evd\u0259 oturma\u011f\u0131n, h\u0259tta yoldan ke\u00e7m\u0259yin bel\u0259\u00a0m\u00fcmk\u00fcn olmad\u0131\u011f\u0131n\u0131 deyirl\u0259r.<\/p>\n<div id=\"AdviadNativeVideo0\" class=\"AdviadNativeVideo\"><\/div>\n<p>K\u0259sil\u0259n heyvanlar\u0131n qal\u0131qlar\u0131n\u0131n da m\u0259hz bura\u00a0at\u0131lmas\u0131\u00a0\u0259razini h\u0259m d\u0259 sahibsiz itl\u0259rin oyla\u011f\u0131na \u00e7evirib. V\u0259t\u0259nda\u015flar bir yandan \u00fcfun\u0259t qoxusundan, dig\u0259r t\u0259r\u0259fd\u0259n d\u0259 itl\u0259rin \u0259lind\u0259n zara g\u0259libl\u0259r. Dedikl\u0259rin\u0259 g\u00f6r\u0259, d\u0259f\u0259l\u0259rl\u0259 saylar\u0131 g\u00fcn\u00fc-g\u00fcnd\u0259n artan sahibsiz itl\u0259rin h\u00fccumuna m\u0259ruz qal\u0131blar.<\/p>\n<p>Yaranan m\u0259nz\u0259r\u0259 x\u00fcsusil\u0259 yax\u0131nl\u0131qda ya\u015fayan sakinl\u0259rin ciddi narahatl\u0131\u011f\u0131na s\u0259b\u0259b olur. Onlar \u0259raziy\u0259 zibil qutular\u0131n\u0131n qoyulmas\u0131n\u0131, h\u0259m\u00e7inin tullant\u0131lar\u0131n vaxt\u0131-vaxt\u0131nda da\u015f\u0131nmas\u0131n\u0131 ist\u0259yirl\u0259r. V\u0259t\u0259nda\u015flar\u0131n \u00fczl\u0259\u015fdikl\u0259ri bu xo\u015fag\u0259lm\u0259z v\u0259ziyy\u0259t\u0259 ayd\u0131nl\u0131q g\u0259tirm\u0259k m\u0259qs\u0259dil\u0259 k\u0259nd b\u0259l\u0259diyy\u0259sinin qap\u0131s\u0131n\u0131 d\u00f6yd\u00fck. B\u0259l\u0259diyy\u0259 s\u0259dri \u0259razini el\u0259 sakinl\u0259rin \u00f6zl\u0259rinin zibil poliqonuna \u00e7evirdiyini bildirdi. Bununla bel\u0259, m\u0259i\u015f\u0259t tullant\u0131lar\u0131n\u0131n da\u015f\u0131naca\u011f\u0131na, yax\u0131n g\u00fcnl\u0259rd\u0259 \u0259razinin t\u0259mizl\u0259n\u0259c\u0259yin\u0259 s\u00f6z verdi.<\/p>\n<div><iframe loading=\"lazy\" title=\"YouTube video player\" src=\"https:\/\/www.youtube.com\/embed\/et0-EuAKxs0\" width=\"560\" height=\"315\" frameborder=\"0\" allowfullscreen=\"allowfullscreen\" data-mce-fragment=\"1\"><\/iframe><\/div>\n<\/div>\n<\/article>\n<h2 class=\"news-share-title\"><\/h2>\n","protected":false},"excerpt":{"rendered":"<p>Xa\u00e7mazda yerl\u0259\u015f\u0259n m\u0259i\u015f\u0259t tullant\u0131lar\u0131 poliqonunda zibil qoxusunun \u0259trafa yay\u0131lmas\u0131 sakinl\u0259rin naraz\u0131l\u0131\u011f\u0131na s\u0259b\u0259b olur. Baku TV x\u0259b\u0259r verir ki, rayonunun Hac\u0131\u0259lib\u0259y k\u0259ndinin sakinl\u0259ri \u0259raziy\u0259 at\u0131lan heyvan c\u0259s\u0259dl\u0259rinin \u0259trafa yayd\u0131\u011f\u0131 k\u0259skin iyd\u0259n evd\u0259 oturma\u011f\u0131n, h\u0259tta yoldan ke\u00e7m\u0259yin bel\u0259\u00a0m\u00fcmk\u00fcn olmad\u0131\u011f\u0131n\u0131 deyirl\u0259r. K\u0259sil\u0259n heyvanlar\u0131n qal\u0131qlar\u0131n\u0131n da m\u0259hz bura\u00a0at\u0131lmas\u0131\u00a0\u0259razini h\u0259m d\u0259 sahibsiz itl\u0259rin oyla\u011f\u0131na \u00e7evirib. V\u0259t\u0259nda\u015flar bir yandan \u00fcfun\u0259t qoxusundan, dig\u0259r t\u0259r\u0259fd\u0259n d\u0259 itl\u0259rin \u0259lind\u0259n zara g\u0259libl\u0259r. Dedikl\u0259rin\u0259 g\u00f6r\u0259, d\u0259f\u0259l\u0259rl\u0259 saylar\u0131 g\u00fcn\u00fc-g\u00fcnd\u0259n artan sahibsiz itl\u0259rin h\u00fccumuna m\u0259ruz qal\u0131blar. Yaranan m\u0259nz\u0259r\u0259 x\u00fcsusil\u0259 yax\u0131nl\u0131qda ya\u015fayan sakinl\u0259rin ciddi narahatl\u0131\u011f\u0131na s\u0259b\u0259b olur. Onlar \u0259raziy\u0259 zibil qutular\u0131n\u0131n qoyulmas\u0131n\u0131, h\u0259m\u00e7inin tullant\u0131lar\u0131n&hellip;<\/p>\n","protected":false},"author":2,"featured_media":365099,"comment_status":"closed","ping_status":"closed","sticky":false,"template":"","format":"standard","meta":{"om_disable_all_campaigns":false,"_monsterinsights_skip_tracking":false,"_monsterinsights_sitenote_active":false,"_monsterinsights_sitenote_note":"","_monsterinsights_sitenote_category":0},"categories":[26],"tags":[],"aioseo_notices":[],"gutentor_comment":0,"rttpg_featured_image_url":{"full":["https:\/\/arantv.az\/wp-content\/uploads\/2021\/08\/zibillik.jpg",620,347,false],"landscape":["https:\/\/arantv.az\/wp-content\/uploads\/2021\/08\/zibillik.jpg",620,347,false],"portraits":["https:\/\/arantv.az\/wp-content\/uploads\/2021\/08\/zibillik.jpg",620,347,false],"thumbnail":["https:\/\/arantv.az\/wp-content\/uploads\/2021\/08\/zibillik-500x280.jpg",500,280,true],"medium":["https:\/\/arantv.az\/wp-content\/uploads\/2021\/08\/zibillik.jpg",620,347,false],"large":["https:\/\/arantv.az\/wp-content\/uploads\/2021\/08\/zibillik.jpg",620,347,false],"1536x1536":["https:\/\/arantv.az\/wp-content\/uploads\/2021\/08\/zibillik.jpg",620,347,false],"2048x2048":["https:\/\/arantv.az\/wp-content\/uploads\/2021\/08\/zibillik.jpg",620,347,false],"post-thumbnail":["https:\/\/arantv.az\/wp-content\/uploads\/2021\/08\/zibillik-240x172.jpg",240,172,true],"advps-thumb-one":["https:\/\/arantv.az\/wp-content\/uploads\/2021\/08\/zibillik.jpg",620,347,false]},"rttpg_author":{"display_name":"V\u00fcsal Rafiqo\u011flu","author_link":"https:\/\/arantv.az\/?author=2"},"rttpg_comment":0,"rttpg_category":"<a href=\"https:\/\/arantv.az\/?cat=26\" rel=\"category\">Sosial<\/a>","rttpg_excerpt":"Xa\u00e7mazda yerl\u0259\u015f\u0259n m\u0259i\u015f\u0259t tullant\u0131lar\u0131 poliqonunda zibil qoxusunun \u0259trafa yay\u0131lmas\u0131 sakinl\u0259rin naraz\u0131l\u0131\u011f\u0131na s\u0259b\u0259b olur. Baku TV x\u0259b\u0259r verir ki, rayonunun Hac\u0131\u0259lib\u0259y k\u0259ndinin sakinl\u0259ri \u0259raziy\u0259 at\u0131lan heyvan c\u0259s\u0259dl\u0259rinin \u0259trafa yayd\u0131\u011f\u0131 k\u0259skin iyd\u0259n evd\u0259 oturma\u011f\u0131n, h\u0259tta yoldan ke\u00e7m\u0259yin bel\u0259\u00a0m\u00fcmk\u00fcn olmad\u0131\u011f\u0131n\u0131 deyirl\u0259r. K\u0259sil\u0259n heyvanlar\u0131n qal\u0131qlar\u0131n\u0131n da m\u0259hz bura\u00a0at\u0131lmas\u0131\u00a0\u0259razini h\u0259m d\u0259 sahibsiz itl\u0259rin oyla\u011f\u0131na \u00e7evirib. V\u0259t\u0259nda\u015flar bir yandan \u00fcfun\u0259t qoxusundan,&hellip;","_links":{"self":[{"href":"https:\/\/arantv.az\/index.php?rest_route=\/wp\/v2\/posts\/365098"}],"collection":[{"href":"https:\/\/arantv.az\/index.php?rest_route=\/wp\/v2\/posts"}],"about":[{"href":"https:\/\/arantv.az\/index.php?rest_route=\/wp\/v2\/types\/post"}],"author":[{"embeddable":true,"href":"https:\/\/arantv.az\/index.php?rest_route=\/wp\/v2\/users\/2"}],"replies":[{"embeddable":true,"href":"https:\/\/arantv.az\/index.php?rest_route=%2Fwp%2Fv2%2Fcomments&post=365098"}],"version-history":[{"count":0,"href":"https:\/\/arantv.az\/index.php?rest_route=\/wp\/v2\/posts\/365098\/revisions"}],"wp:featuredmedia":[{"embeddable":true,"href":"https:\/\/arantv.az\/index.php?rest_route=\/wp\/v2\/media\/365099"}],"wp:attachment":[{"href":"https:\/\/arantv.az\/index.php?rest_route=%2Fwp%2Fv2%2Fmedia&parent=365098"}],"wp:term":[{"taxonomy":"category","embeddable":true,"href":"https:\/\/arantv.az\/index.php?rest_route=%2Fwp%2Fv2%2Fcategories&post=365098"},{"taxonomy":"post_tag","embeddable":true,"href":"https:\/\/arantv.az\/index.php?rest_route=%2Fwp%2Fv2%2Ftags&post=365098"}],"curies":[{"name":"wp","href":"https:\/\/api.w.org\/{rel}","templated":true}]}}