{"id":365114,"date":"2021-08-10T15:20:06","date_gmt":"2021-08-10T12:20:06","guid":{"rendered":"http:\/\/arantv.az\/?p=365114"},"modified":"2021-08-10T15:20:06","modified_gmt":"2021-08-10T12:20:06","slug":"bas-nazir-mes%c9%99-yanginlarina-gor%c9%99-uzr-ist%c9%99yib","status":"publish","type":"post","link":"https:\/\/arantv.az\/?p=365114","title":{"rendered":"Ba\u015f nazir me\u015f\u0259 yan\u011f\u0131nlar\u0131na g\u00f6r\u0259 \u00fczr ist\u0259yib"},"content":{"rendered":"<p>Yunan\u0131stan\u0131n ba\u015f naziri \u00f6lk\u0259boyu yay\u0131lan me\u015f\u0259 yan\u011f\u0131nlar\u0131 il\u0259 m\u00fcbariz\u0259d\u0259ki u\u011fursuzlu\u011fa g\u00f6r\u0259 \u00fczr ist\u0259yib. Y\u00fczl\u0259rl\u0259 yan\u011f\u0131ns\u00f6nd\u00fcr\u0259n yan\u011f\u0131nlarla m\u00fcbariz\u0259 apard\u0131\u011f\u0131 vaxtda minl\u0259rl\u0259 \u015f\u0259xs evl\u0259rini t\u0259rk etm\u0259y\u0259 m\u0259cbur olub. Yan\u011f\u0131nlar \u00e7oxlu m\u00fclkiyy\u0259t\u0259 ziyan vurub. &#8220;B\u0259lk\u0259 d\u0259 insan olaraq m\u00fcmk\u00fcn olan\u0131 etdik, amma bu, bir \u00e7ox hallarda kifay\u0259t etm\u0259di,&#8221; &#8211; Kyriakos Mitsotakis deyib.<\/p>\n<p><strong>ARANTV.AZ<\/strong> BBC-y\u0259 istinad\u0259n x\u0259b\u0259r verir ki, Afinan\u0131n \u015fimal-\u015f\u0259rqind\u0259 yerl\u0259\u015f\u0259n, bir h\u0259ft\u0259dir alovlanan Evia adas\u0131ndan h\u0259l\u0259 d\u0259 qat\u0131 t\u00fcst\u00fc qalxmaqdad\u0131r.<\/p>\n<p>Paytaxt\u0131n k\u0259nar\u0131nda yerl\u0259\u015f\u0259n Evia adas\u0131nda v\u0259 Yunan\u0131stan\u0131n dig\u0259r b\u00f6lg\u0259l\u0259rind\u0259 onlarla ev v\u0259 y\u00fcz hektarlarla me\u015f\u0259 yan\u0131b.<\/p>\n<p>Adan\u0131n y\u00fczl\u0259rl\u0259 sakini t\u0259xliy\u0259 olunub.<\/p>\n<p>&#8220;Evl\u0259rinin v\u0259 ya \u0259mlak\u0131n\u0131n yand\u0131\u011f\u0131n\u0131 g\u00f6r\u0259n h\u0259mv\u0259t\u0259nl\u0259rimizin a\u011fr\u0131lar\u0131n\u0131 tamamil\u0259 ba\u015fa d\u00fc\u015f\u00fcr\u0259m,&#8221; &#8211; Ba\u015f nazir Mitsotakis televiziya m\u00fcraci\u0259tind\u0259 deyib.<\/p>\n<p>Ancaq o, \u00f6lk\u0259nin &#8220;g\u00f6r\u00fcnm\u0259mi\u015f \u00f6l\u00e7\u00fcd\u0259 t\u0259bii f\u0259lak\u0259tl\u0259 \u00fczl\u0259\u015fdiyini&#8221; s\u00f6yl\u0259yib.<\/p>\n<p>\u00d6lk\u0259d\u0259 h\u00f6kum\u0259tin reaksiyas\u0131ndak\u0131 gecikm\u0259l\u0259r v\u0259 nasazl\u0131qlar, o c\u00fcml\u0259d\u0259n yan\u011f\u0131ns\u00f6nd\u00fcr\u0259n t\u0259yyar\u0259l\u0259rin \u00e7at\u0131\u015fmazl\u0131\u011f\u0131 s\u0259b\u0259bind\u0259n ictimai q\u0259z\u0259b art\u0131b.<\/p>\n<p>Ba\u015f nazir &#8220;h\u0259r hans\u0131 bir u\u011fursuzlu\u011fun m\u00fc\u0259yy\u0259n edil\u0259c\u0259yini&#8221; bildirib, ancaq israrla yan\u011f\u0131ns\u00f6nd\u00fcr\u0259nl\u0259rin &#8220;\u00e7ox vaxt imkanlar\u0131n\u0131 a\u015fan f\u00f6vq\u0259lt\u0259bii g\u00fccl\u0259rl\u0259 d\u00f6y\u00fc\u015fd\u00fcy\u00fcn\u00fc&#8221; vur\u011fulay\u0131b.<\/p>\n<p>Yan\u011f\u0131nlar n\u0259tic\u0259sind\u0259 \u00fc\u00e7 n\u0259f\u0259rin \u00f6ld\u00fcy\u00fc, bir ne\u00e7\u0259 \u015f\u0259xsin x\u0259sar\u0259t ald\u0131\u011f\u0131 bildirilir.<\/p>\n<p>Avropa \u0130ttifaq\u0131 \u00f6lk\u0259l\u0259ri, Rusiya, B\u00f6y\u00fck Britaniya v\u0259 AB\u015e Yunan\u0131stana 1000-d\u0259n \u00e7ox yan\u011f\u0131ns\u00f6nd\u00fcr\u0259n, t\u0259yyar\u0259 v\u0259 \u0259lav\u0259 vasit\u0259 g\u00f6nd\u0259rib.<\/p>\n","protected":false},"excerpt":{"rendered":"<p>Yunan\u0131stan\u0131n ba\u015f naziri \u00f6lk\u0259boyu yay\u0131lan me\u015f\u0259 yan\u011f\u0131nlar\u0131 il\u0259 m\u00fcbariz\u0259d\u0259ki u\u011fursuzlu\u011fa g\u00f6r\u0259 \u00fczr ist\u0259yib. Y\u00fczl\u0259rl\u0259 yan\u011f\u0131ns\u00f6nd\u00fcr\u0259n yan\u011f\u0131nlarla m\u00fcbariz\u0259 apard\u0131\u011f\u0131 vaxtda minl\u0259rl\u0259 \u015f\u0259xs evl\u0259rini t\u0259rk etm\u0259y\u0259 m\u0259cbur olub. Yan\u011f\u0131nlar \u00e7oxlu m\u00fclkiyy\u0259t\u0259 ziyan vurub. &#8220;B\u0259lk\u0259 d\u0259 insan olaraq m\u00fcmk\u00fcn olan\u0131 etdik, amma bu, bir \u00e7ox hallarda kifay\u0259t etm\u0259di,&#8221; &#8211; Kyriakos Mitsotakis deyib. ARANTV.AZ BBC-y\u0259 istinad\u0259n x\u0259b\u0259r verir ki, Afinan\u0131n \u015fimal-\u015f\u0259rqind\u0259 yerl\u0259\u015f\u0259n, bir h\u0259ft\u0259dir alovlanan Evia adas\u0131ndan h\u0259l\u0259 d\u0259 qat\u0131 t\u00fcst\u00fc qalxmaqdad\u0131r. Paytaxt\u0131n k\u0259nar\u0131nda yerl\u0259\u015f\u0259n Evia adas\u0131nda v\u0259 Yunan\u0131stan\u0131n dig\u0259r b\u00f6lg\u0259l\u0259rind\u0259 onlarla ev v\u0259 y\u00fcz hektarlarla me\u015f\u0259 yan\u0131b. Adan\u0131n y\u00fczl\u0259rl\u0259 sakini t\u0259xliy\u0259 olunub. &#8220;Evl\u0259rinin&hellip;<\/p>\n","protected":false},"author":2,"featured_media":365115,"comment_status":"closed","ping_status":"closed","sticky":false,"template":"","format":"standard","meta":{"om_disable_all_campaigns":false,"_monsterinsights_skip_tracking":false,"_monsterinsights_sitenote_active":false,"_monsterinsights_sitenote_note":"","_monsterinsights_sitenote_category":0},"categories":[7],"tags":[],"aioseo_notices":[],"gutentor_comment":0,"rttpg_featured_image_url":{"full":["https:\/\/arantv.az\/wp-content\/uploads\/2021\/08\/971179.jpg",800,600,false],"landscape":["https:\/\/arantv.az\/wp-content\/uploads\/2021\/08\/971179.jpg",800,600,false],"portraits":["https:\/\/arantv.az\/wp-content\/uploads\/2021\/08\/971179.jpg",800,600,false],"thumbnail":["https:\/\/arantv.az\/wp-content\/uploads\/2021\/08\/971179-500x280.jpg",500,280,true],"medium":["https:\/\/arantv.az\/wp-content\/uploads\/2021\/08\/971179-487x365.jpg",487,365,true],"large":["https:\/\/arantv.az\/wp-content\/uploads\/2021\/08\/971179.jpg",640,480,false],"1536x1536":["https:\/\/arantv.az\/wp-content\/uploads\/2021\/08\/971179.jpg",800,600,false],"2048x2048":["https:\/\/arantv.az\/wp-content\/uploads\/2021\/08\/971179.jpg",800,600,false],"post-thumbnail":["https:\/\/arantv.az\/wp-content\/uploads\/2021\/08\/971179-240x172.jpg",240,172,true],"advps-thumb-one":["https:\/\/arantv.az\/wp-content\/uploads\/2021\/08\/971179.jpg",800,600,false]},"rttpg_author":{"display_name":"V\u00fcsal Rafiqo\u011flu","author_link":"https:\/\/arantv.az\/?author=2"},"rttpg_comment":0,"rttpg_category":"<a href=\"https:\/\/arantv.az\/?cat=7\" rel=\"category\">D\u00fcnya<\/a>","rttpg_excerpt":"Yunan\u0131stan\u0131n ba\u015f naziri \u00f6lk\u0259boyu yay\u0131lan me\u015f\u0259 yan\u011f\u0131nlar\u0131 il\u0259 m\u00fcbariz\u0259d\u0259ki u\u011fursuzlu\u011fa g\u00f6r\u0259 \u00fczr ist\u0259yib. Y\u00fczl\u0259rl\u0259 yan\u011f\u0131ns\u00f6nd\u00fcr\u0259n yan\u011f\u0131nlarla m\u00fcbariz\u0259 apard\u0131\u011f\u0131 vaxtda minl\u0259rl\u0259 \u015f\u0259xs evl\u0259rini t\u0259rk etm\u0259y\u0259 m\u0259cbur olub. Yan\u011f\u0131nlar \u00e7oxlu m\u00fclkiyy\u0259t\u0259 ziyan vurub. &#8220;B\u0259lk\u0259 d\u0259 insan olaraq m\u00fcmk\u00fcn olan\u0131 etdik, amma bu, bir \u00e7ox hallarda kifay\u0259t etm\u0259di,&#8221; &#8211; Kyriakos Mitsotakis deyib. ARANTV.AZ BBC-y\u0259 istinad\u0259n x\u0259b\u0259r verir ki,&hellip;","_links":{"self":[{"href":"https:\/\/arantv.az\/index.php?rest_route=\/wp\/v2\/posts\/365114"}],"collection":[{"href":"https:\/\/arantv.az\/index.php?rest_route=\/wp\/v2\/posts"}],"about":[{"href":"https:\/\/arantv.az\/index.php?rest_route=\/wp\/v2\/types\/post"}],"author":[{"embeddable":true,"href":"https:\/\/arantv.az\/index.php?rest_route=\/wp\/v2\/users\/2"}],"replies":[{"embeddable":true,"href":"https:\/\/arantv.az\/index.php?rest_route=%2Fwp%2Fv2%2Fcomments&post=365114"}],"version-history":[{"count":0,"href":"https:\/\/arantv.az\/index.php?rest_route=\/wp\/v2\/posts\/365114\/revisions"}],"wp:featuredmedia":[{"embeddable":true,"href":"https:\/\/arantv.az\/index.php?rest_route=\/wp\/v2\/media\/365115"}],"wp:attachment":[{"href":"https:\/\/arantv.az\/index.php?rest_route=%2Fwp%2Fv2%2Fmedia&parent=365114"}],"wp:term":[{"taxonomy":"category","embeddable":true,"href":"https:\/\/arantv.az\/index.php?rest_route=%2Fwp%2Fv2%2Fcategories&post=365114"},{"taxonomy":"post_tag","embeddable":true,"href":"https:\/\/arantv.az\/index.php?rest_route=%2Fwp%2Fv2%2Ftags&post=365114"}],"curies":[{"name":"wp","href":"https:\/\/api.w.org\/{rel}","templated":true}]}}