{"id":365117,"date":"2021-08-10T15:21:03","date_gmt":"2021-08-10T12:21:03","guid":{"rendered":"http:\/\/arantv.az\/?p=365117"},"modified":"2021-08-10T15:21:03","modified_gmt":"2021-08-10T12:21:03","slug":"cin-litvadaki-s%c9%99firini-geri-cagirib","status":"publish","type":"post","link":"https:\/\/arantv.az\/?p=365117","title":{"rendered":"\u00c7in Litvadak\u0131 s\u0259firini geri \u00e7a\u011f\u0131r\u0131b"},"content":{"rendered":"<p>\u00c7in Litvadak\u0131 s\u0259firini geri \u00e7a\u011f\u0131r\u0131b.<\/p>\n<p><strong>ARANTV.AZ<\/strong> APA-ya istinad\u0259n bildirir ki, bu bar\u0259d\u0259 \u00c7in Xarici \u0130\u015fl\u0259r Nazirliyinin sayt\u0131nda m\u0259lumat verilib.<\/p>\n<p>Bildirilib ki, bu add\u0131m Litva h\u00f6kum\u0259tinin Tayvan\u0131n t\u0259msil\u00e7ilik ofisinin Viln\u00fcsd\u0259 a\u00e7\u0131lmas\u0131na icaz\u0259 verm\u0259si q\u0259rar\u0131 il\u0259 ba\u011fl\u0131 olaraq at\u0131l\u0131b.<\/p>\n<p>&#8220;Bu q\u0259rar \u00c7in v\u0259 Litva aras\u0131nda diplomatik \u0259laq\u0259l\u0259rin qurulmas\u0131 haqq\u0131nda kommunikenin ruhuna kobud \u015f\u0259kild\u0259 ziddir v\u0259 \u00c7inin suverenliyin\u0259 v\u0259 \u0259razi b\u00fct\u00f6vl\u00fcy\u00fcn\u0259 ciddi \u015f\u0259kild\u0259 z\u0259rb\u0259 vurur. \u00c7in h\u00f6kum\u0259ti bu add\u0131ma q\u0259ti etiraz\u0131n\u0131 bildirir. Bununla \u0259laq\u0259dar \u00c7in Litvadak\u0131 s\u0259firini geri \u00e7a\u011f\u0131rmaq q\u0259rar\u0131na g\u0259lib v\u0259 Litva h\u00f6kum\u0259tind\u0259n d\u0259 \u00c7ind\u0259ki s\u0259firini geri \u00e7a\u011f\u0131rmas\u0131n\u0131 t\u0259l\u0259b edib.<\/p>\n<p>\u00c7in t\u0259r\u0259fi Litvaya d\u00fcnyada yaln\u0131z bir &#8211; vahid \u00c7inin oldu\u011fu v\u0259 \u00c7in Xalq Respublikas\u0131n\u0131n b\u00fct\u00fcn \u00c7ini t\u0259msil ed\u0259n yegan\u0259 qanuni h\u00f6kum\u0259t oldu\u011fu bar\u0259d\u0259 x\u0259b\u0259rdar edir. Vahid \u00c7in prinsipi, beyn\u0259lxalq m\u00fcnasib\u0259tl\u0259rin q\u0259bul olunmu\u015f normas\u0131d\u0131r v\u0259 beyn\u0259lxalq ictimaiyy\u0259tin \u00fcmumi fikridir. Bu, \u00c7inin dig\u0259r \u00f6lk\u0259l\u0259rl\u0259 ikit\u0259r\u0259fli \u0259laq\u0259l\u0259ri inki\u015faf etdirm\u0259sinin siyasi t\u0259m\u0259lidir&#8221;, &#8211; dey\u0259 \u00c7in X\u0130N-in b\u0259yanat\u0131nda vur\u011fulan\u0131b.<\/p>\n<p>\u00c7in X\u0130N bildirib ki, \u00f6lk\u0259nin milli suverenliyi v\u0259 \u0259razi b\u00fct\u00f6vl\u00fcy\u00fc il\u0259 ba\u011fl\u0131 q\u0131rm\u0131z\u0131 x\u0259tt ke\u00e7ilm\u0259m\u0259lidir.<\/p>\n<p>&#8220;Litva t\u0259r\u0259fini s\u0259hv q\u0259rar\u0131n\u0131 d\u0259rhal d\u00fcz\u0259ltm\u0259y\u0259, z\u0259r\u0259rin aradan qald\u0131r\u0131lmas\u0131 \u00fc\u00e7\u00fcn konkret t\u0259dbirl\u0259r g\u00f6rm\u0259y\u0259 v\u0259 yanl\u0131\u015f yoldan geri \u00e7\u0259kilm\u0259y\u0259 \u00e7a\u011f\u0131r\u0131r\u0131q. Tayvan s\u0259lahiyy\u0259tlil\u0259rin\u0259 x\u0259b\u0259rdarl\u0131q edirik ki, &#8220;Tayvan m\u00fcst\u0259qilliyi&#8221; \u00e7\u0131x\u0131lmaz sonluqdur v\u0259 beyn\u0259lxalq al\u0259md\u0259 separat\u00e7\u0131 f\u0259aliyy\u0259tl\u0259r\u0259 edil\u0259n h\u0259r hans\u0131 c\u0259hd u\u011fursuzlu\u011fa m\u0259hkumdur&#8221;, &#8211; \u00c7in X\u0130N b\u0259yan edib<\/p>\n","protected":false},"excerpt":{"rendered":"<p>\u00c7in Litvadak\u0131 s\u0259firini geri \u00e7a\u011f\u0131r\u0131b. ARANTV.AZ APA-ya istinad\u0259n bildirir ki, bu bar\u0259d\u0259 \u00c7in Xarici \u0130\u015fl\u0259r Nazirliyinin sayt\u0131nda m\u0259lumat verilib. Bildirilib ki, bu add\u0131m Litva h\u00f6kum\u0259tinin Tayvan\u0131n t\u0259msil\u00e7ilik ofisinin Viln\u00fcsd\u0259 a\u00e7\u0131lmas\u0131na icaz\u0259 verm\u0259si q\u0259rar\u0131 il\u0259 ba\u011fl\u0131 olaraq at\u0131l\u0131b. &#8220;Bu q\u0259rar \u00c7in v\u0259 Litva aras\u0131nda diplomatik \u0259laq\u0259l\u0259rin qurulmas\u0131 haqq\u0131nda kommunikenin ruhuna kobud \u015f\u0259kild\u0259 ziddir v\u0259 \u00c7inin suverenliyin\u0259 v\u0259 \u0259razi b\u00fct\u00f6vl\u00fcy\u00fcn\u0259 ciddi \u015f\u0259kild\u0259 z\u0259rb\u0259 vurur. \u00c7in h\u00f6kum\u0259ti bu add\u0131ma q\u0259ti etiraz\u0131n\u0131 bildirir. Bununla \u0259laq\u0259dar \u00c7in Litvadak\u0131 s\u0259firini geri \u00e7a\u011f\u0131rmaq q\u0259rar\u0131na g\u0259lib v\u0259 Litva h\u00f6kum\u0259tind\u0259n d\u0259 \u00c7ind\u0259ki s\u0259firini geri \u00e7a\u011f\u0131rmas\u0131n\u0131 t\u0259l\u0259b edib. \u00c7in t\u0259r\u0259fi&hellip;<\/p>\n","protected":false},"author":2,"featured_media":365118,"comment_status":"closed","ping_status":"closed","sticky":false,"template":"","format":"standard","meta":{"om_disable_all_campaigns":false,"_monsterinsights_skip_tracking":false,"_monsterinsights_sitenote_active":false,"_monsterinsights_sitenote_note":"","_monsterinsights_sitenote_category":0},"categories":[7],"tags":[],"aioseo_notices":[],"gutentor_comment":0,"rttpg_featured_image_url":{"full":["https:\/\/arantv.az\/wp-content\/uploads\/2021\/08\/971176.jpg",800,600,false],"landscape":["https:\/\/arantv.az\/wp-content\/uploads\/2021\/08\/971176.jpg",800,600,false],"portraits":["https:\/\/arantv.az\/wp-content\/uploads\/2021\/08\/971176.jpg",800,600,false],"thumbnail":["https:\/\/arantv.az\/wp-content\/uploads\/2021\/08\/971176-500x280.jpg",500,280,true],"medium":["https:\/\/arantv.az\/wp-content\/uploads\/2021\/08\/971176-487x365.jpg",487,365,true],"large":["https:\/\/arantv.az\/wp-content\/uploads\/2021\/08\/971176.jpg",640,480,false],"1536x1536":["https:\/\/arantv.az\/wp-content\/uploads\/2021\/08\/971176.jpg",800,600,false],"2048x2048":["https:\/\/arantv.az\/wp-content\/uploads\/2021\/08\/971176.jpg",800,600,false],"post-thumbnail":["https:\/\/arantv.az\/wp-content\/uploads\/2021\/08\/971176-240x172.jpg",240,172,true],"advps-thumb-one":["https:\/\/arantv.az\/wp-content\/uploads\/2021\/08\/971176.jpg",800,600,false]},"rttpg_author":{"display_name":"V\u00fcsal Rafiqo\u011flu","author_link":"https:\/\/arantv.az\/?author=2"},"rttpg_comment":0,"rttpg_category":"<a href=\"https:\/\/arantv.az\/?cat=7\" rel=\"category\">D\u00fcnya<\/a>","rttpg_excerpt":"\u00c7in Litvadak\u0131 s\u0259firini geri \u00e7a\u011f\u0131r\u0131b. ARANTV.AZ APA-ya istinad\u0259n bildirir ki, bu bar\u0259d\u0259 \u00c7in Xarici \u0130\u015fl\u0259r Nazirliyinin sayt\u0131nda m\u0259lumat verilib. Bildirilib ki, bu add\u0131m Litva h\u00f6kum\u0259tinin Tayvan\u0131n t\u0259msil\u00e7ilik ofisinin Viln\u00fcsd\u0259 a\u00e7\u0131lmas\u0131na icaz\u0259 verm\u0259si q\u0259rar\u0131 il\u0259 ba\u011fl\u0131 olaraq at\u0131l\u0131b. &#8220;Bu q\u0259rar \u00c7in v\u0259 Litva aras\u0131nda diplomatik \u0259laq\u0259l\u0259rin qurulmas\u0131 haqq\u0131nda kommunikenin ruhuna kobud \u015f\u0259kild\u0259 ziddir v\u0259 \u00c7inin suverenliyin\u0259&hellip;","_links":{"self":[{"href":"https:\/\/arantv.az\/index.php?rest_route=\/wp\/v2\/posts\/365117"}],"collection":[{"href":"https:\/\/arantv.az\/index.php?rest_route=\/wp\/v2\/posts"}],"about":[{"href":"https:\/\/arantv.az\/index.php?rest_route=\/wp\/v2\/types\/post"}],"author":[{"embeddable":true,"href":"https:\/\/arantv.az\/index.php?rest_route=\/wp\/v2\/users\/2"}],"replies":[{"embeddable":true,"href":"https:\/\/arantv.az\/index.php?rest_route=%2Fwp%2Fv2%2Fcomments&post=365117"}],"version-history":[{"count":0,"href":"https:\/\/arantv.az\/index.php?rest_route=\/wp\/v2\/posts\/365117\/revisions"}],"wp:featuredmedia":[{"embeddable":true,"href":"https:\/\/arantv.az\/index.php?rest_route=\/wp\/v2\/media\/365118"}],"wp:attachment":[{"href":"https:\/\/arantv.az\/index.php?rest_route=%2Fwp%2Fv2%2Fmedia&parent=365117"}],"wp:term":[{"taxonomy":"category","embeddable":true,"href":"https:\/\/arantv.az\/index.php?rest_route=%2Fwp%2Fv2%2Fcategories&post=365117"},{"taxonomy":"post_tag","embeddable":true,"href":"https:\/\/arantv.az\/index.php?rest_route=%2Fwp%2Fv2%2Ftags&post=365117"}],"curies":[{"name":"wp","href":"https:\/\/api.w.org\/{rel}","templated":true}]}}