{"id":365120,"date":"2021-08-10T15:27:49","date_gmt":"2021-08-10T12:27:49","guid":{"rendered":"http:\/\/arantv.az\/?p=365120"},"modified":"2021-08-10T15:27:49","modified_gmt":"2021-08-10T12:27:49","slug":"braziliya-prezidenti-soyqiriminda-ittiham-olunur","status":"publish","type":"post","link":"https:\/\/arantv.az\/?p=365120","title":{"rendered":"Braziliya prezidenti soyq\u0131r\u0131m\u0131nda ittiham olunur"},"content":{"rendered":"<p>Braziliyan\u0131n APIB t\u0259\u015fkilat\u0131n\u0131n ictimai f\u0259allar\u0131 prezident Jair Bolsonaronu yerli \u0259halinin soyq\u0131r\u0131m\u0131nda ittiham edirl\u0259r.<\/p>\n<p>\u201cAl Jazeera\u201d x\u0259b\u0259r verir ki, bunun \u00fc\u00e7\u00fcn onlar Haaqadak\u0131 Beyn\u0259lxalq \u018fdal\u0259t M\u0259hk\u0259m\u0259sin\u0259 m\u00fcraci\u0259t edibl\u0259r.<\/p>\n<p>H\u00fcquq m\u00fcdafi\u0259\u00e7il\u0259ri hesab edir ki, siyas\u0259t\u00e7i Braziliyan\u0131n yerli xalqlar\u0131 v\u0259 onlar\u0131n v\u0259t\u0259nini m\u0259hv edib.<\/p>\n<div id=\"AdviadNativeVideo0\" class=\"AdviadNativeVideo\"><\/div>\n<p>D\u00f6vl\u0259t ba\u015f\u00e7\u0131s\u0131n\u0131n milli azl\u0131qlara qar\u015f\u0131 \u201ca\u00e7\u0131q, sistemli v\u0259 d\u00fc\u015f\u00fcn\u00fclm\u00fc\u015f bir siyas\u0259t\u201d y\u00fcr\u00fctd\u00fcy\u00fc iddia edilir.<\/p>\n<p>Braziliyan\u0131n yerli \u0259halisinin h\u00fcquqlar\u0131n\u0131 m\u00fcdafi\u0259 ed\u0259n t\u0259\u015fkilat\u0131n H\u00fcquq Koordinatoru Eloy Terena\u00a0Haaqa M\u0259hk\u0259m\u0259sin\u0259 m\u00fcraci\u0259tin s\u0259b\u0259bl\u0259rini a\u00e7\u0131qlay\u0131b. Onun s\u00f6zl\u0259rin\u0259 g\u00f6r\u0259, Braziliya m\u0259hk\u0259m\u0259l\u0259ri bu cinay\u0259tl\u0259ri m\u00fcst\u0259qil ara\u015fd\u0131ra bilmir, ona g\u00f6r\u0259 d\u0259 beyn\u0259lxalq ictimaiyy\u0259t\u0259 m\u00fcraci\u0259t etm\u0259li olublar.<\/p>\n<p>Terena yerli xalqlara qar\u015f\u0131 hakimiyy\u0259tin h\u0259r\u0259k\u0259tl\u0259rini b\u0259\u015f\u0259ri cinay\u0259t v\u0259 soyq\u0131r\u0131m\u0131 adland\u0131r\u0131b.<\/p>\n<p>O\u00a0\u0259lav\u0259 edib ki, prezident koronavirus pandemiyas\u0131n\u0131n m\u0259nfi n\u0259tic\u0259l\u0259rini g\u00fccl\u0259ndirm\u0259kd\u0259n m\u0259suldur.<\/p>\n","protected":false},"excerpt":{"rendered":"<p>Braziliyan\u0131n APIB t\u0259\u015fkilat\u0131n\u0131n ictimai f\u0259allar\u0131 prezident Jair Bolsonaronu yerli \u0259halinin soyq\u0131r\u0131m\u0131nda ittiham edirl\u0259r. \u201cAl Jazeera\u201d x\u0259b\u0259r verir ki, bunun \u00fc\u00e7\u00fcn onlar Haaqadak\u0131 Beyn\u0259lxalq \u018fdal\u0259t M\u0259hk\u0259m\u0259sin\u0259 m\u00fcraci\u0259t edibl\u0259r. H\u00fcquq m\u00fcdafi\u0259\u00e7il\u0259ri hesab edir ki, siyas\u0259t\u00e7i Braziliyan\u0131n yerli xalqlar\u0131 v\u0259 onlar\u0131n v\u0259t\u0259nini m\u0259hv edib. D\u00f6vl\u0259t ba\u015f\u00e7\u0131s\u0131n\u0131n milli azl\u0131qlara qar\u015f\u0131 \u201ca\u00e7\u0131q, sistemli v\u0259 d\u00fc\u015f\u00fcn\u00fclm\u00fc\u015f bir siyas\u0259t\u201d y\u00fcr\u00fctd\u00fcy\u00fc iddia edilir. Braziliyan\u0131n yerli \u0259halisinin h\u00fcquqlar\u0131n\u0131 m\u00fcdafi\u0259 ed\u0259n t\u0259\u015fkilat\u0131n H\u00fcquq Koordinatoru Eloy Terena\u00a0Haaqa M\u0259hk\u0259m\u0259sin\u0259 m\u00fcraci\u0259tin s\u0259b\u0259bl\u0259rini a\u00e7\u0131qlay\u0131b. Onun s\u00f6zl\u0259rin\u0259 g\u00f6r\u0259, Braziliya m\u0259hk\u0259m\u0259l\u0259ri bu cinay\u0259tl\u0259ri m\u00fcst\u0259qil ara\u015fd\u0131ra bilmir, ona g\u00f6r\u0259 d\u0259 beyn\u0259lxalq ictimaiyy\u0259t\u0259 m\u00fcraci\u0259t etm\u0259li olublar. Terena yerli&hellip;<\/p>\n","protected":false},"author":2,"featured_media":365121,"comment_status":"closed","ping_status":"closed","sticky":false,"template":"","format":"standard","meta":{"om_disable_all_campaigns":false,"_monsterinsights_skip_tracking":false,"_monsterinsights_sitenote_active":false,"_monsterinsights_sitenote_note":"","_monsterinsights_sitenote_category":0},"categories":[7],"tags":[],"aioseo_notices":[],"gutentor_comment":0,"rttpg_featured_image_url":{"full":["https:\/\/arantv.az\/wp-content\/uploads\/2021\/08\/3500.jpg",620,372,false],"landscape":["https:\/\/arantv.az\/wp-content\/uploads\/2021\/08\/3500.jpg",620,372,false],"portraits":["https:\/\/arantv.az\/wp-content\/uploads\/2021\/08\/3500.jpg",620,372,false],"thumbnail":["https:\/\/arantv.az\/wp-content\/uploads\/2021\/08\/3500-500x280.jpg",500,280,true],"medium":["https:\/\/arantv.az\/wp-content\/uploads\/2021\/08\/3500-608x365.jpg",608,365,true],"large":["https:\/\/arantv.az\/wp-content\/uploads\/2021\/08\/3500.jpg",620,372,false],"1536x1536":["https:\/\/arantv.az\/wp-content\/uploads\/2021\/08\/3500.jpg",620,372,false],"2048x2048":["https:\/\/arantv.az\/wp-content\/uploads\/2021\/08\/3500.jpg",620,372,false],"post-thumbnail":["https:\/\/arantv.az\/wp-content\/uploads\/2021\/08\/3500-240x172.jpg",240,172,true],"advps-thumb-one":["https:\/\/arantv.az\/wp-content\/uploads\/2021\/08\/3500.jpg",620,372,false]},"rttpg_author":{"display_name":"V\u00fcsal Rafiqo\u011flu","author_link":"https:\/\/arantv.az\/?author=2"},"rttpg_comment":0,"rttpg_category":"<a href=\"https:\/\/arantv.az\/?cat=7\" rel=\"category\">D\u00fcnya<\/a>","rttpg_excerpt":"Braziliyan\u0131n APIB t\u0259\u015fkilat\u0131n\u0131n ictimai f\u0259allar\u0131 prezident Jair Bolsonaronu yerli \u0259halinin soyq\u0131r\u0131m\u0131nda ittiham edirl\u0259r. \u201cAl Jazeera\u201d x\u0259b\u0259r verir ki, bunun \u00fc\u00e7\u00fcn onlar Haaqadak\u0131 Beyn\u0259lxalq \u018fdal\u0259t M\u0259hk\u0259m\u0259sin\u0259 m\u00fcraci\u0259t edibl\u0259r. H\u00fcquq m\u00fcdafi\u0259\u00e7il\u0259ri hesab edir ki, siyas\u0259t\u00e7i Braziliyan\u0131n yerli xalqlar\u0131 v\u0259 onlar\u0131n v\u0259t\u0259nini m\u0259hv edib. D\u00f6vl\u0259t ba\u015f\u00e7\u0131s\u0131n\u0131n milli azl\u0131qlara qar\u015f\u0131 \u201ca\u00e7\u0131q, sistemli v\u0259 d\u00fc\u015f\u00fcn\u00fclm\u00fc\u015f bir siyas\u0259t\u201d y\u00fcr\u00fctd\u00fcy\u00fc iddia edilir.&hellip;","_links":{"self":[{"href":"https:\/\/arantv.az\/index.php?rest_route=\/wp\/v2\/posts\/365120"}],"collection":[{"href":"https:\/\/arantv.az\/index.php?rest_route=\/wp\/v2\/posts"}],"about":[{"href":"https:\/\/arantv.az\/index.php?rest_route=\/wp\/v2\/types\/post"}],"author":[{"embeddable":true,"href":"https:\/\/arantv.az\/index.php?rest_route=\/wp\/v2\/users\/2"}],"replies":[{"embeddable":true,"href":"https:\/\/arantv.az\/index.php?rest_route=%2Fwp%2Fv2%2Fcomments&post=365120"}],"version-history":[{"count":0,"href":"https:\/\/arantv.az\/index.php?rest_route=\/wp\/v2\/posts\/365120\/revisions"}],"wp:featuredmedia":[{"embeddable":true,"href":"https:\/\/arantv.az\/index.php?rest_route=\/wp\/v2\/media\/365121"}],"wp:attachment":[{"href":"https:\/\/arantv.az\/index.php?rest_route=%2Fwp%2Fv2%2Fmedia&parent=365120"}],"wp:term":[{"taxonomy":"category","embeddable":true,"href":"https:\/\/arantv.az\/index.php?rest_route=%2Fwp%2Fv2%2Fcategories&post=365120"},{"taxonomy":"post_tag","embeddable":true,"href":"https:\/\/arantv.az\/index.php?rest_route=%2Fwp%2Fv2%2Ftags&post=365120"}],"curies":[{"name":"wp","href":"https:\/\/api.w.org\/{rel}","templated":true}]}}