{"id":365140,"date":"2021-08-11T07:56:38","date_gmt":"2021-08-11T04:56:38","guid":{"rendered":"http:\/\/arantv.az\/?p=365140"},"modified":"2021-08-11T07:56:38","modified_gmt":"2021-08-11T04:56:38","slug":"az%c9%99rbaycandan-dunyaya-tolerantliq-numun%c9%99si","status":"publish","type":"post","link":"https:\/\/arantv.az\/?p=365140","title":{"rendered":"Az\u0259rbaycandan d\u00fcnyaya tolerantl\u0131q n\u00fcmun\u0259si"},"content":{"rendered":"<p><em><strong>Milliy\u0259tind\u0259n v\u0259 dinind\u0259n as\u0131l\u0131 olmayaraq h\u0259r k\u0259s 44 g\u00fcnl\u00fck V\u0259t\u0259n sava\u015f\u0131ndak\u0131 Q\u0259l\u0259b\u0259y\u0259 \u00f6z t\u00f6hf\u0259sini\u00a0verdi<\/strong><\/em><\/p>\n<p>\u00d6lk\u0259mizin c\u0259miyy\u0259td\u0259ki f\u0259rqli m\u0259d\u0259niyy\u0259tl\u0259r\u0259 h\u00f6rm\u0259t ruhuna, tolerantl\u0131q m\u00fchitin\u0259, d\u00f6vl\u0259t v\u0259 din m\u00fcnasib\u0259tl\u0259rin\u0259 g\u00f6r\u0259 b\u00fct\u00fcn d\u00fcnyaya n\u00fcmun\u0259 olmas\u0131 m\u00fcasir d\u00f6vr\u00fcm\u00fcz\u00fcn reall\u0131\u011f\u0131d\u0131r. Az\u0259rbaycan Prezidenti \u0130lham \u018fliyev dig\u0259r sah\u0259l\u0259rd\u0259 oldu\u011fu kimi, bu istiqam\u0259td\u0259 d\u0259 m\u0259qs\u0259dy\u00f6nl\u00fc siyas\u0259ti, d\u00fczg\u00fcn q\u0259rarlar\u0131 il\u0259 m\u00f6vcud nailiyy\u0259tl\u0259ri m\u00f6hk\u0259ml\u0259ndir\u0259r\u0259k inki\u015faf etdirir.<\/p>\n<p>Prezident \u0130lham \u018fliyevin\u00a0 Az\u0259rbaycandak\u0131 dini qurumlara maliyy\u0259 yard\u0131m\u0131n\u0131n g\u00f6st\u0259rilm\u0259si haqq\u0131nda 8 iyul 2021-ci il tarixli s\u0259r\u0259ncam\u0131 bunun daha bir s\u00fcbutudur. Bel\u0259 ki, s\u0259r\u0259ncama \u0259sas\u0259n, Az\u0259rbaycan Prezidentinin 2021-ci il d\u00f6vl\u0259t b\u00fcdc\u0259sind\u0259 n\u0259z\u0259rd\u0259 tutulmu\u015f Ehtiyat Fondundan Qafqaz M\u00fcs\u0259lmanlar\u0131 \u0130dar\u0259sin\u0259 2 milyon manat, Rus Pravoslav Kils\u0259sinin Bak\u0131 v\u0259 Az\u0259rbaycan Yeparxiyas\u0131 dini qurumuna 350 min manat, Bak\u0131 \u015f\u0259h\u0259ri Da\u011f y\u0259hudil\u0259ri dini icmas\u0131na 350 min manat, Avropa y\u0259hudil\u0259rinin Bak\u0131 dini icmas\u0131na 150 min manat maliyy\u0259 yard\u0131m\u0131 n\u0259z\u0259rd\u0259 tutulub.<\/p>\n<p>Az\u0259rbaycan Respublikas\u0131nda Katolik Kils\u0259sinin Apostol Prefekturas\u0131 dini qurumuna 150 min manat v\u0259 Az\u0259rbaycan Respublikas\u0131n\u0131n Alban-Udi xristian dini icmas\u0131na 150 min manat yard\u0131m g\u00f6st\u0259ril\u0259c\u0259k. Habel\u0259 dig\u0259r qeyri-islam dini icmalar\u0131na maddi d\u0259st\u0259k m\u0259qs\u0259dil\u0259 Az\u0259rbaycan Respublikas\u0131n\u0131n Dini Qurumlarla \u0130\u015f \u00fczr\u0259 D\u00f6vl\u0259t Komit\u0259sinin tabeliyind\u0259 olan M\u0259n\u0259vi D\u0259y\u0259rl\u0259rin T\u0259bli\u011fi Fonduna 100 min manat ayr\u0131l\u0131b.<\/p>\n<p>Az\u0259rbaycanda d\u00f6vl\u0259t-din m\u00fcnasib\u0259tl\u0259rinin davaml\u0131 olaraq t\u0259kmill\u0259\u015fm\u0259sin\u0259 xidm\u0259t ed\u0259n bu add\u0131m tolerantl\u0131q v\u0259 m\u0259d\u0259ni m\u00fcxt\u0259liflik \u0259n\u0259n\u0259l\u0259rinin t\u0259bli\u011fin\u0259, c\u0259miyy\u0259timizin m\u0259n\u0259vi z\u0259nginliyin\u0259, dost v\u0259 qar\u015f\u0131l\u0131ql\u0131 anla\u015fma m\u00fcnasib\u0259tl\u0259rinin m\u00f6hk\u0259ml\u0259nm\u0259sin\u0259 z\u0259min yarad\u0131r.<\/p>\n<p>Az\u0259rbaycan Prezidentinin y\u00fcr\u00fctd\u00fcy\u00fc bu m\u0259qs\u0259dy\u00f6nl\u00fc siyas\u0259t uzun ill\u0259r m\u00fcharib\u0259 \u015f\u0259raitind\u0259 ya\u015fam\u0131\u015f, g\u00fccl\u00fc havadarlara malik d\u00fc\u015fm\u0259nl\u0259 \u00fcz-\u00fcz\u0259 qalm\u0131\u015f, z\u0259ngin s\u0259rv\u0259tl\u0259rin\u0259, geostrateji m\u00f6vqeyin\u0259, \u0259n \u0259sas\u0131 he\u00e7 kim\u0259 boyun \u0259ym\u0259d\u0259n m\u00fcst\u0259qil m\u00f6vqeyind\u0259n geri \u00e7\u0259kilm\u0259diyin\u0259 g\u00f6r\u0259 xarici t\u0259hdidl\u0259r\u0259 sin\u0259 g\u0259r\u0259n d\u00f6vl\u0259timiz \u00fc\u00e7\u00fcn \u00e7ox m\u00fch\u00fcmd\u00fcr. Prezident \u0130lham \u018fliyev bu siyas\u0259tl\u0259 g\u00f6st\u0259rir ki, Az\u0259rbaycanda tarix\u0259n f\u0259aliyy\u0259t g\u00f6st\u0259rmi\u015f s\u0259mavi dinl\u0259r daim qarda\u015fcas\u0131na, Ulu Yaradan\u0131n buyurdu\u011fu m\u0259rh\u0259m\u0259t \u00e7a\u011f\u0131r\u0131\u015flar\u0131 \u0259sas\u0131nda ya\u015fay\u0131blar. \u018fn a\u011f\u0131r g\u00fcnl\u0259rd\u0259 \u00e7iyin-\u00e7iyin\u0259 V\u0259t\u0259nin m\u00fcdafi\u0259si \u00fc\u00e7\u00fcn birg\u0259 olublar. \u00d6z dualar\u0131nda do\u011fma V\u0259t\u0259n \u00fc\u00e7\u00fcn Tanr\u0131dan firavanl\u0131q v\u0259 sabitlik ist\u0259yibl\u0259r. M\u00fcst\u0259qil Az\u0259rbaycan\u0131n son 30 ild\u0259 \u00fczl\u0259\u015fdiyi b\u00f6hranl\u0131 d\u00f6vrd\u0259, a\u011f\u0131r g\u00fcnl\u0259rd\u0259, m\u00fcharib\u0259d\u0259 bu dini h\u0259mr\u0259ylik sars\u0131lmaz qala kimi m\u00f6hk\u0259m olub.<\/p>\n<p>44 g\u00fcnl\u00fck V\u0259t\u0259n m\u00fcharib\u0259sind\u0259 Az\u0259rbaycan\u0131n m\u00fcs\u0259lman, xristian, y\u0259hudi v\u0259 dig\u0259r icmalar\u0131n\u0131n vahid m\u00f6vqeyi erm\u0259ni kils\u0259sinin uydurdu\u011fu yalanlar\u0131, saxta obrazlar\u0131 darmada\u011f\u0131n etdi. M\u00fcxt\u0259lif dinl\u0259rin b\u00fct\u00fcn n\u00fcmay\u0259nd\u0259l\u0259ri Az\u0259rbaycan\u0131n \u00f6z tarixi torpaqlar\u0131n\u0131 i\u015f\u011faldan azad etm\u0259sini d\u0259st\u0259kl\u0259dil\u0259r. Milliyy\u0259tind\u0259n\u00a0 v\u0259 dinind\u0259n as\u0131l\u0131 olmayaraq h\u0259r k\u0259s V\u0259t\u0259n sava\u015f\u0131ndak\u0131 q\u0259l\u0259b\u0259y\u0259 \u00fcmumi q\u0259l\u0259b\u0259 kimi sevindi. Bu Z\u0259f\u0259rd\u0259 q\u0259lbi Az\u0259baycanla d\u00f6y\u00fcn\u0259n, d\u00f6vl\u0259t\u00e7ilik d\u0259y\u0259rl\u0259rimiz\u0259 h\u00f6rm\u0259tl\u0259 yana\u015fan h\u0259r bir insan\u0131n pay\u0131 var.<\/p>\n<p>Bu h\u0259mr\u0259ylik, bel\u0259 bir m\u00fchit ulu \u00f6nd\u0259r Heyd\u0259r \u018fliyevin \u0259sas\u0131n\u0131 qoydu\u011fu v\u0259 bu g\u00fcn Az\u0259rbaycan Prezidenti \u0130lham \u018fliyevin b\u00f6y\u00fck \u0259zml\u0259 davam etdirdiyi d\u00f6vl\u0259t v\u0259 din siyas\u0259tinin m\u00fch\u00fcm u\u011furlar\u0131d\u0131r. Bu nailiyy\u0259tl\u0259rin \u0259ld\u0259 olunmas\u0131nda Az\u0259rbaycan\u0131n Birinci vitse-prezidenti, Heyd\u0259r \u018fliyev Fondunun r\u0259hb\u0259ri, UNESCO-nun v\u0259 \u0130CESCO-nun xo\u015fm\u0259raml\u0131 s\u0259firi Mehriban xan\u0131m \u018fliyevan\u0131n b\u00f6y\u00fck \u0259m\u0259yi var. Mehriban xan\u0131m \u018fliyevan\u0131n h\u0259m Q\u0259rb d\u00fcnyas\u0131na aid UNESCO-nun, h\u0259m \u015e\u0259rq d\u0259y\u0259rl\u0259rin\u0259 ba\u011fl\u0131 \u0130CESCO-nun xo\u015fm\u0259raml\u0131 s\u0259firi ali titulunu da\u015f\u0131mas\u0131n\u0131n, bu iki titula layiq g\u00f6r\u00fclm\u00fc\u015f \u015f\u0259xsiyy\u0259t olmas\u0131n\u0131n \u00f6z\u00fc d\u0259 Az\u0259rbaycandak\u0131 multikulturalizm m\u00fchitinin, m\u0259d\u0259niyy\u0259tl\u0259r aras\u0131nda dialoq sah\u0259sind\u0259 \u0259ld\u0259 olunmu\u015f nailiyy\u0259tl\u0259rin bariz n\u00fcmun\u0259sidir.<\/p>\n<p>Bu g\u00fcn d\u00fcnyan\u0131n ayr\u0131-ayr\u0131 \u00f6lk\u0259l\u0259rind\u0259 dini d\u00f6z\u00fcms\u00fczl\u00fck, f\u0259rdl\u0259rin inanclar\u0131na g\u00f6r\u0259 ayr\u0131-se\u00e7kiliy\u0259 m\u0259ruz qalmas\u0131 c\u0259miyy\u0259tl\u0259r \u00fc\u00e7\u00fcn ciddi problemdir. \u0130slam inanc\u0131na qar\u015f\u0131 m\u0259qs\u0259dli kampaniyalar\u0131n apar\u0131lmas\u0131 da bir faktd\u0131r. M\u00fcxt\u0259lif g\u00fcc m\u0259rk\u0259zl\u0259rind\u0259 \u0130slam\u0131n qara obraz\u0131n\u0131n formala\u015fd\u0131r\u0131lmas\u0131nda maraql\u0131 dair\u0259l\u0259r var. Bel\u0259 bir d\u00fcnyada Az\u0259rbaycan d\u00f6vl\u0259ti \u00f6z faydal\u0131 t\u0259\u015f\u0259bb\u00fcsl\u0259ri il\u0259 dini m\u00fcnasib\u0259tl\u0259rin sa\u011flam z\u0259mind\u0259 qurulmas\u0131na \u00e7al\u0131\u015f\u0131r. Evsahibliyi etdiyi beyn\u0259lxalq t\u0259dbirl\u0259rd\u0259 d\u00fcnyan\u0131n m\u00fcxt\u0259lif \u00f6lk\u0259l\u0259rind\u0259n n\u00fcfuzlu din xadiml\u0259rini bir araya g\u0259tirir. Buradan b\u00fct\u00fcn d\u00fcnyaya s\u00fclh, b\u0259\u015f\u0259riyy\u0259tin xo\u015fb\u0259xtliyi \u00fc\u00e7\u00fcn \u00e7a\u011f\u0131r\u0131\u015flar \u00fcnvanlay\u0131r. El\u0259 Az\u0259rbaycandak\u0131 tolerantl\u0131\u011f\u0131n \u0259n g\u00f6z\u0259l n\u00fcmun\u0259l\u0259rind\u0259n biri d\u0259 tez-tez b\u00fct\u00fcn dini icmalar\u0131n n\u00fcmay\u0259nd\u0259l\u0259rinin \u00f6lk\u0259mizd\u0259 bir araya g\u0259lm\u0259sidir.<\/p>\n<p>S\u0259mavi dinl\u0259rin n\u00fcmay\u0259nd\u0259l\u0259rinin mehriban \u015f\u0259kild\u0259 bir araya g\u0259lm\u0259si olduqca nadir hadis\u0259dir v\u0259 sevindirici hald\u0131r ki, bu m\u0259hz Az\u0259rbaycanda ba\u015f verir. D\u00f6vl\u0259timiz \u0130slam abid\u0259l\u0259ri il\u0259 yana\u015f\u0131, \u00f6lk\u0259mizd\u0259 dig\u0259r dinl\u0259r\u0259 aid m\u00fcq\u0259dd\u0259s m\u0259kanlara da qay\u011f\u0131 g\u00f6st\u0259rir. Tikinti-quruculuq i\u015fl\u0259ri il\u0259 onlar\u0131 h\u0259yata qaytar\u0131r, d\u0259y\u0259rli irs kimi n\u0259sill\u0259rd\u0259n-n\u0259sill\u0259r\u0259 \u00f6t\u00fcr\u00fcr.<\/p>\n<p>Prezident \u0130lham \u018fliyevin b\u0259yan etdiyi kimi, dinl\u0259r v\u0259 m\u0259zh\u0259bl\u0259r aras\u0131nda dostluq v\u0259 d\u00f6z\u00fcml\u00fcl\u00fck m\u00fcnasib\u0259tl\u0259rinin alternativi yoxdur: \u00abBu g\u00fcn d\u00fcnyada tolerantl\u0131q \u00f6rn\u0259yi kimi tan\u0131nan Az\u0259rbaycan sivilizasiyalararas\u0131 dialoqun, beyn\u0259lxalq s\u00fclh v\u0259 t\u0259hl\u00fck\u0259sizliyin t\u0259min olunmas\u0131 istiqam\u0259tind\u0259 ard\u0131c\u0131l olaraq z\u0259ruri t\u0259\u015f\u0259bb\u00fcs v\u0259 \u00e7a\u011f\u0131r\u0131\u015flarla \u00e7\u0131x\u0131\u015f edir. Son ill\u0259r \u00f6lk\u0259mizd\u0259 beyn\u0259lxalq humanitar forumlar\u0131n, d\u00fcnya dini liderl\u0259rinin sammitl\u0259rinin ke\u00e7irilm\u0259si, Beyn\u0259lxalq tolerantl\u0131q g\u00fcn\u00fcn\u00fcn b\u00f6y\u00fck m\u0259mnuniyy\u0259t hissi il\u0259 ayr\u0131-ayr\u0131 konfessiyalar\u0131n n\u00fcmay\u0259nd\u0259l\u0259rinin i\u015ftirak\u0131 il\u0259 qeyd olunmas\u0131, b\u0259\u015f\u0259riyy\u0259ti narahat ed\u0259n qlobal probleml\u0259r \u0259traf\u0131nda birg\u0259 m\u00fczakir\u0259l\u0259rin apar\u0131lmas\u0131 bunun bariz n\u00fcmun\u0259sidir. Bu g\u00fcn bir s\u0131ra \u00f6lk\u0259l\u0259rd\u0259 \u015fahidi oldu\u011fumuz m\u00fcr\u0259kk\u0259b etno-siyasi prosesl\u0259r, dinin siyasi ambisiyalara al\u0259t edilm\u0259si c\u0259hdl\u0259ri, radikalizm v\u0259 ekstremizmin artmas\u0131 g\u00f6st\u0259rir ki, s\u00fclh v\u0259 \u0259min-amanl\u0131q axtar\u0131\u015f\u0131nda olan d\u00fcnyam\u0131zda multikulturalizmin alternativi olmad\u0131\u011f\u0131 kimi, m\u00fcxt\u0259lif dinl\u0259r v\u0259 m\u0259zh\u0259bl\u0259r aras\u0131nda dostluq v\u0259 d\u00f6z\u00fcml\u00fcl\u00fck m\u00fcnasib\u0259tl\u0259rinin d\u0259 alternativi yoxdur\u00bb.<\/p>\n<p>Bu, i\u015f\u011fal alt\u0131nda saxlad\u0131\u011f\u0131 yurd yerl\u0259rimizd\u0259ki m\u00fcq\u0259dd\u0259s m\u0259kanlar\u0131m\u0131z\u0131 u\u00e7urub yerl\u0259 bir ed\u0259n, m\u0259scidl\u0259rimizd\u0259 donuz saxlayan, q\u0259birl\u0259ri u\u00e7urub da\u011f\u0131dan, \u00fcst\u0259lik, m\u00fcnaqi\u015f\u0259ni dini m\u00fcst\u0259viy\u0259 y\u00f6nl\u0259ndirm\u0259y\u0259 \u00e7al\u0131\u015faraq m\u0259n\u0259vi d\u0259y\u0259rl\u0259ri \u00f6z \u00e7irkin m\u0259qs\u0259dl\u0259rinin al\u0259tin\u0259 \u00e7evirm\u0259y\u0259 c\u0259hd ed\u0259n erm\u0259ni vandallar\u0131ndan bizim \u0259n b\u00f6y\u00fck f\u0259rqimizdir. D\u00fcnya art\u0131q bu f\u0259rqi g\u00f6r\u00fcr, kimin kim oldu\u011funu bilir.<\/p>\n","protected":false},"excerpt":{"rendered":"<p>Milliy\u0259tind\u0259n v\u0259 dinind\u0259n as\u0131l\u0131 olmayaraq h\u0259r k\u0259s 44 g\u00fcnl\u00fck V\u0259t\u0259n sava\u015f\u0131ndak\u0131 Q\u0259l\u0259b\u0259y\u0259 \u00f6z t\u00f6hf\u0259sini\u00a0verdi \u00d6lk\u0259mizin c\u0259miyy\u0259td\u0259ki f\u0259rqli m\u0259d\u0259niyy\u0259tl\u0259r\u0259 h\u00f6rm\u0259t ruhuna, tolerantl\u0131q m\u00fchitin\u0259, d\u00f6vl\u0259t v\u0259 din m\u00fcnasib\u0259tl\u0259rin\u0259 g\u00f6r\u0259 b\u00fct\u00fcn d\u00fcnyaya n\u00fcmun\u0259 olmas\u0131 m\u00fcasir d\u00f6vr\u00fcm\u00fcz\u00fcn reall\u0131\u011f\u0131d\u0131r. Az\u0259rbaycan Prezidenti \u0130lham \u018fliyev dig\u0259r sah\u0259l\u0259rd\u0259 oldu\u011fu kimi, bu istiqam\u0259td\u0259 d\u0259 m\u0259qs\u0259dy\u00f6nl\u00fc siyas\u0259ti, d\u00fczg\u00fcn q\u0259rarlar\u0131 il\u0259 m\u00f6vcud nailiyy\u0259tl\u0259ri m\u00f6hk\u0259ml\u0259ndir\u0259r\u0259k inki\u015faf etdirir. Prezident \u0130lham \u018fliyevin\u00a0 Az\u0259rbaycandak\u0131 dini qurumlara maliyy\u0259 yard\u0131m\u0131n\u0131n g\u00f6st\u0259rilm\u0259si haqq\u0131nda 8 iyul 2021-ci il tarixli s\u0259r\u0259ncam\u0131 bunun daha bir s\u00fcbutudur. Bel\u0259 ki, s\u0259r\u0259ncama \u0259sas\u0259n, Az\u0259rbaycan Prezidentinin 2021-ci il d\u00f6vl\u0259t b\u00fcdc\u0259sind\u0259 n\u0259z\u0259rd\u0259 tutulmu\u015f Ehtiyat Fondundan Qafqaz&hellip;<\/p>\n","protected":false},"author":2,"featured_media":365141,"comment_status":"closed","ping_status":"closed","sticky":false,"template":"","format":"standard","meta":{"om_disable_all_campaigns":false,"_monsterinsights_skip_tracking":false,"_monsterinsights_sitenote_active":false,"_monsterinsights_sitenote_note":"","_monsterinsights_sitenote_category":0},"categories":[19],"tags":[],"aioseo_notices":[],"gutentor_comment":0,"rttpg_featured_image_url":{"full":["https:\/\/arantv.az\/wp-content\/uploads\/2021\/08\/7296d81c16071138528294745511089135.jpg",975,540,false],"landscape":["https:\/\/arantv.az\/wp-content\/uploads\/2021\/08\/7296d81c16071138528294745511089135.jpg",975,540,false],"portraits":["https:\/\/arantv.az\/wp-content\/uploads\/2021\/08\/7296d81c16071138528294745511089135.jpg",975,540,false],"thumbnail":["https:\/\/arantv.az\/wp-content\/uploads\/2021\/08\/7296d81c16071138528294745511089135-500x280.jpg",500,280,true],"medium":["https:\/\/arantv.az\/wp-content\/uploads\/2021\/08\/7296d81c16071138528294745511089135-660x365.jpg",660,365,true],"large":["https:\/\/arantv.az\/wp-content\/uploads\/2021\/08\/7296d81c16071138528294745511089135-840x465.jpg",640,354,true],"1536x1536":["https:\/\/arantv.az\/wp-content\/uploads\/2021\/08\/7296d81c16071138528294745511089135.jpg",975,540,false],"2048x2048":["https:\/\/arantv.az\/wp-content\/uploads\/2021\/08\/7296d81c16071138528294745511089135.jpg",975,540,false],"post-thumbnail":["https:\/\/arantv.az\/wp-content\/uploads\/2021\/08\/7296d81c16071138528294745511089135-240x172.jpg",240,172,true],"advps-thumb-one":["https:\/\/arantv.az\/wp-content\/uploads\/2021\/08\/7296d81c16071138528294745511089135.jpg",975,540,false]},"rttpg_author":{"display_name":"V\u00fcsal Rafiqo\u011flu","author_link":"https:\/\/arantv.az\/?author=2"},"rttpg_comment":0,"rttpg_category":"<a href=\"https:\/\/arantv.az\/?cat=19\" rel=\"category\">G\u00fcnd\u0259m<\/a>","rttpg_excerpt":"Milliy\u0259tind\u0259n v\u0259 dinind\u0259n as\u0131l\u0131 olmayaraq h\u0259r k\u0259s 44 g\u00fcnl\u00fck V\u0259t\u0259n sava\u015f\u0131ndak\u0131 Q\u0259l\u0259b\u0259y\u0259 \u00f6z t\u00f6hf\u0259sini\u00a0verdi \u00d6lk\u0259mizin c\u0259miyy\u0259td\u0259ki f\u0259rqli m\u0259d\u0259niyy\u0259tl\u0259r\u0259 h\u00f6rm\u0259t ruhuna, tolerantl\u0131q m\u00fchitin\u0259, d\u00f6vl\u0259t v\u0259 din m\u00fcnasib\u0259tl\u0259rin\u0259 g\u00f6r\u0259 b\u00fct\u00fcn d\u00fcnyaya n\u00fcmun\u0259 olmas\u0131 m\u00fcasir d\u00f6vr\u00fcm\u00fcz\u00fcn reall\u0131\u011f\u0131d\u0131r. Az\u0259rbaycan Prezidenti \u0130lham \u018fliyev dig\u0259r sah\u0259l\u0259rd\u0259 oldu\u011fu kimi, bu istiqam\u0259td\u0259 d\u0259 m\u0259qs\u0259dy\u00f6nl\u00fc siyas\u0259ti, d\u00fczg\u00fcn q\u0259rarlar\u0131 il\u0259 m\u00f6vcud nailiyy\u0259tl\u0259ri m\u00f6hk\u0259ml\u0259ndir\u0259r\u0259k inki\u015faf etdirir.&hellip;","_links":{"self":[{"href":"https:\/\/arantv.az\/index.php?rest_route=\/wp\/v2\/posts\/365140"}],"collection":[{"href":"https:\/\/arantv.az\/index.php?rest_route=\/wp\/v2\/posts"}],"about":[{"href":"https:\/\/arantv.az\/index.php?rest_route=\/wp\/v2\/types\/post"}],"author":[{"embeddable":true,"href":"https:\/\/arantv.az\/index.php?rest_route=\/wp\/v2\/users\/2"}],"replies":[{"embeddable":true,"href":"https:\/\/arantv.az\/index.php?rest_route=%2Fwp%2Fv2%2Fcomments&post=365140"}],"version-history":[{"count":0,"href":"https:\/\/arantv.az\/index.php?rest_route=\/wp\/v2\/posts\/365140\/revisions"}],"wp:featuredmedia":[{"embeddable":true,"href":"https:\/\/arantv.az\/index.php?rest_route=\/wp\/v2\/media\/365141"}],"wp:attachment":[{"href":"https:\/\/arantv.az\/index.php?rest_route=%2Fwp%2Fv2%2Fmedia&parent=365140"}],"wp:term":[{"taxonomy":"category","embeddable":true,"href":"https:\/\/arantv.az\/index.php?rest_route=%2Fwp%2Fv2%2Fcategories&post=365140"},{"taxonomy":"post_tag","embeddable":true,"href":"https:\/\/arantv.az\/index.php?rest_route=%2Fwp%2Fv2%2Ftags&post=365140"}],"curies":[{"name":"wp","href":"https:\/\/api.w.org\/{rel}","templated":true}]}}