{"id":365310,"date":"2021-08-11T12:31:09","date_gmt":"2021-08-11T09:31:09","guid":{"rendered":"http:\/\/arantv.az\/?p=365310"},"modified":"2021-08-11T12:31:09","modified_gmt":"2021-08-11T09:31:09","slug":"mudafi%c9%99-nazirliyind%c9%99n-erm%c9%99nistana-s%c9%99rt-x%c9%99b%c9%99rdarliq-az%c9%99rbaycan-ordusu-t%c9%99r%c9%99find%c9%99n-adekvat-t%c9%99dbirl%c9%99r-gorul%c9%99c%c9%99k","status":"publish","type":"post","link":"https:\/\/arantv.az\/?p=365310","title":{"rendered":"M\u00fcdafi\u0259 Nazirliyind\u0259n Erm\u0259nistana s\u0259rt X\u018fB\u018fRDARLIQ: Az\u0259rbaycan ordusu t\u0259r\u0259find\u0259n adekvat t\u0259dbirl\u0259r g\u00f6r\u00fcl\u0259c\u0259k"},"content":{"rendered":"<p>10 noyabr 2020-ci ild\u0259 Az\u0259rbaycan Respublikas\u0131 Prezidenti, Rusiya Federasiyas\u0131 Prezidenti v\u0259 Erm\u0259nistan Ba\u015f nazirinin imzalad\u0131\u011f\u0131 \u00fc\u00e7t\u0259r\u0259fli b\u0259yanata uy\u011fun olaraq, Erm\u0259nistan silahl\u0131 q\u00fcvv\u0259l\u0259rinin qal\u0131qlar\u0131n\u0131n tam \u015f\u0259kild\u0259 Rusiya Federasiyas\u0131 s\u00fclhm\u0259raml\u0131 q\u00fcvv\u0259l\u0259rinin m\u00fcv\u0259qq\u0259ti yerl\u0259\u015fdirildiyi Az\u0259rbaycan \u0259razil\u0259rind\u0259n \u00e7\u0131xar\u0131lmas\u0131 t\u0259min olunmay\u0131b.<\/p>\n<p>Bu bar\u0259d\u0259 M\u00fcdafi\u0259 Nazirliyinin a\u00e7\u0131qlamas\u0131nda qeyd edilib.<\/p>\n<p>Bildirilib ki, son g\u00fcnl\u0259r \u0259rzind\u0259 Erm\u0259nistan\u0131n \u00fc\u00e7t\u0259r\u0259fli b\u0259yanat\u0131 kobud \u015f\u0259kild\u0259 pozaraq, \u00f6z silahl\u0131 q\u00fcvv\u0259l\u0259rinin \u015f\u0259xsi hey\u0259tini Rusiya Federasiyas\u0131 s\u00fclhm\u0259raml\u0131 q\u00fcvv\u0259l\u0259rinin m\u00fcv\u0259qq\u0259ti yerl\u0259\u015fdirildiyi Az\u0259rbaycan \u0259razil\u0259rin\u0259 da\u015f\u0131mas\u0131, Muxtark\u0259nd, \u015eu\u015fak\u0259nd m\u0259nt\u0259q\u0259l\u0259ri yax\u0131nl\u0131\u011f\u0131nda, el\u0259c\u0259 d\u0259 K\u0259lb\u0259c\u0259r v\u0259 La\u00e7\u0131n rayonlar\u0131n\u0131n inzibati h\u00fcdudlar\u0131n\u0131n \u015f\u0259rq istiqam\u0259tind\u0259ki \u0259razil\u0259rd\u0259 yeni erm\u0259ni postlar\u0131n\u0131 qoymas\u0131 hallar\u0131 m\u00fc\u015fahid\u0259 olunur.<\/p>\n<div id=\"AdviadNativeVideo0\" class=\"AdviadNativeVideo\"><\/div>\n<p>Az\u0259rbaycan ordusu t\u0259r\u0259find\u0259n adekvat t\u0259dbirl\u0259r g\u00f6r\u00fcl\u00fcr v\u0259 bu kimi hallara imkan verilmir.<\/p>\n<p>Erm\u0259nistan t\u0259r\u0259fi m\u0259qs\u0259dy\u00f6nl\u00fc \u015f\u0259kild\u0259 v\u0259ziyy\u0259tin g\u0259rginl\u0259\u015fdirilm\u0259si \u00fc\u00e7\u00fcn bu kimi t\u0259xribatlara \u0259l at\u0131r.<\/p>\n<p>B\u00fct\u00fcn bunlar Erm\u0259nistan\u0131n yeni m\u00fcdafi\u0259 naziri Vaqar\u015fak Arutyunyan\u0131n Erm\u0259nistan ordusuna b\u00fct\u00fcn vasit\u0259l\u0259rd\u0259n istifad\u0259 ed\u0259r\u0259k g\u00fcc t\u0259tbiq etm\u0259k bar\u0259d\u0259 verdiyi m\u0259suliyy\u0259tsiz v\u0259 t\u0259hrik\u00e7i \u0259mrinin fonunda ba\u015f verir. Xat\u0131rlatmaq ist\u0259rdik ki, Erm\u0259nistan\u0131n sabiq m\u00fcdafi\u0259 naziri David Tonayan da \u201cyeni m\u00fcharib\u0259l\u0259r, yeni \u0259razil\u0259r\u201d adland\u0131rd\u0131\u011f\u0131 t\u0259xribat\u00e7\u0131 h\u0259rbi doktrina il\u0259 \u00e7\u0131x\u0131\u015f etmi\u015fdi. Onun r\u00fcsvay\u00e7\u0131 aqib\u0259ti h\u0259r k\u0259s\u0259 m\u0259lumdur.<\/p>\n<p>Az\u0259rbaycan ordusu t\u0259r\u0259find\u0259n b\u00fct\u00fcn adekvat t\u0259dbirl\u0259rin g\u00f6r\u00fclm\u0259si t\u0259min olunacaqd\u0131r.<\/p>\n<p>Rusiya Federasiyas\u0131 s\u00fclhm\u0259raml\u0131 q\u00fcvv\u0259l\u0259ri \u00fc\u00e7t\u0259r\u0259fli b\u0259yanat\u0131n m\u00fcdd\u0259alar\u0131na uy\u011fun olaraq m\u00fcv\u0259qq\u0259ti dislokasiya olunduqlar\u0131 Az\u0259rbaycan \u0259razil\u0259rind\u0259 Erm\u0259nistan silahl\u0131 q\u00fcvv\u0259l\u0259rinin yerl\u0259\u015fdirilm\u0259si hallar\u0131na son qoymal\u0131d\u0131r.<\/p>\n","protected":false},"excerpt":{"rendered":"<p>10 noyabr 2020-ci ild\u0259 Az\u0259rbaycan Respublikas\u0131 Prezidenti, Rusiya Federasiyas\u0131 Prezidenti v\u0259 Erm\u0259nistan Ba\u015f nazirinin imzalad\u0131\u011f\u0131 \u00fc\u00e7t\u0259r\u0259fli b\u0259yanata uy\u011fun olaraq, Erm\u0259nistan silahl\u0131 q\u00fcvv\u0259l\u0259rinin qal\u0131qlar\u0131n\u0131n tam \u015f\u0259kild\u0259 Rusiya Federasiyas\u0131 s\u00fclhm\u0259raml\u0131 q\u00fcvv\u0259l\u0259rinin m\u00fcv\u0259qq\u0259ti yerl\u0259\u015fdirildiyi Az\u0259rbaycan \u0259razil\u0259rind\u0259n \u00e7\u0131xar\u0131lmas\u0131 t\u0259min olunmay\u0131b. Bu bar\u0259d\u0259 M\u00fcdafi\u0259 Nazirliyinin a\u00e7\u0131qlamas\u0131nda qeyd edilib. Bildirilib ki, son g\u00fcnl\u0259r \u0259rzind\u0259 Erm\u0259nistan\u0131n \u00fc\u00e7t\u0259r\u0259fli b\u0259yanat\u0131 kobud \u015f\u0259kild\u0259 pozaraq, \u00f6z silahl\u0131 q\u00fcvv\u0259l\u0259rinin \u015f\u0259xsi hey\u0259tini Rusiya Federasiyas\u0131 s\u00fclhm\u0259raml\u0131 q\u00fcvv\u0259l\u0259rinin m\u00fcv\u0259qq\u0259ti yerl\u0259\u015fdirildiyi Az\u0259rbaycan \u0259razil\u0259rin\u0259 da\u015f\u0131mas\u0131, Muxtark\u0259nd, \u015eu\u015fak\u0259nd m\u0259nt\u0259q\u0259l\u0259ri yax\u0131nl\u0131\u011f\u0131nda, el\u0259c\u0259 d\u0259 K\u0259lb\u0259c\u0259r v\u0259 La\u00e7\u0131n rayonlar\u0131n\u0131n inzibati h\u00fcdudlar\u0131n\u0131n \u015f\u0259rq istiqam\u0259tind\u0259ki \u0259razil\u0259rd\u0259 yeni erm\u0259ni postlar\u0131n\u0131 qoymas\u0131 hallar\u0131 m\u00fc\u015fahid\u0259 olunur.&hellip;<\/p>\n","protected":false},"author":2,"featured_media":352561,"comment_status":"closed","ping_status":"closed","sticky":false,"template":"","format":"standard","meta":{"om_disable_all_campaigns":false,"_monsterinsights_skip_tracking":false,"_monsterinsights_sitenote_active":false,"_monsterinsights_sitenote_note":"","_monsterinsights_sitenote_category":0},"categories":[10],"tags":[],"aioseo_notices":[],"gutentor_comment":0,"rttpg_featured_image_url":{"full":["https:\/\/arantv.az\/wp-content\/uploads\/2021\/06\/mudafie_nazirliyi_yuzerpik_089.jpg",800,600,false],"landscape":["https:\/\/arantv.az\/wp-content\/uploads\/2021\/06\/mudafie_nazirliyi_yuzerpik_089.jpg",800,600,false],"portraits":["https:\/\/arantv.az\/wp-content\/uploads\/2021\/06\/mudafie_nazirliyi_yuzerpik_089.jpg",800,600,false],"thumbnail":["https:\/\/arantv.az\/wp-content\/uploads\/2021\/06\/mudafie_nazirliyi_yuzerpik_089-500x280.jpg",500,280,true],"medium":["https:\/\/arantv.az\/wp-content\/uploads\/2021\/06\/mudafie_nazirliyi_yuzerpik_089-487x365.jpg",487,365,true],"large":["https:\/\/arantv.az\/wp-content\/uploads\/2021\/06\/mudafie_nazirliyi_yuzerpik_089.jpg",640,480,false],"1536x1536":["https:\/\/arantv.az\/wp-content\/uploads\/2021\/06\/mudafie_nazirliyi_yuzerpik_089.jpg",800,600,false],"2048x2048":["https:\/\/arantv.az\/wp-content\/uploads\/2021\/06\/mudafie_nazirliyi_yuzerpik_089.jpg",800,600,false],"post-thumbnail":["https:\/\/arantv.az\/wp-content\/uploads\/2021\/06\/mudafie_nazirliyi_yuzerpik_089-240x172.jpg",240,172,true],"advps-thumb-one":["https:\/\/arantv.az\/wp-content\/uploads\/2021\/06\/mudafie_nazirliyi_yuzerpik_089.jpg",800,600,false]},"rttpg_author":{"display_name":"V\u00fcsal Rafiqo\u011flu","author_link":"https:\/\/arantv.az\/?author=2"},"rttpg_comment":0,"rttpg_category":"<a href=\"https:\/\/arantv.az\/?cat=10\" rel=\"category\">C\u0259bh\u0259d\u0259n X\u0259b\u0259r<\/a>","rttpg_excerpt":"10 noyabr 2020-ci ild\u0259 Az\u0259rbaycan Respublikas\u0131 Prezidenti, Rusiya Federasiyas\u0131 Prezidenti v\u0259 Erm\u0259nistan Ba\u015f nazirinin imzalad\u0131\u011f\u0131 \u00fc\u00e7t\u0259r\u0259fli b\u0259yanata uy\u011fun olaraq, Erm\u0259nistan silahl\u0131 q\u00fcvv\u0259l\u0259rinin qal\u0131qlar\u0131n\u0131n tam \u015f\u0259kild\u0259 Rusiya Federasiyas\u0131 s\u00fclhm\u0259raml\u0131 q\u00fcvv\u0259l\u0259rinin m\u00fcv\u0259qq\u0259ti yerl\u0259\u015fdirildiyi Az\u0259rbaycan \u0259razil\u0259rind\u0259n \u00e7\u0131xar\u0131lmas\u0131 t\u0259min olunmay\u0131b. Bu bar\u0259d\u0259 M\u00fcdafi\u0259 Nazirliyinin a\u00e7\u0131qlamas\u0131nda qeyd edilib. Bildirilib ki, son g\u00fcnl\u0259r \u0259rzind\u0259 Erm\u0259nistan\u0131n \u00fc\u00e7t\u0259r\u0259fli b\u0259yanat\u0131 kobud \u015f\u0259kild\u0259 pozaraq, \u00f6z&hellip;","_links":{"self":[{"href":"https:\/\/arantv.az\/index.php?rest_route=\/wp\/v2\/posts\/365310"}],"collection":[{"href":"https:\/\/arantv.az\/index.php?rest_route=\/wp\/v2\/posts"}],"about":[{"href":"https:\/\/arantv.az\/index.php?rest_route=\/wp\/v2\/types\/post"}],"author":[{"embeddable":true,"href":"https:\/\/arantv.az\/index.php?rest_route=\/wp\/v2\/users\/2"}],"replies":[{"embeddable":true,"href":"https:\/\/arantv.az\/index.php?rest_route=%2Fwp%2Fv2%2Fcomments&post=365310"}],"version-history":[{"count":0,"href":"https:\/\/arantv.az\/index.php?rest_route=\/wp\/v2\/posts\/365310\/revisions"}],"wp:featuredmedia":[{"embeddable":true,"href":"https:\/\/arantv.az\/index.php?rest_route=\/wp\/v2\/media\/352561"}],"wp:attachment":[{"href":"https:\/\/arantv.az\/index.php?rest_route=%2Fwp%2Fv2%2Fmedia&parent=365310"}],"wp:term":[{"taxonomy":"category","embeddable":true,"href":"https:\/\/arantv.az\/index.php?rest_route=%2Fwp%2Fv2%2Fcategories&post=365310"},{"taxonomy":"post_tag","embeddable":true,"href":"https:\/\/arantv.az\/index.php?rest_route=%2Fwp%2Fv2%2Ftags&post=365310"}],"curies":[{"name":"wp","href":"https:\/\/api.w.org\/{rel}","templated":true}]}}