{"id":365327,"date":"2021-08-11T12:39:43","date_gmt":"2021-08-11T09:39:43","guid":{"rendered":"http:\/\/arantv.az\/?p=365327"},"modified":"2021-08-11T12:39:43","modified_gmt":"2021-08-11T09:39:43","slug":"%c9%99trafi-zibill%c9%99y%c9%99n-avtobus-surucusu-get-oz-isinl%c9%99-m%c9%99sgul-ol-foto","status":"publish","type":"post","link":"https:\/\/arantv.az\/?p=365327","title":{"rendered":"\u018ftraf\u0131 zibill\u0259y\u0259n avtobus s\u00fcr\u00fcc\u00fcs\u00fc: \u201cGet \u00f6z i\u015finl\u0259 m\u0259\u015f\u011ful ol\u201d &#8211; FOTO"},"content":{"rendered":"<p><strong>Az\u0259rbaycan Memarlar \u0130ttifaq\u0131n\u0131n \u0130dar\u0259 Hey\u0259tinin \u00fczv\u00fc, tan\u0131nm\u0131\u015f memar El\u00e7in \u018fliyev Bak\u0131da avtobus s\u00fcr\u00fcc\u00fcs\u00fcn\u00fcn davran\u0131\u015f\u0131 t\u0259nqid edib.<\/strong><\/p>\n<p><strong>ARANTV.AZ <\/strong>\u00a0x\u0259b\u0259r verir ki, o, \u201cFacebook\u201d s\u0259hif\u0259sind\u0259 bu bar\u0259d\u0259 yaz\u0131b v\u0259 t\u0259nqid etdiyi avtobus s\u00fcr\u00fcc\u00fcs\u00fcn\u00fcn g\u00f6r\u00fcnt\u00fcl\u0259rini payla\u015f\u0131b.<\/p>\n<p>El\u00e7in \u018fliyev bildirib ki, &#8220;Xaliq Faiqo\u011flu&#8221; \u015firk\u0259tin\u0259 m\u0259xsus s\u0259rni\u015fin avtobusunun s\u00fcr\u00fcc\u00fcs\u00fc \u015e\u0259msi B\u0259d\u0259lb\u0259yli k\u00fc\u00e7\u0259sind\u0259 s\u00fckan arxas\u0131nda olark\u0259n p\u0259nc\u0259r\u0259d\u0259n yer\u0259 salfet at\u0131b.<\/p>\n<p>\u018ftraf\u0131 zibill\u0259diyin\u0259 g\u00f6r\u0259 s\u00fcr\u00fcc\u00fcy\u0259 irad bildirdikd\u0259 is\u0259 kobud r\u0259ftarla qar\u015f\u0131la\u015f\u0131b.<\/p>\n<p>\u201c\u018fc\u0259b edir\u0259m, ist\u0259yir\u0259m zibili yer\u0259 at\u0131ram. S\u0259nin n\u0259 i\u015fin\u0259 qal\u0131b? Get \u00f6z i\u015finl\u0259 m\u0259\u015f\u011ful ol\u201d, &#8211; dey\u0259 s\u00fcr\u00fcc\u00fc q\u0131\u015fq\u0131r\u0131b.<\/p>\n<p>Qeyd ed\u0259k ki, Bak\u0131 k\u00fc\u00e7\u0259l\u0259rind\u0259 tez-tez avtobus s\u00fcr\u00fcc\u00fcl\u0259rinin bel\u0259 davran\u0131\u015flar\u0131 il\u0259 qar\u015f\u0131la\u015f\u0131r\u0131q. Art\u0131q buna \u201c\u00f6yr\u0259\u015firik\u201d des\u0259k yan\u0131lmar\u0131q. H\u0259tta i\u015f o yer\u0259 \u00e7at\u0131b ki, s\u0259rni\u015finl\u0259r v\u0259 dig\u0259r yol h\u0259r\u0259k\u0259ti i\u015ftirak\u00e7\u0131lar\u0131 avtobus s\u00fcr\u00fcc\u00fcl\u0259rinin s\u0259hvl\u0259rini bel\u0259 dem\u0259y\u0259 qorxur.<\/p>\n<p>\u00c7\u00fcnki el\u0259 avtobus s\u00fcr\u00fcc\u00fcl\u0259ri d\u0259 tap\u0131l\u0131r ki, s\u0259hvi d\u00fcz\u0259ltm\u0259k \u0259v\u0259zin\u0259, irad bildir\u0259n \u015f\u0259xsi d\u00f6y\u00fcr. Bu da paytaxt n\u0259qliyyat\u0131na cavabdeh qurumun bel\u0259 amill\u0259r\u0259 g\u00f6z yummas\u0131ndan ir\u0259li g\u0259lir.<\/p>\n<p>Yaxud da, cavabdeh qurumun i\u015finin \u00f6hd\u0259sind\u0259n layiqinc\u0259 g\u0259l\u0259 bilm\u0259m\u0259si anlam\u0131n\u0131 ortaya qoyur.<\/p>\n<div>\n<div class=\"form-group\"><img class=\"img-responsive\" src=\"https:\/\/a.radikal.ru\/a15\/2108\/06\/84529fe24b14.jpg\" \/><\/div>\n<div class=\"form-group\"><img class=\"img-responsive\" src=\"https:\/\/d.radikal.ru\/d03\/2108\/e3\/7b4a672d7541.jpg\" \/><\/div>\n<div class=\"form-group\"><img class=\"img-responsive\" src=\"https:\/\/b.radikal.ru\/b06\/2108\/ef\/c284b455601c.jpg\" \/><\/div>\n<div class=\"form-group\"><img class=\"img-responsive\" src=\"https:\/\/b.radikal.ru\/b13\/2108\/aa\/1c1cecd22461.jpg\" \/><\/div>\n<div class=\"form-group\"><img class=\"img-responsive\" src=\"https:\/\/c.radikal.ru\/c39\/2108\/35\/dafe603309fa.jpg\" \/><\/div>\n<\/div>\n","protected":false},"excerpt":{"rendered":"<p>Az\u0259rbaycan Memarlar \u0130ttifaq\u0131n\u0131n \u0130dar\u0259 Hey\u0259tinin \u00fczv\u00fc, tan\u0131nm\u0131\u015f memar El\u00e7in \u018fliyev Bak\u0131da avtobus s\u00fcr\u00fcc\u00fcs\u00fcn\u00fcn davran\u0131\u015f\u0131 t\u0259nqid edib. ARANTV.AZ \u00a0x\u0259b\u0259r verir ki, o, \u201cFacebook\u201d s\u0259hif\u0259sind\u0259 bu bar\u0259d\u0259 yaz\u0131b v\u0259 t\u0259nqid etdiyi avtobus s\u00fcr\u00fcc\u00fcs\u00fcn\u00fcn g\u00f6r\u00fcnt\u00fcl\u0259rini payla\u015f\u0131b. El\u00e7in \u018fliyev bildirib ki, &#8220;Xaliq Faiqo\u011flu&#8221; \u015firk\u0259tin\u0259 m\u0259xsus s\u0259rni\u015fin avtobusunun s\u00fcr\u00fcc\u00fcs\u00fc \u015e\u0259msi B\u0259d\u0259lb\u0259yli k\u00fc\u00e7\u0259sind\u0259 s\u00fckan arxas\u0131nda olark\u0259n p\u0259nc\u0259r\u0259d\u0259n yer\u0259 salfet at\u0131b. \u018ftraf\u0131 zibill\u0259diyin\u0259 g\u00f6r\u0259 s\u00fcr\u00fcc\u00fcy\u0259 irad bildirdikd\u0259 is\u0259 kobud r\u0259ftarla qar\u015f\u0131la\u015f\u0131b. \u201c\u018fc\u0259b edir\u0259m, ist\u0259yir\u0259m zibili yer\u0259 at\u0131ram. S\u0259nin n\u0259 i\u015fin\u0259 qal\u0131b? Get \u00f6z i\u015finl\u0259 m\u0259\u015f\u011ful ol\u201d, &#8211; dey\u0259 s\u00fcr\u00fcc\u00fc q\u0131\u015fq\u0131r\u0131b. Qeyd ed\u0259k ki, Bak\u0131 k\u00fc\u00e7\u0259l\u0259rind\u0259 tez-tez avtobus&hellip;<\/p>\n","protected":false},"author":2,"featured_media":365328,"comment_status":"closed","ping_status":"closed","sticky":false,"template":"","format":"standard","meta":{"om_disable_all_campaigns":false,"_monsterinsights_skip_tracking":false,"_monsterinsights_sitenote_active":false,"_monsterinsights_sitenote_note":"","_monsterinsights_sitenote_category":0},"categories":[26],"tags":[],"aioseo_notices":[],"gutentor_comment":0,"rttpg_featured_image_url":{"full":["https:\/\/arantv.az\/wp-content\/uploads\/2021\/08\/455e6433f3ba22c1c293d7758ab7fd27.jpg",450,300,false],"landscape":["https:\/\/arantv.az\/wp-content\/uploads\/2021\/08\/455e6433f3ba22c1c293d7758ab7fd27.jpg",450,300,false],"portraits":["https:\/\/arantv.az\/wp-content\/uploads\/2021\/08\/455e6433f3ba22c1c293d7758ab7fd27.jpg",450,300,false],"thumbnail":["https:\/\/arantv.az\/wp-content\/uploads\/2021\/08\/455e6433f3ba22c1c293d7758ab7fd27-450x280.jpg",450,280,true],"medium":["https:\/\/arantv.az\/wp-content\/uploads\/2021\/08\/455e6433f3ba22c1c293d7758ab7fd27.jpg",450,300,false],"large":["https:\/\/arantv.az\/wp-content\/uploads\/2021\/08\/455e6433f3ba22c1c293d7758ab7fd27.jpg",450,300,false],"1536x1536":["https:\/\/arantv.az\/wp-content\/uploads\/2021\/08\/455e6433f3ba22c1c293d7758ab7fd27.jpg",450,300,false],"2048x2048":["https:\/\/arantv.az\/wp-content\/uploads\/2021\/08\/455e6433f3ba22c1c293d7758ab7fd27.jpg",450,300,false],"post-thumbnail":["https:\/\/arantv.az\/wp-content\/uploads\/2021\/08\/455e6433f3ba22c1c293d7758ab7fd27-240x172.jpg",240,172,true],"advps-thumb-one":["https:\/\/arantv.az\/wp-content\/uploads\/2021\/08\/455e6433f3ba22c1c293d7758ab7fd27.jpg",450,300,false]},"rttpg_author":{"display_name":"V\u00fcsal Rafiqo\u011flu","author_link":"https:\/\/arantv.az\/?author=2"},"rttpg_comment":0,"rttpg_category":"<a href=\"https:\/\/arantv.az\/?cat=26\" rel=\"category\">Sosial<\/a>","rttpg_excerpt":"Az\u0259rbaycan Memarlar \u0130ttifaq\u0131n\u0131n \u0130dar\u0259 Hey\u0259tinin \u00fczv\u00fc, tan\u0131nm\u0131\u015f memar El\u00e7in \u018fliyev Bak\u0131da avtobus s\u00fcr\u00fcc\u00fcs\u00fcn\u00fcn davran\u0131\u015f\u0131 t\u0259nqid edib. ARANTV.AZ \u00a0x\u0259b\u0259r verir ki, o, \u201cFacebook\u201d s\u0259hif\u0259sind\u0259 bu bar\u0259d\u0259 yaz\u0131b v\u0259 t\u0259nqid etdiyi avtobus s\u00fcr\u00fcc\u00fcs\u00fcn\u00fcn g\u00f6r\u00fcnt\u00fcl\u0259rini payla\u015f\u0131b. El\u00e7in \u018fliyev bildirib ki, &#8220;Xaliq Faiqo\u011flu&#8221; \u015firk\u0259tin\u0259 m\u0259xsus s\u0259rni\u015fin avtobusunun s\u00fcr\u00fcc\u00fcs\u00fc \u015e\u0259msi B\u0259d\u0259lb\u0259yli k\u00fc\u00e7\u0259sind\u0259 s\u00fckan arxas\u0131nda olark\u0259n p\u0259nc\u0259r\u0259d\u0259n yer\u0259 salfet at\u0131b. \u018ftraf\u0131&hellip;","_links":{"self":[{"href":"https:\/\/arantv.az\/index.php?rest_route=\/wp\/v2\/posts\/365327"}],"collection":[{"href":"https:\/\/arantv.az\/index.php?rest_route=\/wp\/v2\/posts"}],"about":[{"href":"https:\/\/arantv.az\/index.php?rest_route=\/wp\/v2\/types\/post"}],"author":[{"embeddable":true,"href":"https:\/\/arantv.az\/index.php?rest_route=\/wp\/v2\/users\/2"}],"replies":[{"embeddable":true,"href":"https:\/\/arantv.az\/index.php?rest_route=%2Fwp%2Fv2%2Fcomments&post=365327"}],"version-history":[{"count":0,"href":"https:\/\/arantv.az\/index.php?rest_route=\/wp\/v2\/posts\/365327\/revisions"}],"wp:featuredmedia":[{"embeddable":true,"href":"https:\/\/arantv.az\/index.php?rest_route=\/wp\/v2\/media\/365328"}],"wp:attachment":[{"href":"https:\/\/arantv.az\/index.php?rest_route=%2Fwp%2Fv2%2Fmedia&parent=365327"}],"wp:term":[{"taxonomy":"category","embeddable":true,"href":"https:\/\/arantv.az\/index.php?rest_route=%2Fwp%2Fv2%2Fcategories&post=365327"},{"taxonomy":"post_tag","embeddable":true,"href":"https:\/\/arantv.az\/index.php?rest_route=%2Fwp%2Fv2%2Ftags&post=365327"}],"curies":[{"name":"wp","href":"https:\/\/api.w.org\/{rel}","templated":true}]}}