{"id":365335,"date":"2021-08-11T12:57:24","date_gmt":"2021-08-11T09:57:24","guid":{"rendered":"http:\/\/arantv.az\/?p=365335"},"modified":"2021-08-11T12:57:24","modified_gmt":"2021-08-11T09:57:24","slug":"erm%c9%99nistan-parlamentind%c9%99-qalmaqal-spiker-pasinyana-kapitulyant-dey%c9%99n-deputati-zaldan-qovdu","status":"publish","type":"post","link":"https:\/\/arantv.az\/?p=365335","title":{"rendered":"Erm\u0259nistan parlamentind\u0259 qalmaqal: Spiker Pa\u015finyana \u201ckapitulyant\u201d dey\u0259n deputat\u0131 zaldan qovdu"},"content":{"rendered":"<p>Erm\u0259nistan parlamentind\u0259 m\u00fcxalif\u0259t-iqtidar davas\u0131 getdikc\u0259 q\u0131z\u0131\u015fma\u011fa ba\u015flay\u0131r.<\/p>\n<p>\u201cSputnik Erm\u0259nistan\u201d\u0131n m\u0259lumat\u0131na g\u00f6r\u0259, Erm\u0259nistan parlamentinin spikeri Alen Simonyan \u201cM\u0259nim \u015f\u0259r\u0259fim var\u201d blokunun deputat\u0131 Anne Mkrt\u00e7yan\u0131n parlamentin 11 avqust iclas\u0131nda i\u015ftirak\u0131n\u0131 qada\u011fan edib.<\/p>\n<p>Buna q\u0259d\u0259r art\u0131q deputata \u00e7\u0131x\u0131\u015f\u0131 zaman\u0131 ba\u015f nazir Nikol Pa\u015finyan\u0131 ad\u0131 il\u0259 m\u00fcraci\u0259t etdiyi\u00a0v\u0259 onu \u201ckapitulyant\u201d adland\u0131rd\u0131\u011f\u0131 \u00fc\u00e7\u00fcn x\u0259b\u0259rdarl\u0131q edilib. Bu d\u0259f\u0259 is\u0259 \u201cV\u0259t\u0259nda\u015f sazi\u015fi\u201d partiyas\u0131ndan olan deputat Eduard A\u011facanyan\u0131n Xarici \u018flaq\u0259l\u0259r \u00fczr\u0259 daimi komissiyan\u0131n r\u0259hb\u0259ri v\u0259zif\u0259sin\u0259 namiz\u0259dliyinin m\u00fczakir\u0259si zaman\u0131\u00a0Mkrt\u00e7yan hakimiyy\u0259ti k\u0259skin t\u0259nqid edib v\u0259 son s\u00f6zl\u0259ri bu c\u00fcr olub: \u201cB\u00fct\u00fcn bunlar\u0131n g\u00fcnahkar\u0131 is\u0259 sizin kapitulyant Nikolunuzdur\u201d.<\/p>\n<div id=\"AdviadNativeVideo0\" class=\"AdviadNativeVideo\"><\/div>\n<p>D\u0259rhal m\u00fcdaxil\u0259 ed\u0259n spiker deputat\u0131n mikrofonunun s\u00f6nd\u00fcr\u00fclm\u0259sini t\u0259l\u0259b edib.<\/p>\n<p>\u201cM\u0259n g\u00fcn\u00fcn sonuna q\u0259d\u0259r sizin iclasda i\u015ftirak\u0131n\u0131z\u0131 qada\u011fan edir\u0259m. Zal\u0131 t\u0259rk edin, yoxsa m\u00fchafiz\u0259 \u0259m\u0259kda\u015flar\u0131 sizi \u00e7\u0131xaracaqlar\u201d, &#8211; dey\u0259 spiker bildirib.<\/p>\n<p>M\u00fcxalif\u0259t n\u00fcmay\u0259nd\u0259l\u0259ri il\u0259 spiker aras\u0131nda s\u00f6z-s\u00f6hb\u0259t bundan sonra da davam edib. Alen Simonyan \u201cV\u0259t\u0259nda\u015f sazi\u015fi\u201d partiyas\u0131n\u0131n \u00fczvl\u0259rin\u0259 m\u00fcraci\u0259t ed\u0259r\u0259k onlar\u0131 \u201cdavakar\u201d adland\u0131rd\u0131\u011f\u0131 m\u00fcxalif\u0259t n\u00fcmay\u0259nd\u0259l\u0259rin\u0259 reaksiyaya verm\u0259m\u0259y\u0259 \u00e7a\u011f\u0131r\u0131b.<\/p>\n<p>O, h\u0259m\u00e7inin m\u00fcxalif\u0259ti daha s\u0259rt t\u0259dbirl\u0259r g\u00f6rm\u0259kl\u0259 h\u0259d\u0259l\u0259yib. Parlamentin spikeri eyni zamanda m\u00fcxalif\u0259t n\u00fcmay\u0259nd\u0259l\u0259rini la\u011fa da qoyub v\u0259 bildirib ki, onlar\u0131n bu c\u00fcr \u00e7\u0131x\u0131\u015flar\u0131na s\u0259b\u0259b \u201c\u00e7oxlu pul x\u0259rcl\u0259dikl\u0259ri\u201d se\u00e7kid\u0259 m\u0259\u011flub olmalar\u0131d\u0131r.<\/p>\n<p>\u018fslind\u0259, Erm\u0259nistan parlamenti \u00f6lk\u0259d\u0259 olan real m\u0259nz\u0259r\u0259ni t\u0259svir edir. Hakimiyy\u0259t t\u0259nqid\u0259 d\u00f6z\u00fcms\u00fcz yana\u015f\u0131r, ona qar\u015f\u0131 m\u00fcxalif fikirl\u0259ri h\u0259r v\u0259chl\u0259 bo\u011fma\u011fa \u00e7al\u0131\u015f\u0131r, m\u00fcxalif\u0259t is\u0259 \u00e7irkin \u0259m\u0259ll\u0259rind\u0259 he\u00e7 d\u0259 ondan geri qalm\u0131r. S\u00f6z\u00fcged\u0259n v\u0259ziyy\u0259t Erm\u0259nistan parlamentind\u0259 yuxar\u0131da qeyd olunan hallar\u0131n getdikc\u0259 \u00e7oxalmas\u0131na v\u0259 daha k\u0259skin xarakter almas\u0131na g\u0259tirib \u00e7\u0131xar\u0131r. \u00d6lk\u0259 parlamenti is\u0259 qanunverici orqan kimi mahiyy\u0259tini itirib, siyasi ehtiraslar\u0131n t\u00fc\u011fyan etdiyi teatr s\u0259hn\u0259sin\u0259 \u00e7evrilib.<\/p>\n","protected":false},"excerpt":{"rendered":"<p>Erm\u0259nistan parlamentind\u0259 m\u00fcxalif\u0259t-iqtidar davas\u0131 getdikc\u0259 q\u0131z\u0131\u015fma\u011fa ba\u015flay\u0131r. \u201cSputnik Erm\u0259nistan\u201d\u0131n m\u0259lumat\u0131na g\u00f6r\u0259, Erm\u0259nistan parlamentinin spikeri Alen Simonyan \u201cM\u0259nim \u015f\u0259r\u0259fim var\u201d blokunun deputat\u0131 Anne Mkrt\u00e7yan\u0131n parlamentin 11 avqust iclas\u0131nda i\u015ftirak\u0131n\u0131 qada\u011fan edib. Buna q\u0259d\u0259r art\u0131q deputata \u00e7\u0131x\u0131\u015f\u0131 zaman\u0131 ba\u015f nazir Nikol Pa\u015finyan\u0131 ad\u0131 il\u0259 m\u00fcraci\u0259t etdiyi\u00a0v\u0259 onu \u201ckapitulyant\u201d adland\u0131rd\u0131\u011f\u0131 \u00fc\u00e7\u00fcn x\u0259b\u0259rdarl\u0131q edilib. Bu d\u0259f\u0259 is\u0259 \u201cV\u0259t\u0259nda\u015f sazi\u015fi\u201d partiyas\u0131ndan olan deputat Eduard A\u011facanyan\u0131n Xarici \u018flaq\u0259l\u0259r \u00fczr\u0259 daimi komissiyan\u0131n r\u0259hb\u0259ri v\u0259zif\u0259sin\u0259 namiz\u0259dliyinin m\u00fczakir\u0259si zaman\u0131\u00a0Mkrt\u00e7yan hakimiyy\u0259ti k\u0259skin t\u0259nqid edib v\u0259 son s\u00f6zl\u0259ri bu c\u00fcr olub: \u201cB\u00fct\u00fcn bunlar\u0131n g\u00fcnahkar\u0131 is\u0259 sizin kapitulyant Nikolunuzdur\u201d. D\u0259rhal m\u00fcdaxil\u0259 ed\u0259n&hellip;<\/p>\n","protected":false},"author":2,"featured_media":365336,"comment_status":"closed","ping_status":"closed","sticky":false,"template":"","format":"standard","meta":{"om_disable_all_campaigns":false,"_monsterinsights_skip_tracking":false,"_monsterinsights_sitenote_active":false,"_monsterinsights_sitenote_note":"","_monsterinsights_sitenote_category":0},"categories":[7],"tags":[],"aioseo_notices":[],"gutentor_comment":0,"rttpg_featured_image_url":{"full":["https:\/\/arantv.az\/wp-content\/uploads\/2021\/08\/Untitled-1-247-1024x683-1.jpg",620,414,false],"landscape":["https:\/\/arantv.az\/wp-content\/uploads\/2021\/08\/Untitled-1-247-1024x683-1.jpg",620,414,false],"portraits":["https:\/\/arantv.az\/wp-content\/uploads\/2021\/08\/Untitled-1-247-1024x683-1.jpg",620,414,false],"thumbnail":["https:\/\/arantv.az\/wp-content\/uploads\/2021\/08\/Untitled-1-247-1024x683-1-500x280.jpg",500,280,true],"medium":["https:\/\/arantv.az\/wp-content\/uploads\/2021\/08\/Untitled-1-247-1024x683-1-547x365.jpg",547,365,true],"large":["https:\/\/arantv.az\/wp-content\/uploads\/2021\/08\/Untitled-1-247-1024x683-1.jpg",620,414,false],"1536x1536":["https:\/\/arantv.az\/wp-content\/uploads\/2021\/08\/Untitled-1-247-1024x683-1.jpg",620,414,false],"2048x2048":["https:\/\/arantv.az\/wp-content\/uploads\/2021\/08\/Untitled-1-247-1024x683-1.jpg",620,414,false],"post-thumbnail":["https:\/\/arantv.az\/wp-content\/uploads\/2021\/08\/Untitled-1-247-1024x683-1-240x172.jpg",240,172,true],"advps-thumb-one":["https:\/\/arantv.az\/wp-content\/uploads\/2021\/08\/Untitled-1-247-1024x683-1.jpg",620,414,false]},"rttpg_author":{"display_name":"V\u00fcsal Rafiqo\u011flu","author_link":"https:\/\/arantv.az\/?author=2"},"rttpg_comment":0,"rttpg_category":"<a href=\"https:\/\/arantv.az\/?cat=7\" rel=\"category\">D\u00fcnya<\/a>","rttpg_excerpt":"Erm\u0259nistan parlamentind\u0259 m\u00fcxalif\u0259t-iqtidar davas\u0131 getdikc\u0259 q\u0131z\u0131\u015fma\u011fa ba\u015flay\u0131r. \u201cSputnik Erm\u0259nistan\u201d\u0131n m\u0259lumat\u0131na g\u00f6r\u0259, Erm\u0259nistan parlamentinin spikeri Alen Simonyan \u201cM\u0259nim \u015f\u0259r\u0259fim var\u201d blokunun deputat\u0131 Anne Mkrt\u00e7yan\u0131n parlamentin 11 avqust iclas\u0131nda i\u015ftirak\u0131n\u0131 qada\u011fan edib. Buna q\u0259d\u0259r art\u0131q deputata \u00e7\u0131x\u0131\u015f\u0131 zaman\u0131 ba\u015f nazir Nikol Pa\u015finyan\u0131 ad\u0131 il\u0259 m\u00fcraci\u0259t etdiyi\u00a0v\u0259 onu \u201ckapitulyant\u201d adland\u0131rd\u0131\u011f\u0131 \u00fc\u00e7\u00fcn x\u0259b\u0259rdarl\u0131q edilib. Bu d\u0259f\u0259 is\u0259 \u201cV\u0259t\u0259nda\u015f sazi\u015fi\u201d&hellip;","_links":{"self":[{"href":"https:\/\/arantv.az\/index.php?rest_route=\/wp\/v2\/posts\/365335"}],"collection":[{"href":"https:\/\/arantv.az\/index.php?rest_route=\/wp\/v2\/posts"}],"about":[{"href":"https:\/\/arantv.az\/index.php?rest_route=\/wp\/v2\/types\/post"}],"author":[{"embeddable":true,"href":"https:\/\/arantv.az\/index.php?rest_route=\/wp\/v2\/users\/2"}],"replies":[{"embeddable":true,"href":"https:\/\/arantv.az\/index.php?rest_route=%2Fwp%2Fv2%2Fcomments&post=365335"}],"version-history":[{"count":0,"href":"https:\/\/arantv.az\/index.php?rest_route=\/wp\/v2\/posts\/365335\/revisions"}],"wp:featuredmedia":[{"embeddable":true,"href":"https:\/\/arantv.az\/index.php?rest_route=\/wp\/v2\/media\/365336"}],"wp:attachment":[{"href":"https:\/\/arantv.az\/index.php?rest_route=%2Fwp%2Fv2%2Fmedia&parent=365335"}],"wp:term":[{"taxonomy":"category","embeddable":true,"href":"https:\/\/arantv.az\/index.php?rest_route=%2Fwp%2Fv2%2Fcategories&post=365335"},{"taxonomy":"post_tag","embeddable":true,"href":"https:\/\/arantv.az\/index.php?rest_route=%2Fwp%2Fv2%2Ftags&post=365335"}],"curies":[{"name":"wp","href":"https:\/\/api.w.org\/{rel}","templated":true}]}}