{"id":365338,"date":"2021-08-11T12:58:14","date_gmt":"2021-08-11T09:58:14","guid":{"rendered":"http:\/\/arantv.az\/?p=365338"},"modified":"2021-08-11T12:58:14","modified_gmt":"2021-08-11T09:58:14","slug":"turkiy%c9%99d%c9%99-s%c9%99rnisin-t%c9%99yyar%c9%99sini-guclu-hava-boslugundan-cixaran-azal-in-pilotlari-mukafatlandirildi-foto","status":"publish","type":"post","link":"https:\/\/arantv.az\/?p=365338","title":{"rendered":"T\u00fcrkiy\u0259d\u0259 s\u0259rni\u015fin t\u0259yyar\u0259sini g\u00fccl\u00fc hava bo\u015flu\u011fundan \u00e7\u0131xaran AZAL-\u0131n pilotlar\u0131 m\u00fckafatland\u0131r\u0131ld\u0131 &#8211; FOTO"},"content":{"rendered":"<p>\u00c7\u0259r\u015f\u0259nb\u0259 g\u00fcn\u00fc, avqustun 11-d\u0259 \u201cAz\u0259rbaycan Hava Yollar\u0131\u201d r\u0259hb\u0259rliyi 10 min metrd\u0259n \u00e7ox y\u00fcks\u0259klikd\u0259 g\u00fccl\u00fc turbulentlik zonas\u0131nda t\u0259yyar\u0259nin idar\u0259 edilm\u0259si zaman\u0131 pe\u015f\u0259kar m\u0259har\u0259t g\u00f6st\u0259r\u0259n avia\u015firk\u0259t pilotlar\u0131 il\u0259 g\u00f6r\u00fc\u015f ke\u00e7irib.<\/p>\n<p>Xat\u0131rladaq ki, avqustun 7-d\u0259 \u0130stanbuldan Bak\u0131ya h\u0259r\u0259k\u0259t ed\u0259n \u201cAz\u0259rbaycan Hava Yollar\u0131\u201d avia\u015firk\u0259tinin \u201cAirbus A320\u201d t\u0259yyar\u0259si T\u00fcrkiy\u0259 s\u0259mas\u0131nda g\u00fccl\u00fc turbulentlik zonas\u0131na d\u00fc\u015f\u00fcb.<\/p>\n<p>AZAL-\u0131n prezidenti Cahangir \u018fsg\u0259rov g\u00fccl\u00fc turbulentlik zaman\u0131 bacar\u0131ql\u0131 h\u0259r\u0259k\u0259tl\u0259rin\u0259 g\u00f6r\u0259 pilotlar Emin Babayev\u0259, El\u015f\u0259n Sad\u0131qb\u0259yliy\u0259 v\u0259 M\u0259h\u0259mm\u0259d \u018fli\u0259sg\u0259rova t\u0259\u015f\u0259kk\u00fcr\u00fcn\u00fc bildirib v\u0259 onlara qiym\u0259tli h\u0259diyy\u0259l\u0259r t\u0259qdim edib.<\/p>\n<div id=\"AdviadNativeVideo0\" class=\"AdviadNativeVideo\"><\/div>\n<p>\u201cPilotlar t\u0259yyar\u0259ni g\u00fccl\u00fc turbulentlik zonas\u0131ndan \u00e7\u0131xararaq v\u0259ziyy\u0259ti n\u0259zar\u0259t\u0259 g\u00f6t\u00fcrm\u00fc\u015f v\u0259 \u015ftat rejimind\u0259 u\u00e7u\u015fu davam etdirmi\u015fl\u0259r\u201d, &#8211; dey\u0259 Cahangir \u018fsg\u0259rov qeyd edib.<\/p>\n<p>Onun s\u00f6zl\u0259rin\u0259 g\u00f6r\u0259, Az\u0259rbaycan\u0131n milli aviada\u015f\u0131y\u0131c\u0131s\u0131 u\u00e7u\u015flar\u0131n t\u0259hl\u00fck\u0259sizliyin\u0259 v\u0259 u\u00e7u\u015f hey\u0259tinin pe\u015f\u0259kar haz\u0131rl\u0131\u011f\u0131na h\u0259r zaman b\u00f6y\u00fck diqq\u0259t yetirir. Avia\u015firk\u0259tin pilotlar\u0131 t\u0259yyar\u0259nin m\u00fcxt\u0259lif \u015f\u0259raitd\u0259 idar\u0259 olunmas\u0131 zaman\u0131 ekipaj\u0131n h\u0259r\u0259k\u0259tl\u0259rini keyfiyy\u0259tli m\u0259\u015fq etm\u0259y\u0259 imkan ver\u0259n aviatrenajorlarda daim haz\u0131rl\u0131q ke\u00e7irl\u0259r.<\/p>\n<p>Cahangir \u018fsg\u0259rovun qeyd etdiyi kimi, turbulentlik &#8211; dem\u0259k olar ki, h\u0259r bir m\u00fclki aviasiya pilotunun \u00fczl\u0259\u015fdiyi tez-tez rast g\u0259lin\u0259n t\u0259bi\u0259t hadis\u0259sidir.<\/p>\n<p>Ayd\u0131n s\u0259mada turbulentliyi (AST) \u0259vv\u0259lc\u0259d\u0259n m\u00fc\u0259yy\u0259n etm\u0259k m\u00fcmk\u00fcn deyil, lakin t\u0259yyar\u0259l\u0259r \u00fc\u00e7\u00fcn he\u00e7 bir t\u0259hl\u00fck\u0259si yoxdur. U\u00e7u\u015f hey\u0259ti d\u0259 onlara g\u00f6st\u0259ril\u0259n diqq\u0259t\u0259 g\u00f6r\u0259 r\u0259hb\u0259rliy\u0259 t\u0259\u015f\u0259kk\u00fcr ed\u0259r\u0259k, g\u0259l\u0259c\u0259kd\u0259 d\u0259 pe\u015f\u0259 bacar\u0131qlar\u0131n\u0131n t\u0259kmill\u0259\u015fdirilm\u0259sin\u0259 v\u0259 u\u00e7u\u015flar\u0131n t\u0259hl\u00fck\u0259sizliyinin t\u0259min olunmas\u0131na davam ed\u0259c\u0259kl\u0259rini qeyd edib.<\/p>\n<p>&nbsp;<\/p>\n<div class=\"gallery\">\n<div class=\"gallery-i\"><img src=\"https:\/\/cdn.oxu.az\/uploads\/W1siZiIsIjIwMjEvMDgvMTEvMTMvNDEvNDEvYzE1NzdhZmYtM2E1MS00M2IzLWI1NGQtYzdlZTNiMWQ4Njk5LzIzNTk3ODcyMF84MTk0ODkyNjg3MDk1NDRfMTMyNzM0MDk2OTM3NDMwNjg2OV9uLmpwZyJdLFsicCIsImVuY29kZSIsImpwZyIsIi1xdWFsaXR5IDgwIl0sWyJwIiwidGh1bWIiLCI1OTB4NTkwXHUwMDNlIl1d?sha=856adc31c1c0d118\" alt=\"\" \/><\/div>\n<\/div>\n","protected":false},"excerpt":{"rendered":"<p>\u00c7\u0259r\u015f\u0259nb\u0259 g\u00fcn\u00fc, avqustun 11-d\u0259 \u201cAz\u0259rbaycan Hava Yollar\u0131\u201d r\u0259hb\u0259rliyi 10 min metrd\u0259n \u00e7ox y\u00fcks\u0259klikd\u0259 g\u00fccl\u00fc turbulentlik zonas\u0131nda t\u0259yyar\u0259nin idar\u0259 edilm\u0259si zaman\u0131 pe\u015f\u0259kar m\u0259har\u0259t g\u00f6st\u0259r\u0259n avia\u015firk\u0259t pilotlar\u0131 il\u0259 g\u00f6r\u00fc\u015f ke\u00e7irib. Xat\u0131rladaq ki, avqustun 7-d\u0259 \u0130stanbuldan Bak\u0131ya h\u0259r\u0259k\u0259t ed\u0259n \u201cAz\u0259rbaycan Hava Yollar\u0131\u201d avia\u015firk\u0259tinin \u201cAirbus A320\u201d t\u0259yyar\u0259si T\u00fcrkiy\u0259 s\u0259mas\u0131nda g\u00fccl\u00fc turbulentlik zonas\u0131na d\u00fc\u015f\u00fcb. AZAL-\u0131n prezidenti Cahangir \u018fsg\u0259rov g\u00fccl\u00fc turbulentlik zaman\u0131 bacar\u0131ql\u0131 h\u0259r\u0259k\u0259tl\u0259rin\u0259 g\u00f6r\u0259 pilotlar Emin Babayev\u0259, El\u015f\u0259n Sad\u0131qb\u0259yliy\u0259 v\u0259 M\u0259h\u0259mm\u0259d \u018fli\u0259sg\u0259rova t\u0259\u015f\u0259kk\u00fcr\u00fcn\u00fc bildirib v\u0259 onlara qiym\u0259tli h\u0259diyy\u0259l\u0259r t\u0259qdim edib. \u201cPilotlar t\u0259yyar\u0259ni g\u00fccl\u00fc turbulentlik zonas\u0131ndan \u00e7\u0131xararaq v\u0259ziyy\u0259ti n\u0259zar\u0259t\u0259 g\u00f6t\u00fcrm\u00fc\u015f v\u0259 \u015ftat rejimind\u0259 u\u00e7u\u015fu davam etdirmi\u015fl\u0259r\u201d,&hellip;<\/p>\n","protected":false},"author":2,"featured_media":365339,"comment_status":"closed","ping_status":"closed","sticky":false,"template":"","format":"standard","meta":{"om_disable_all_campaigns":false,"_monsterinsights_skip_tracking":false,"_monsterinsights_sitenote_active":false,"_monsterinsights_sitenote_note":"","_monsterinsights_sitenote_category":0},"categories":[26],"tags":[],"aioseo_notices":[],"gutentor_comment":0,"rttpg_featured_image_url":{"full":["https:\/\/arantv.az\/wp-content\/uploads\/2021\/08\/236053572_821566315196453_762421184615087685_n.jpg",620,424,false],"landscape":["https:\/\/arantv.az\/wp-content\/uploads\/2021\/08\/236053572_821566315196453_762421184615087685_n.jpg",620,424,false],"portraits":["https:\/\/arantv.az\/wp-content\/uploads\/2021\/08\/236053572_821566315196453_762421184615087685_n.jpg",620,424,false],"thumbnail":["https:\/\/arantv.az\/wp-content\/uploads\/2021\/08\/236053572_821566315196453_762421184615087685_n-500x280.jpg",500,280,true],"medium":["https:\/\/arantv.az\/wp-content\/uploads\/2021\/08\/236053572_821566315196453_762421184615087685_n-534x365.jpg",534,365,true],"large":["https:\/\/arantv.az\/wp-content\/uploads\/2021\/08\/236053572_821566315196453_762421184615087685_n.jpg",620,424,false],"1536x1536":["https:\/\/arantv.az\/wp-content\/uploads\/2021\/08\/236053572_821566315196453_762421184615087685_n.jpg",620,424,false],"2048x2048":["https:\/\/arantv.az\/wp-content\/uploads\/2021\/08\/236053572_821566315196453_762421184615087685_n.jpg",620,424,false],"post-thumbnail":["https:\/\/arantv.az\/wp-content\/uploads\/2021\/08\/236053572_821566315196453_762421184615087685_n-240x172.jpg",240,172,true],"advps-thumb-one":["https:\/\/arantv.az\/wp-content\/uploads\/2021\/08\/236053572_821566315196453_762421184615087685_n.jpg",620,424,false]},"rttpg_author":{"display_name":"V\u00fcsal Rafiqo\u011flu","author_link":"https:\/\/arantv.az\/?author=2"},"rttpg_comment":0,"rttpg_category":"<a href=\"https:\/\/arantv.az\/?cat=26\" rel=\"category\">Sosial<\/a>","rttpg_excerpt":"\u00c7\u0259r\u015f\u0259nb\u0259 g\u00fcn\u00fc, avqustun 11-d\u0259 \u201cAz\u0259rbaycan Hava Yollar\u0131\u201d r\u0259hb\u0259rliyi 10 min metrd\u0259n \u00e7ox y\u00fcks\u0259klikd\u0259 g\u00fccl\u00fc turbulentlik zonas\u0131nda t\u0259yyar\u0259nin idar\u0259 edilm\u0259si zaman\u0131 pe\u015f\u0259kar m\u0259har\u0259t g\u00f6st\u0259r\u0259n avia\u015firk\u0259t pilotlar\u0131 il\u0259 g\u00f6r\u00fc\u015f ke\u00e7irib. Xat\u0131rladaq ki, avqustun 7-d\u0259 \u0130stanbuldan Bak\u0131ya h\u0259r\u0259k\u0259t ed\u0259n \u201cAz\u0259rbaycan Hava Yollar\u0131\u201d avia\u015firk\u0259tinin \u201cAirbus A320\u201d t\u0259yyar\u0259si T\u00fcrkiy\u0259 s\u0259mas\u0131nda g\u00fccl\u00fc turbulentlik zonas\u0131na d\u00fc\u015f\u00fcb. AZAL-\u0131n prezidenti Cahangir \u018fsg\u0259rov g\u00fccl\u00fc turbulentlik&hellip;","_links":{"self":[{"href":"https:\/\/arantv.az\/index.php?rest_route=\/wp\/v2\/posts\/365338"}],"collection":[{"href":"https:\/\/arantv.az\/index.php?rest_route=\/wp\/v2\/posts"}],"about":[{"href":"https:\/\/arantv.az\/index.php?rest_route=\/wp\/v2\/types\/post"}],"author":[{"embeddable":true,"href":"https:\/\/arantv.az\/index.php?rest_route=\/wp\/v2\/users\/2"}],"replies":[{"embeddable":true,"href":"https:\/\/arantv.az\/index.php?rest_route=%2Fwp%2Fv2%2Fcomments&post=365338"}],"version-history":[{"count":0,"href":"https:\/\/arantv.az\/index.php?rest_route=\/wp\/v2\/posts\/365338\/revisions"}],"wp:featuredmedia":[{"embeddable":true,"href":"https:\/\/arantv.az\/index.php?rest_route=\/wp\/v2\/media\/365339"}],"wp:attachment":[{"href":"https:\/\/arantv.az\/index.php?rest_route=%2Fwp%2Fv2%2Fmedia&parent=365338"}],"wp:term":[{"taxonomy":"category","embeddable":true,"href":"https:\/\/arantv.az\/index.php?rest_route=%2Fwp%2Fv2%2Fcategories&post=365338"},{"taxonomy":"post_tag","embeddable":true,"href":"https:\/\/arantv.az\/index.php?rest_route=%2Fwp%2Fv2%2Ftags&post=365338"}],"curies":[{"name":"wp","href":"https:\/\/api.w.org\/{rel}","templated":true}]}}