{"id":365347,"date":"2021-08-11T13:03:55","date_gmt":"2021-08-11T10:03:55","guid":{"rendered":"http:\/\/arantv.az\/?p=365347"},"modified":"2021-08-11T13:03:55","modified_gmt":"2021-08-11T10:03:55","slug":"erm%c9%99nistanin-yalniz-az%c9%99rbaycanin-dikt%c9%99si-il%c9%99-yasamaq-sansi-qalib-deputat","status":"publish","type":"post","link":"https:\/\/arantv.az\/?p=365347","title":{"rendered":"Erm\u0259nistan\u0131n yaln\u0131z Az\u0259rbaycan\u0131n dikt\u0259si il\u0259 ya\u015famaq \u015fans\u0131 qal\u0131b &#8211; Deputat"},"content":{"rendered":"<p>\u00d6t\u0259n il sentyabr\u0131n 27-d\u0259n noyabr\u0131n 10-d\u0259k davam ed\u0259n 44 g\u00fcnl\u00fck V\u0259t\u0259n m\u00fcharib\u0259si Erm\u0259nistan\u0131n sars\u0131d\u0131c\u0131 m\u0259\u011flubiyy\u0259ti, Az\u0259rbaycan torpaqlar\u0131n\u0131n i\u015f\u011faldan azad edilm\u0259si il\u0259 n\u0259tic\u0259l\u0259ndi. M\u0259hz bu m\u00fcharib\u0259d\u0259 ordusu darmada\u011f\u0131n olan Erm\u0259nistan el\u0259 bir v\u0259ziyy\u0259t\u0259 d\u00fc\u015f\u00fcb ki, yaln\u0131z Az\u0259rbaycan\u0131n dikt\u0259si il\u0259 ya\u015famaq, inki\u015faf etm\u0259k \u015fans\u0131 qal\u0131b.<\/p>\n<p>Bunu\u00a0<a href=\"http:\/\/trend.az\/\" target=\"_blank\" rel=\"noopener\">Trend<\/a>-\u0259 Milli M\u0259clisin deputat\u0131 V\u00fcqar \u0130sk\u0259nd\u0259rov deyib.<\/p>\n<p><img src=\"https:\/\/img.milli.az\/2021\/08\/11\/971421.jpg\" alt=\"\" \/><\/p>\n<p>Deputat bildirib ki, d\u00fc\u015f\u00fcnm\u0259k olard\u0131 ki, bu \u00f6lk\u0259nin siyasi r\u0259hb\u0259rliyi n\u0259hay\u0259t ki, he\u00e7 olmasa bundan sonra a\u011f\u0131ll\u0131 q\u0259rarlar q\u0259bul etm\u0259kd\u0259 \u00f6z\u00fcn\u0259 g\u00fcc tapacaq:<\/p>\n<p>&#8220;Amma g\u00f6r\u00fcn\u0259n odur ki, bu \u00f6lk\u0259 h\u0259l\u0259 d\u0259 i\u015f\u011fal\u00e7\u0131, t\u0259xribat\u00e7\u0131 mahiyy\u0259tind\u0259n \u0259l \u00e7\u0259k\u0259 bilmir. H\u0259r halda Erm\u0259nistan t\u0259r\u0259find\u0259n s\u0259rh\u0259dd\u0259 m\u00fct\u0259madi olaraq at\u0259\u015fk\u0259sin pozulmas\u0131 bel\u0259 dem\u0259y\u0259 \u0259sas verir&#8221;.<\/p>\n<p>V.\u0130sk\u0259nd\u0259rovun s\u00f6zl\u0259rin\u0259 g\u00f6r\u0259, g\u00f6r\u00fcn\u00fcr Erm\u0259nistan\u0131n siyasi v\u0259 h\u0259rbi r\u0259hb\u0259rliyind\u0259n t\u0259msil oluananlar bu yolla, y\u0259ni, s\u0259rh\u0259dd\u0259 at\u0259\u015fk\u0259si pozmaqla n\u0259y\u0259s\u0259 nail olacaqla\u0131rn\u0131 d\u00fc\u015f\u00fcn\u00fcrl\u0259r:<\/p>\n<p>&#8220;Lakin onlar yan\u0131l\u0131rlar. \u00c7\u00fcnki ba\u015f ver\u0259nl\u0259r Erm\u0259nsitana m\u00fcsb\u0259t he\u00e7 n\u0259 v\u0259d etmir. \u018fksin\u0259 bu c\u00fcr t\u0259xribat\u00e7\u0131 \u0259m\u0259ll\u0259rd\u0259n \u0259l \u00e7\u0259km\u0259y\u0259c\u0259kl\u0259ri t\u0259qdird\u0259 b\u0259dxah qon\u015fular\u0131m\u0131z daha da a\u011f\u0131r v\u0259ziyy\u0259t\u0259 d\u00fc\u015f\u0259c\u0259kl\u0259r.<\/p>\n<p>H\u0259r k\u0259s\u0259 m\u0259lumdur ki, m\u00fcharib\u0259d\u0259 qalib g\u0259l\u0259n Az\u0259rbaycan regionda yeni reall\u0131qlar yarad\u0131b v\u0259 bu reall\u0131qlar\u0131n fonunda haz\u0131rda regionun he\u00e7 bir d\u00f6vl\u0259tin\u0259 Erm\u0259nsitanla h\u0259r hans\u0131 bir iqtisadi \u0259m\u0259kda\u015fl\u0131q maraql\u0131 deyil. \u00c7\u00fcnki haz\u0131rda \u015f\u0259rtl\u0259ri m\u0259\u011flub Erm\u0259nistan deyil, qalib Az\u0259rbaycan diqt\u0259 edir.Ona g\u00f6r\u0259 d\u0259 Erm\u0259nistan s\u0259rh\u0259dd\u0259 t\u0259xribat t\u00f6r\u0259tm\u0259y\u0259, at\u0259\u015fk\u0259si pozmaq kimi \u0259m\u0259ll\u0259r\u0259 bir anl\u0131q son qoyaraq, Az\u0259rbaycanla s\u0259rh\u0259dl\u0259rin m\u00fc\u0259yy\u0259n edilm\u0259si istiqam\u0259tind\u0259 i\u015f aparmal\u0131d\u0131r. \u018fks t\u0259qdird\u0259 onlar yen\u0259 d\u0259 ba\u015flar\u0131 \u00fcz\u0259rind\u0259 Az\u0259rbaycan\u0131n &#8220;d\u0259mir yumru\u011fu&#8221;nu g\u00f6r\u0259c\u0259kl\u0259r&#8221;.<\/p>\n","protected":false},"excerpt":{"rendered":"<p>\u00d6t\u0259n il sentyabr\u0131n 27-d\u0259n noyabr\u0131n 10-d\u0259k davam ed\u0259n 44 g\u00fcnl\u00fck V\u0259t\u0259n m\u00fcharib\u0259si Erm\u0259nistan\u0131n sars\u0131d\u0131c\u0131 m\u0259\u011flubiyy\u0259ti, Az\u0259rbaycan torpaqlar\u0131n\u0131n i\u015f\u011faldan azad edilm\u0259si il\u0259 n\u0259tic\u0259l\u0259ndi. M\u0259hz bu m\u00fcharib\u0259d\u0259 ordusu darmada\u011f\u0131n olan Erm\u0259nistan el\u0259 bir v\u0259ziyy\u0259t\u0259 d\u00fc\u015f\u00fcb ki, yaln\u0131z Az\u0259rbaycan\u0131n dikt\u0259si il\u0259 ya\u015famaq, inki\u015faf etm\u0259k \u015fans\u0131 qal\u0131b. Bunu\u00a0Trend-\u0259 Milli M\u0259clisin deputat\u0131 V\u00fcqar \u0130sk\u0259nd\u0259rov deyib. Deputat bildirib ki, d\u00fc\u015f\u00fcnm\u0259k olard\u0131 ki, bu \u00f6lk\u0259nin siyasi r\u0259hb\u0259rliyi n\u0259hay\u0259t ki, he\u00e7 olmasa bundan sonra a\u011f\u0131ll\u0131 q\u0259rarlar q\u0259bul etm\u0259kd\u0259 \u00f6z\u00fcn\u0259 g\u00fcc tapacaq: &#8220;Amma g\u00f6r\u00fcn\u0259n odur ki, bu \u00f6lk\u0259 h\u0259l\u0259 d\u0259 i\u015f\u011fal\u00e7\u0131, t\u0259xribat\u00e7\u0131 mahiyy\u0259tind\u0259n \u0259l \u00e7\u0259k\u0259 bilmir. H\u0259r halda Erm\u0259nistan&hellip;<\/p>\n","protected":false},"author":2,"featured_media":365348,"comment_status":"closed","ping_status":"closed","sticky":false,"template":"","format":"standard","meta":{"om_disable_all_campaigns":false,"_monsterinsights_skip_tracking":false,"_monsterinsights_sitenote_active":false,"_monsterinsights_sitenote_note":"","_monsterinsights_sitenote_category":0},"categories":[4],"tags":[],"aioseo_notices":[],"gutentor_comment":0,"rttpg_featured_image_url":{"full":["https:\/\/arantv.az\/wp-content\/uploads\/2021\/08\/ermenistan_0285.jpg",800,600,false],"landscape":["https:\/\/arantv.az\/wp-content\/uploads\/2021\/08\/ermenistan_0285.jpg",800,600,false],"portraits":["https:\/\/arantv.az\/wp-content\/uploads\/2021\/08\/ermenistan_0285.jpg",800,600,false],"thumbnail":["https:\/\/arantv.az\/wp-content\/uploads\/2021\/08\/ermenistan_0285-500x280.jpg",500,280,true],"medium":["https:\/\/arantv.az\/wp-content\/uploads\/2021\/08\/ermenistan_0285-487x365.jpg",487,365,true],"large":["https:\/\/arantv.az\/wp-content\/uploads\/2021\/08\/ermenistan_0285.jpg",640,480,false],"1536x1536":["https:\/\/arantv.az\/wp-content\/uploads\/2021\/08\/ermenistan_0285.jpg",800,600,false],"2048x2048":["https:\/\/arantv.az\/wp-content\/uploads\/2021\/08\/ermenistan_0285.jpg",800,600,false],"post-thumbnail":["https:\/\/arantv.az\/wp-content\/uploads\/2021\/08\/ermenistan_0285-240x172.jpg",240,172,true],"advps-thumb-one":["https:\/\/arantv.az\/wp-content\/uploads\/2021\/08\/ermenistan_0285.jpg",800,600,false]},"rttpg_author":{"display_name":"V\u00fcsal Rafiqo\u011flu","author_link":"https:\/\/arantv.az\/?author=2"},"rttpg_comment":0,"rttpg_category":"<a href=\"https:\/\/arantv.az\/?cat=4\" rel=\"category\">Siyas\u0259t<\/a>","rttpg_excerpt":"\u00d6t\u0259n il sentyabr\u0131n 27-d\u0259n noyabr\u0131n 10-d\u0259k davam ed\u0259n 44 g\u00fcnl\u00fck V\u0259t\u0259n m\u00fcharib\u0259si Erm\u0259nistan\u0131n sars\u0131d\u0131c\u0131 m\u0259\u011flubiyy\u0259ti, Az\u0259rbaycan torpaqlar\u0131n\u0131n i\u015f\u011faldan azad edilm\u0259si il\u0259 n\u0259tic\u0259l\u0259ndi. M\u0259hz bu m\u00fcharib\u0259d\u0259 ordusu darmada\u011f\u0131n olan Erm\u0259nistan el\u0259 bir v\u0259ziyy\u0259t\u0259 d\u00fc\u015f\u00fcb ki, yaln\u0131z Az\u0259rbaycan\u0131n dikt\u0259si il\u0259 ya\u015famaq, inki\u015faf etm\u0259k \u015fans\u0131 qal\u0131b. Bunu\u00a0Trend-\u0259 Milli M\u0259clisin deputat\u0131 V\u00fcqar \u0130sk\u0259nd\u0259rov deyib. Deputat bildirib ki, d\u00fc\u015f\u00fcnm\u0259k olard\u0131&hellip;","_links":{"self":[{"href":"https:\/\/arantv.az\/index.php?rest_route=\/wp\/v2\/posts\/365347"}],"collection":[{"href":"https:\/\/arantv.az\/index.php?rest_route=\/wp\/v2\/posts"}],"about":[{"href":"https:\/\/arantv.az\/index.php?rest_route=\/wp\/v2\/types\/post"}],"author":[{"embeddable":true,"href":"https:\/\/arantv.az\/index.php?rest_route=\/wp\/v2\/users\/2"}],"replies":[{"embeddable":true,"href":"https:\/\/arantv.az\/index.php?rest_route=%2Fwp%2Fv2%2Fcomments&post=365347"}],"version-history":[{"count":0,"href":"https:\/\/arantv.az\/index.php?rest_route=\/wp\/v2\/posts\/365347\/revisions"}],"wp:featuredmedia":[{"embeddable":true,"href":"https:\/\/arantv.az\/index.php?rest_route=\/wp\/v2\/media\/365348"}],"wp:attachment":[{"href":"https:\/\/arantv.az\/index.php?rest_route=%2Fwp%2Fv2%2Fmedia&parent=365347"}],"wp:term":[{"taxonomy":"category","embeddable":true,"href":"https:\/\/arantv.az\/index.php?rest_route=%2Fwp%2Fv2%2Fcategories&post=365347"},{"taxonomy":"post_tag","embeddable":true,"href":"https:\/\/arantv.az\/index.php?rest_route=%2Fwp%2Fv2%2Ftags&post=365347"}],"curies":[{"name":"wp","href":"https:\/\/api.w.org\/{rel}","templated":true}]}}